{"id":328562,"date":"2025-08-19T05:04:09","date_gmt":"2025-08-19T05:04:09","guid":{"rendered":"https:\/\/www.europesays.com\/fr\/328562\/"},"modified":"2025-08-19T05:04:09","modified_gmt":"2025-08-19T05:04:09","slug":"marseille-la-baisse-des-subventions-a-la-maison-de-la-corse-cree-la-polemique-une-offense-au-passe","status":"publish","type":"post","link":"https:\/\/www.europesays.com\/fr\/328562\/","title":{"rendered":"Marseille. La baisse des subventions \u00e0 la Maison de la Corse cr\u00e9e la pol\u00e9mique : \u00ab\u00a0Une offense au pass\u00e9\u00a0\u00bb"},"content":{"rendered":"<p>            Par<br \/>\n        <strong><br \/>\n            <a href=\"https:\/\/actu.fr\/auteur\/thibault-nadal-actu-fr\" title=\"Consulter tous les articles de Thibault Nadal\" rel=\"nofollow noopener\" target=\"_blank\">Thibault Nadal<\/a><br \/>\n        <\/strong><\/p>\n<p>        Publi\u00e9 le<\/p>\n<p>            19 ao\u00fbt 2025 \u00e0 6h04        <\/p>\n<p>Une pol\u00e9mique sur fond <a href=\"https:\/\/actu.fr\/marseille\/politique\/elections-municipales\" rel=\"nofollow noopener\" target=\"_blank\">d\u2019\u00e9lections municipales<\/a>. Le 11\u00a0juillet dernier, les \u00e9lus du Conseil municipal ont accord\u00e9 plusieurs subventions \u00e0 des associations, comme ils le font chaque ann\u00e9e. Une a suscit\u00e9 la controverse\u2009: celle attribu\u00e9e \u00e0 la F\u00e9d\u00e9ration des groupements corses de <a href=\"https:\/\/actu.fr\/marseille\/\" rel=\"nofollow noopener\" target=\"_blank\">Marseille<\/a> et des <a href=\"https:\/\/actu.fr\/provence-alpes-cote-d-azur\/bouches-du-rhone_13\" rel=\"nofollow noopener\" target=\"_blank\">Bouches-du-Rh\u00f4ne.<\/a> La maison de la Corse a re\u00e7u <strong>1000 euros<\/strong>, bien loin des 4\u2009000\u00a0euros demand\u00e9s. Mais plus que son montant actuel, c\u2019est sa baisse sur les derni\u00e8res ann\u00e9es qui a interpell\u00e9. Entre\u00a02019 et\u00a02025, <strong>elle a \u00e9t\u00e9 divis\u00e9e par huit<\/strong>, provoquant la col\u00e8re de ses membres et de certains \u00e9lus de l\u2019opposition.<\/p>\n<p>De 8\u2009000\u00a0euros en 2019 \u00e0 1\u2009000\u00a0euros en 2025<\/p>\n<p class=\" wall-content\">Un mois apr\u00e8s avoir vu son budget fondre, Jean Dal Coletto, pr\u00e9sident de la Maison des Corses, se souvient encore parfaitement de cette journ\u00e9e. \u00ab\u2009Mon t\u00e9l\u00e9phone n\u2019arr\u00eatait pas de sonner, rembobine celui qui est \u00e0 la t\u00eate de l\u2019association depuis 2016. <strong>Beaucoup de nos compatriotes \u00e9taient \u00e9mus<\/strong> et ont propos\u00e9 de faire des dons\u2009\u00bb.<\/p>\n<p class=\" wall-content\">Car les sommes attribu\u00e9es par la mairie de Marseille repr\u00e9sentent beaucoup pour cette association. Le responsable explique que les 4\u2009000\u00a0euros demand\u00e9s \u00e0 la mairie de Marseille servent uniquement \u00e0 couvrir les frais engendr\u00e9s par les chants polyphoniques, une partie infime des activit\u00e9s.<\/p>\n<p class=\" wall-content\">Car la Maison de Corse propose bien plus que de la musique. <strong>Cr\u00e9\u00e9e en 1959<\/strong>, elle regroupe aujourd\u2019hui 26 associations avec pour mission de faire \u00ab\u2009le lien entre la Corse et le Continent\u2009\u00bb. Parce que les attaches entre Marseille et <a href=\"https:\/\/actu.fr\/corse\/\" rel=\"nofollow noopener\" target=\"_blank\">l\u2019\u00eele de Beaut\u00e9<\/a> sont nombreuses et surtout tr\u00e8s anciens. \u00ab\u2009Il y a une vieille histoire entre nos deux territoires\u2009\u00bb, assure Jean Dal Coletto qui parle de <strong>Marseille comme de la \u00ab\u2009premi\u00e8re ville Corse au monde\u2009\u00bb<\/strong>, par sa population pr\u00e9sente en masse.<\/p>\n<p class=\" wall-content\">Mais sans cet argent, c\u2019est tout un mod\u00e8le qui s\u2019effondre\u2009: \u00ab\u2009Le fait d\u2019avoir une telle restriction, <strong>\u00e7a nous oblige \u00e0 changer notre politique<\/strong>\u2009\u00bb, regrette le pr\u00e9sident, qui cite l\u2019exemple du prochain concert organis\u00e9 par l\u2019association. \u00ab\u2009En temps normal, il aurait \u00e9t\u00e9 gratuit, mais l\u00e0, on va devoir faire payer un droit d\u2019entr\u00e9e.\u2009\u00bb<\/p>\n<p>\u00ab\u2009Les Corses de Marseille valent mieux qu\u2019une heure de parcm\u00e8tre\u2009\u00bb<\/p>\n<p class=\" wall-content\">Plus que l\u2019aspect financier, c\u2019est le manque de consid\u00e9ration \u00e0 l\u2019\u00e9gard de l\u2019association qui chagrine cet ancien gendarme \u00e0 la retraite. \u00ab\u2009\u00c7a nous a beaucoup affect\u00e9s, car ici, il y a quelque chose tous les soirs. On a l\u2019impression de ne pas \u00eatre reconnu\u2009\u00bb, soupire encore Jean Dal Coletto.<\/p>\n<p class=\" wall-content\">Historien reconnu, Michel Verge Franceschi a rappel\u00e9 sur <a href=\"https:\/\/www.facebook.com\/jean.dalcolletto\" rel=\"nofollow noopener\" target=\"_blank\">les r\u00e9seaux sociaux<\/a> le pass\u00e9 commun entre la Corse et Marseille\u2009:<\/p>\n<p>Votre r\u00e9gion, votre actu !<\/p>\n<p>Recevez chaque jour les infos qui comptent pour vous.<\/p>\n<p>\t<a href=\"https:\/\/actu.fr\/newsletter\" class=\"ac-btn ac-btn--corner ac-btn--medium ac-btn--blue800\" rel=\"nofollow noopener\" target=\"_blank\">S&rsquo;incrire<\/a><\/p>\n<blockquote class=\"ac-article-quote wall-content\">\n<p>Il me semble que cinq si\u00e8cles de services continus par les Corses au grand port phoc\u00e9en de Charles VIII \u00e0 la destruction du quartier du Panier par les Allemands m\u00e9ritent autre chose que cette offense au pass\u00e9, \u00e0 l\u2019Histoire et \u00e0 l\u2019Honneur. 1\u2009000\u00a0euros pour 500\u00a0ans, 2\u00a0euros par an. Les Corses de Marseille valent mieux qu\u2019une heure de parcm\u00e8tre.<\/p>\n<p>    <strong\/>\n            <\/p><\/blockquote>\n<p>\u00ab\u2009La Ville m\u00e9prise les Corses\u2009\u00bb<\/p>\n<p class=\" wall-content\">Avant lui, c\u2019est Catherine Pila, conseill\u00e8re d\u2019opposition (Une Volont\u00e9 pour Marseille) qui avait port\u00e9 cette affaire dans le d\u00e9bat public. Contact\u00e9e par actu Marseille, celle qui est aussi conseill\u00e8re m\u00e9tropolitaine et pr\u00e9sidente de <a href=\"https:\/\/actu.fr\/tag\/rtm\" rel=\"nofollow noopener\" target=\"_blank\">la RTM<\/a>, d\u00e9nonce <strong>le \u00ab\u2009en m\u00eame temps <\/strong>de l\u2019\u00e9quipe municipale et de <a href=\"https:\/\/actu.fr\/tag\/benoit-payan\" rel=\"nofollow noopener\" target=\"_blank\">Beno\u00eet Payan<\/a>\u2009\u00bb.<\/p>\n<p class=\" wall-content\">Elle reproche au maire (DVG) de Marseille de faire la promotion d\u2019un concert de chanteurs corses dans le cadre de l\u2019\u00c9t\u00e9 marseillais, tout en baissant les subventions. <strong>\u00ab\u2009La Ville m\u00e9prise les Corses\u2009\u00bb<\/strong>, peste-t-elle.<\/p>\n<p>    <a href=\"https:\/\/www.facebook.com\/plugins\/post.php?href=https%3A%2F%2Fwww.facebook.com%2Fcatherine.pila.5%2Fposts%2Fpfbid02oFNufR5KHTkDwxr8shq5LVhBrAc1dCyyK6tnehrBCFhTZG2tzrc8kTyFHjz8PTTal&amp;show_text=true&amp;width=350\" title=\"Ouvrie le lien\" rel=\"nofollow noopener\" target=\"_blank\">Cliquez ici pour visualiser le contenu<\/a><\/p>\n<p class=\" wall-content\">Aupr\u00e8s d\u2019actu Marseille, Ahmed Heddadi r\u00e9fute ces accusations\u2009: \u00ab\u2009Dire que les subventions ont \u00e9t\u00e9 divis\u00e9es par huit, c\u2019est faux\u2009\u00bb. Selon l\u2019adjoint au maire en charge du lien social, de la Vie associative, des Centres sociaux, du Bel \u00e2ge et de l\u2019Animation urbaine, la faute se situerait plut\u00f4t du c\u00f4t\u00e9 corse. \u00ab\u2009Quand on fait une demande de subvention, on fait la d\u00e9marche de pr\u00e9senter son projet, or, <strong>je n\u2019ai jamais rencontr\u00e9 le moindre membre de la Maison de la Corse<\/strong>\u2009\u00bb, assure-t-il.<\/p>\n<p>Une situation amen\u00e9e \u00e0 se r\u00e9gler dans les prochains mois<\/p>\n<p class=\" wall-content\">Selon lui, <strong>c\u2019est l\u2019association elle-m\u00eame qui aurait baiss\u00e9 ses demandes<\/strong>. Du c\u00f4t\u00e9 de Jean Dal Coletto, on r\u00e9torque ne pas avoir eu le choix apr\u00e8s s\u2019\u00eatre vu accorder plusieurs subventions en de\u00e7\u00e0 du montant demand\u00e9. \u00ab\u2009Je me suis m\u00eame demand\u00e9 si j\u2019allais faire une demande cette ann\u00e9e\u2009\u00bb, soupire le pr\u00e9sident de la Maison de la Corse.<\/p>\n<p class=\" wall-content\">Il critique aussi Catherine Pila, qui, selon lui, <strong>s\u2019empare de ce dossier \u00ab\u2009\u00e0 huit mois d\u2019une \u00e9ch\u00e9ance \u00e9lectorale\u2009\u00bb<\/strong>. Refusant de rentrer dans un jeu de surench\u00e8res, celle qui est aussi la pr\u00e9sidente de la RTM rappelle qu\u2019elle est la seule \u00e9lue \u00e0 participer \u00e0 \u00ab\u2009Capu d\u2019annu\u2009\u00bb, la c\u00e9r\u00e9monie des v\u0153ux pour la nouvelle ann\u00e9e.<\/p>\n<p class=\" wall-content\">Pour mettre fin \u00e0 la pol\u00e9mique, Ahmed Heddadi annonce que la Maison de la Corse <strong>recevra bien la somme demand\u00e9e lors de la prochaine session du Conseil municipal<\/strong>, pr\u00e9vue en octobre. Un \u00ab\u2009soulagement\u2009\u00bb pour Jean Dal Coletto. Une victoire pour Catherine Pila, ravie que son \u00ab\u2009coup de gueule\u2009\u00bb ait eu un impact.<\/p>\n<p class=\" wall-content\">Personnalisez votre actualit\u00e9 en ajoutant vos villes et m\u00e9dias en favori avec <a href=\"https:\/\/moncompte.actu.fr\" title=\"D\u00e9couvez Mon Actu\" rel=\"nofollow noopener\" data-trk=\"{&quot;cta&quot;:{&quot;action&quot;:&quot;https:\\\/\\\/moncompte.actu.fr&quot;,&quot;category&quot;:&quot;mon compte&quot;,&quot;from&quot;:&quot;article footer&quot;,&quot;name&quot;:&quot;Mon actu&quot;,&quot;type&quot;:&quot;cta&quot;}}\" target=\"_blank\">Mon Actu<\/a>.<\/p>\n","protected":false},"excerpt":{"rendered":"Par Thibault Nadal Publi\u00e9 le 19 ao\u00fbt 2025 \u00e0 6h04 Une pol\u00e9mique sur fond d\u2019\u00e9lections municipales. Le 11\u00a0juillet&hellip;\n","protected":false},"author":2,"featured_media":328563,"comment_status":"","ping_status":"","sticky":false,"template":"","format":"standard","meta":{"footnotes":""},"categories":[2814],"tags":[1111,11,1261,6469,1777,674,1011,27,884,12,882,25,104],"class_list":{"0":"post-328562","1":"post","2":"type-post","3":"status-publish","4":"format-standard","5":"has-post-thumbnail","7":"category-marseille","8":"tag-actu","9":"tag-actualites","10":"tag-argent","11":"tag-benoit-payan","12":"tag-eu","13":"tag-europe","14":"tag-fr","15":"tag-france","16":"tag-marseille","17":"tag-news","18":"tag-provence-alpes-cote-dazur","19":"tag-republique-francaise","20":"tag-societe"},"share_on_mastodon":{"url":"https:\/\/pubeurope.com\/@fr\/115053688569960992","error":""},"_links":{"self":[{"href":"https:\/\/www.europesays.com\/fr\/wp-json\/wp\/v2\/posts\/328562","targetHints":{"allow":["GET"]}}],"collection":[{"href":"https:\/\/www.europesays.com\/fr\/wp-json\/wp\/v2\/posts"}],"about":[{"href":"https:\/\/www.europesays.com\/fr\/wp-json\/wp\/v2\/types\/post"}],"author":[{"embeddable":true,"href":"https:\/\/www.europesays.com\/fr\/wp-json\/wp\/v2\/users\/2"}],"replies":[{"embeddable":true,"href":"https:\/\/www.europesays.com\/fr\/wp-json\/wp\/v2\/comments?post=328562"}],"version-history":[{"count":0,"href":"https:\/\/www.europesays.com\/fr\/wp-json\/wp\/v2\/posts\/328562\/revisions"}],"wp:featuredmedia":[{"embeddable":true,"href":"https:\/\/www.europesays.com\/fr\/wp-json\/wp\/v2\/media\/328563"}],"wp:attachment":[{"href":"https:\/\/www.europesays.com\/fr\/wp-json\/wp\/v2\/media?parent=328562"}],"wp:term":[{"taxonomy":"category","embeddable":true,"href":"https:\/\/www.europesays.com\/fr\/wp-json\/wp\/v2\/categories?post=328562"},{"taxonomy":"post_tag","embeddable":true,"href":"https:\/\/www.europesays.com\/fr\/wp-json\/wp\/v2\/tags?post=328562"}],"curies":[{"name":"wp","href":"https:\/\/api.w.org\/{rel}","templated":true}]}}