{"id":328570,"date":"2025-08-19T05:09:10","date_gmt":"2025-08-19T05:09:10","guid":{"rendered":"https:\/\/www.europesays.com\/fr\/328570\/"},"modified":"2025-08-19T05:09:10","modified_gmt":"2025-08-19T05:09:10","slug":"feux-de-foret-et-animaux-peuvent-ils-cohabiter","status":"publish","type":"post","link":"https:\/\/www.europesays.com\/fr\/328570\/","title":{"rendered":"feux de for\u00eat et animaux, peuvent-ils cohabiter\u00a0?"},"content":{"rendered":"<p>            Par<br \/>\n        <strong><br \/>\n            <a href=\"https:\/\/actu.fr\/auteur\/paul-varenguin02-actu-fr\" title=\"Consulter tous les articles de Paul Varenguin\" target=\"_blank\" rel=\"noopener\">Paul Varenguin<\/a><br \/>\n        <\/strong><\/p>\n<p>        Publi\u00e9 le<\/p>\n<p>            19 ao\u00fbt 2025 \u00e0 7h00        <\/p>\n<p>Bien souvent, quand on pense aux for\u00eats, on pense aux arbres et aux foug\u00e8res. Mais, si on n\u2019est pas s\u00fbr d\u2019y avoir crois\u00e9 Robin des Bois, on est en revanche certains que les for\u00eats sont habit\u00e9es par <b>une riche faune sauvage<\/b>. <br \/>Mais quelles sont les cons\u00e9quences sur les animaux, lorsqu\u2019un feu ravage leur milieu de vie ? C\u2019est la question que nous avons pos\u00e9e \u00e0 l\u2019<b>Office national des for\u00eats<\/b> (ONF).<\/p>\n<p>Un comportement, une esp\u00e8ce : des r\u00e9actions vari\u00e9es face au feu<\/p>\n<p class=\" wall-content\">Sangliers, cerfs, renards, blaireaux et autres h\u00e9rissons, l\u00e9zards et insectes peuplent, sans qu\u2019on les remarque forc\u00e9ment, nos for\u00eats. Mais, quand un incendie se d\u00e9clare, leurs rep\u00e8res sont chamboul\u00e9s, et, \u00e9videmment, <b>beaucoup tentent de fuir<\/b>. \u00ab Mais le comportement face au feu varie d\u2019une esp\u00e8ce \u00e0 une autre. <b>Les plus lents<\/b> peuvent \u00eatre les premi\u00e8res victimes car ils n\u2019arrivent pas forc\u00e9ment \u00e0 s\u2019\u00e9chapper \u00e0 temps. Cela peut \u00eatre le cas des l\u00e9zards, des h\u00e9rissons, ou encore des batraciens \u00bb, explique<b> Julien Simon<\/b>, chef du service for\u00eat \u00e0 l\u2019Agence territoriale \u00cele-de-France Est de l\u2019ONF, \u00e0 <a href=\"https:\/\/actu.fr\/ile-de-france\/fontainebleau_77186\" target=\"_blank\" rel=\"noopener\">Fontainebleau<\/a>. <br \/>Oiseaux et grands animaux, eux, ont plus de facilit\u00e9s \u00e0 s\u2019enfuir. D\u2019autres esp\u00e8ces parviennent aussi \u00e0 d\u00e9tecter le feu un peu plus t\u00f4t, quand d\u2019autres se terrent. <br \/>Mais il reste une variable \u00e0 prendre en compte : <b>la nature du feu.<\/b> Si, dans le sud de la France, on peut avoir un feu courant, qui parcourt une longue distance plus ou moins rapidement, ce n\u2019est pas le cas dans un massif tel que Fontainebleau. \u00ab En \u00cele-de-France, on a surtout des feux couvant : c\u2019est-\u00e0-dire qu\u2019il reste plus ou moins sur place, et couve \u00bb, pr\u00e9cise-t-il. Aussi, les surfaces br\u00fbl\u00e9es sont souvent moindres dans les for\u00eats franciliennes, en comparaison avec ce que l\u2019on trouve dans le Midi.<\/p>\n<p>\u00ab\u00a0La faune est chamboul\u00e9e\u00a0\u00bb : cons\u00e9quences sur l\u2019habitat<\/p>\n<p class=\" wall-content\">\u00ab Le vrai probl\u00e8me, c\u2019est la <b>destruction de l\u2019habitat <\/b>\u00bb. Le constat pos\u00e9 par Julien Simon est clair et pr\u00e9cis, lorsqu\u2019il \u00e9voque les cons\u00e9quences d\u2019un incendie sur la faune.<\/p>\n<p class=\" wall-content\">Et pour cause. Apr\u00e8s le feu, <b>il n\u2019y a plus d\u2019endroit o\u00f9 nicher,<\/b> s\u2019enterrer peut \u00eatre difficile. \u00ab On a par exemple des esp\u00e8ces qui nichent dans les arbres, comme les pics, qui peuvent \u00eatre impact\u00e9s \u00bb, rappelle-t-il. <br \/>Surtout, il n\u2019y a plus forc\u00e9ment de quoi se nourrir pour les animaux, et notamment les herbivores. \u00ab Ils vont donc se d\u00e9placer vers d\u2019autres zones. Cela peut g\u00e9n\u00e9rer du <b>stress<\/b>, car ils arrivent dans un milieu d\u00e9j\u00e0 occup\u00e9, et les animaux sont souvent habitu\u00e9s \u00e0 avoir leur propre secteur \u00bb, poursuit-il. <br \/>Cette arriv\u00e9e plus ou moins massive de nouveaux individus peut aussi g\u00e9n\u00e9rer des <b>tensions entre les animaux <\/b>: il y a plus d\u2019estomacs \u00e0 remplir pour un volume de nourriture inchang\u00e9.<\/p>\n<p class=\" wall-content\">Notons \u00e9galement que la structure de la for\u00eat est modifi\u00e9e. L\u00e0 o\u00f9 l\u2019on pouvait trouver un fort ombrage et une grande vari\u00e9t\u00e9 parmi les essences d\u2019arbres, il n\u2019y a parfois plus rien apr\u00e8s le sinistre. Cons\u00e9quence :<b> le peuplement par la faune est chamboul\u00e9<\/b>, du moins \u00e0 moyen terme. \u00ab Les animaux les moins sensibles reviennent les premiers. C\u2019est par exemple le cas des animaux \u00e0 sang froid, qui sont moins g\u00ean\u00e9s par un ensoleillement plus important \u00bb, d\u00e9veloppe-t-il. <br \/>Moins visibles mais tout aussi importants, les insectes sont aussi fortement perturb\u00e9s par les incendies, puisque la flore a disparu. Et le retour de certaines esp\u00e8ces peut \u00eatre conditionn\u00e9 \u00e0 la pousse de certaines essences v\u00e9g\u00e9tales particuli\u00e8res.<\/p>\n<blockquote class=\"ac-article-quote wall-content\">\n<p>Les animaux les plus lents peuvent \u00eatre les premi\u00e8res victimes car ils n\u2019arrivent pas forc\u00e9ment \u00e0 s\u2019\u00e9chapper \u00e0 temps. Cela peut \u00eatre le cas des l\u00e9zards, des h\u00e9rissons, ou encore des batraciens.<\/p>\n<p>Julien Simon, chef du service for\u00eat \u00e0 l\u2019Agence territoriale \u00cele-de-France Est de l\u2019ONF, \u00e0 Fontainebleau.<\/p><\/blockquote>\n<p>Quelle strat\u00e9gie ?<\/p>\n<p class=\" wall-content\">Une autre question peut venir \u00e0 l\u2019esprit lorsqu\u2019on \u00e9voque la destruction d\u2019une surface bois\u00e9e par le feu : <b>que fait-on des animaux qui auraient p\u00e9ri dans le feu ?<\/b> \u00ab La strat\u00e9gie de l\u2019ONF, c\u2019est de laisser la nature faire son travail \u00bb, reprend Julien Simon.<\/p>\n<p>Votre r\u00e9gion, votre actu !<\/p>\n<p>Recevez chaque jour les infos qui comptent pour vous.<\/p>\n<p>\t<a href=\"https:\/\/actu.fr\/newsletter\" class=\"ac-btn ac-btn--corner ac-btn--medium ac-btn--blue800\" target=\"_blank\" rel=\"noopener\">S&rsquo;incrire<\/a><\/p>\n<p class=\" wall-content\">Il l\u2019assure, apr\u00e8s un incendie, l\u2019ONF n\u2019engage pas de recherches particuli\u00e8res. La nature fera comme \u00e0 son habitude\u2026<\/p>\n<p class=\" wall-content\">Personnalisez votre actualit\u00e9 en ajoutant vos villes et m\u00e9dias en favori avec <a href=\"https:\/\/moncompte.actu.fr\" title=\"D\u00e9couvez Mon Actu\" rel=\"nofollow noopener\" data-trk=\"{&quot;cta&quot;:{&quot;action&quot;:&quot;https:\\\/\\\/moncompte.actu.fr&quot;,&quot;category&quot;:&quot;mon compte&quot;,&quot;from&quot;:&quot;article footer&quot;,&quot;name&quot;:&quot;Mon actu&quot;,&quot;type&quot;:&quot;cta&quot;}}\" target=\"_blank\">Mon Actu<\/a>.<\/p>\n","protected":false},"excerpt":{"rendered":"Par Paul Varenguin Publi\u00e9 le 19 ao\u00fbt 2025 \u00e0 7h00 Bien souvent, quand on pense aux for\u00eats, on&hellip;\n","protected":false},"author":2,"featured_media":328571,"comment_status":"","ping_status":"","sticky":false,"template":"","format":"standard","meta":{"footnotes":""},"categories":[1592],"tags":[1111,11,1867,1777,674,27571,5183,1011,27,662,12,626,25,104],"class_list":{"0":"post-328570","1":"post","2":"type-post","3":"status-publish","4":"format-standard","5":"has-post-thumbnail","7":"category-ile-de-france","8":"tag-actu","9":"tag-actualites","10":"tag-animaux","11":"tag-eu","12":"tag-europe","13":"tag-feux-de-foret","14":"tag-foret","15":"tag-fr","16":"tag-france","17":"tag-ile-de-france","18":"tag-news","19":"tag-paris","20":"tag-republique-francaise","21":"tag-societe"},"share_on_mastodon":{"url":"https:\/\/pubeurope.com\/@fr\/115053708225216208","error":""},"_links":{"self":[{"href":"https:\/\/www.europesays.com\/fr\/wp-json\/wp\/v2\/posts\/328570","targetHints":{"allow":["GET"]}}],"collection":[{"href":"https:\/\/www.europesays.com\/fr\/wp-json\/wp\/v2\/posts"}],"about":[{"href":"https:\/\/www.europesays.com\/fr\/wp-json\/wp\/v2\/types\/post"}],"author":[{"embeddable":true,"href":"https:\/\/www.europesays.com\/fr\/wp-json\/wp\/v2\/users\/2"}],"replies":[{"embeddable":true,"href":"https:\/\/www.europesays.com\/fr\/wp-json\/wp\/v2\/comments?post=328570"}],"version-history":[{"count":0,"href":"https:\/\/www.europesays.com\/fr\/wp-json\/wp\/v2\/posts\/328570\/revisions"}],"wp:featuredmedia":[{"embeddable":true,"href":"https:\/\/www.europesays.com\/fr\/wp-json\/wp\/v2\/media\/328571"}],"wp:attachment":[{"href":"https:\/\/www.europesays.com\/fr\/wp-json\/wp\/v2\/media?parent=328570"}],"wp:term":[{"taxonomy":"category","embeddable":true,"href":"https:\/\/www.europesays.com\/fr\/wp-json\/wp\/v2\/categories?post=328570"},{"taxonomy":"post_tag","embeddable":true,"href":"https:\/\/www.europesays.com\/fr\/wp-json\/wp\/v2\/tags?post=328570"}],"curies":[{"name":"wp","href":"https:\/\/api.w.org\/{rel}","templated":true}]}}