{"id":328574,"date":"2025-08-19T05:11:21","date_gmt":"2025-08-19T05:11:21","guid":{"rendered":"https:\/\/www.europesays.com\/fr\/328574\/"},"modified":"2025-08-19T05:11:21","modified_gmt":"2025-08-19T05:11:21","slug":"le-paris-fc-frappe-un-nouveau-grand-coup-avec-willem-geubbels","status":"publish","type":"post","link":"https:\/\/www.europesays.com\/fr\/328574\/","title":{"rendered":"Le Paris FC frappe un nouveau grand coup avec Willem Geubbels !"},"content":{"rendered":"<p>Le <a href=\"https:\/\/www.footmercato.net\/club\/paris-fc\/\" rel=\"nofollow noopener\" target=\"_blank\">Paris FC<\/a> est inarr\u00eatable sur ce mercato estival. Apr\u00e8s avoir d\u00e9j\u00e0 attir\u00e9 dans ses filets Otavio (17 M\u20ac depuis Porto), Nhoa Sangui (9,5 M\u20ac depuis Reims), Moses Simon (7 M\u20ac de Nantes) et Thibault De Smet (1,5 M\u20ac en provenance de Reims) pour environ 35 M\u20ac, le club francilien ne compte pas s\u2019arr\u00eater en si bon chemin. Ce samedi soir, le PFC a ainsi officialis\u00e9 un nouveau renfort, en la personne de <a href=\"https:\/\/www.footmercato.net\/joueur\/willem-geubbels\/\" rel=\"nofollow noopener\" target=\"_blank\">Willem Geubbels<\/a>. <\/p>\n<p>            La suite apr\u00e8s cette publicit\u00e9<\/p>\n<p>Comme nous vous le r\u00e9v\u00e9lions en exclusivit\u00e9 ces derniers jours, le promu francilien a trouv\u00e9 les mots justes pour attirer l\u2019ancien attaquant de l\u2019OL, de l\u2019AS Monaco et du FC Nantes. Brillant du c\u00f4t\u00e9 de Saint-Gall, le Fran\u00e7ais de 24 ans va donc retrouver la <a href=\"https:\/\/www.footmercato.net\/france\/ligue-1\/\" rel=\"nofollow noopener\" target=\"_blank\">Ligue 1<\/a>, lui qui sortait d\u2019une saison plus qu\u2019int\u00e9ressante avec 17 buts et 3 passes d\u00e9cisives toutes comp\u00e9titions confondues. Fort de trois buts en autant de matchs, contribuant largement \u00e0 placer son \u00e9quipe en t\u00eate du championnat apr\u00e8s trois journ\u00e9es, Geubbels va donc finalement quitter la Suisse.<\/p>\n<p>        La plus grosse vente de l\u2019histoire de Saint-Gall !<\/p>\n<p>Pist\u00e9 par Lens, Rennes, Toulouse et de nombreuses \u00e9curies europ\u00e9ennes, le natif de Villeurbanne va venir renforcer les lignes offensives du PFC, d\u00e9j\u00e0 occup\u00e9es par Moses Simon, Jean-Philippe Krasso, Mathieu Cafaro ou encore Lamine Gueye. \u00abLe Paris FC est heureux d\u2019annoncer la signature de Willem Geubbels en provenance du FC Saint-Gall. L\u2019attaquant fran\u00e7ais de 24 ans s\u2019est engag\u00e9 avec le club de la capitale jusqu\u2019en 2030\u00bb, pr\u00e9cise \u00e0 ce titre le communiqu\u00e9 du club pour officialiser la nouvelle. Une op\u00e9ration qui va d\u2019ailleurs rapporter 9 M\u20ac avec des bonus suppl\u00e9mentaires au FC Saint-Gall, soit la plus grosse vente de l\u2019histoire du club suisse (apr\u00e8s les 3,5 M\u20ac de Charles Amoah en 2000 pour Sturm Graz), preuve de l\u2019importance prise par Geubbels depuis son arriv\u00e9e et de la valeur qu\u2019il a su cr\u00e9er gr\u00e2ce \u00e0 ses performances. <\/p>\n<p>            La suite apr\u00e8s cette publicit\u00e9<\/p>\n<p>Un nouveau tr\u00e8s joli coup qui ne devrait toutefois pas cl\u00f4turer le mercato du PFC. Ces derniers jours, nous vous \u00e9voquions, ainsi, <a href=\"https:\/\/www.footmercato.net\/a5237616490273323684-accord-paris-fc-real-sociedad-pour-hamari-traore\" rel=\"nofollow noopener\" target=\"_blank\">les pistes menant \u00e0 Hamari Traor\u00e9<\/a> mais aussi \u00e0 <a href=\"https:\/\/www.footmercato.net\/a284939223266110654-le-paris-fc-avance-pour-amadou-haidara\" rel=\"nofollow noopener\" target=\"_blank\">Amadou Haidaira du RB Leipzig<\/a> ou encore <a href=\"https:\/\/www.footmercato.net\/a115892671663914601-fc-nantes-les-raisons-du-malaise-matthis-abline\" rel=\"nofollow noopener\" target=\"_blank\">Matthis Abline dont les offres ont jusque-l\u00e0 \u00e9t\u00e9 repouss\u00e9es par le FC Nantes<\/a>. Vous l\u2019aurez compris, le Paris FC compte bien marquer les esprits. <\/p>\n<p>\n    Pub. le 17\/08\/2025 11:09<br \/>\n            &#8211; MAJ le 18\/08\/2025 09:12\n    <\/p>\n","protected":false},"excerpt":{"rendered":"Le Paris FC est inarr\u00eatable sur ce mercato estival. Apr\u00e8s avoir d\u00e9j\u00e0 attir\u00e9 dans ses filets Otavio (17&hellip;\n","protected":false},"author":2,"featured_media":319065,"comment_status":"","ping_status":"","sticky":false,"template":"","format":"standard","meta":{"footnotes":""},"categories":[1888],"tags":[1111,1928,11,1927,1777,674,1011,27,12,1926,626,1925,25],"class_list":{"0":"post-328574","1":"post","2":"type-post","3":"status-publish","4":"format-standard","5":"has-post-thumbnail","7":"category-paris","8":"tag-actu","9":"tag-actu-paris","10":"tag-actualites","11":"tag-actualites-paris","12":"tag-eu","13":"tag-europe","14":"tag-fr","15":"tag-france","16":"tag-news","17":"tag-news-paris","18":"tag-paris","19":"tag-paris-news","20":"tag-republique-francaise"},"share_on_mastodon":{"url":"https:\/\/pubeurope.com\/@fr\/115053716091545132","error":""},"_links":{"self":[{"href":"https:\/\/www.europesays.com\/fr\/wp-json\/wp\/v2\/posts\/328574","targetHints":{"allow":["GET"]}}],"collection":[{"href":"https:\/\/www.europesays.com\/fr\/wp-json\/wp\/v2\/posts"}],"about":[{"href":"https:\/\/www.europesays.com\/fr\/wp-json\/wp\/v2\/types\/post"}],"author":[{"embeddable":true,"href":"https:\/\/www.europesays.com\/fr\/wp-json\/wp\/v2\/users\/2"}],"replies":[{"embeddable":true,"href":"https:\/\/www.europesays.com\/fr\/wp-json\/wp\/v2\/comments?post=328574"}],"version-history":[{"count":0,"href":"https:\/\/www.europesays.com\/fr\/wp-json\/wp\/v2\/posts\/328574\/revisions"}],"wp:featuredmedia":[{"embeddable":true,"href":"https:\/\/www.europesays.com\/fr\/wp-json\/wp\/v2\/media\/319065"}],"wp:attachment":[{"href":"https:\/\/www.europesays.com\/fr\/wp-json\/wp\/v2\/media?parent=328574"}],"wp:term":[{"taxonomy":"category","embeddable":true,"href":"https:\/\/www.europesays.com\/fr\/wp-json\/wp\/v2\/categories?post=328574"},{"taxonomy":"post_tag","embeddable":true,"href":"https:\/\/www.europesays.com\/fr\/wp-json\/wp\/v2\/tags?post=328574"}],"curies":[{"name":"wp","href":"https:\/\/api.w.org\/{rel}","templated":true}]}}