{"id":32858,"date":"2025-04-18T01:31:09","date_gmt":"2025-04-18T01:31:09","guid":{"rendered":"https:\/\/www.europesays.com\/fr\/32858\/"},"modified":"2025-04-18T01:31:09","modified_gmt":"2025-04-18T01:31:09","slug":"cest-simple-on-a-perdu-80-du-chiffre-daffaires-les-epiciers-de-nuit-de-marseille-manifestent-ce-jeudi","status":"publish","type":"post","link":"https:\/\/www.europesays.com\/fr\/32858\/","title":{"rendered":"\u00ab\u00a0C\u2019est simple, on a perdu 80\u00a0% du chiffre d\u2019affaires\u00a0\u00bb\u00a0: les \u00e9piciers de nuit de Marseille manifestent ce jeudi"},"content":{"rendered":"<p class=\"paragraph text_align_left\">Toujours remont\u00e9s contre l\u2019arr\u00eat\u00e9 de la pr\u00e9fecture de police qui les oblige \u00e0 tirer le rideau de 22 heures \u00e0 6 heures du matin pour \u00e9viter des nuisances d\u00e9nonc\u00e9es par des riverains, <a href=\"https:\/\/www.leparisien.fr\/bouches-du-rhone-13\/cris-alcool-rodeos-marseille-teste-la-fermeture-des-epiceries-de-nuit-a-22-heures-28-02-2025-ZWFPUNPFF5BDNJWA26XDC6JVVA.php\" target=\"_blank\" rel=\"noopener\">les \u00e9piciers de nuit marseillais<\/a> r\u00e9unis en collectif vont de nouveau manifester ce jeudi 17 avril.<\/p>\n<p class=\"paragraph text_align_left\">C\u2019est en effet lundi 21 avril que prendra fin <a href=\"https:\/\/www.leparisien.fr\/bouches-du-rhone-13\/une-mesure-trop-generale-les-epiceries-de-nuit-de-marseille-se-rebiffent-contre-la-fermeture-a-22-heures-10-03-2025-OO56T7NGQJB3BDEXNQIBZGB34Q.php\" target=\"_blank\" rel=\"noopener\">ce test <\/a>pour les huit premiers arrondissements de la cit\u00e9 phoc\u00e9enne sans que les principaux concern\u00e9s ne sachent quelle sera la suite, d\u2019autant que le pr\u00e9fet de police qui avait pris cette d\u00e9cision a, depuis, \u00e9t\u00e9 remplac\u00e9. \u00ab Bien s\u00fbr qu\u2019il y a des probl\u00e8mes avec certains commerces, comme la vente de drogue ou d\u2019alcool, mais ce sont eux qu\u2019il faut fermer, pas tous ceux qui travaillent bien et respectent les r\u00e8gles \u00bb, d\u00e9nonce Bibi, un \u00e9picier du centre.<\/p>\n<p>\u00ab \u00c7a manque \u00e0 la vie de quartier \u00bb<\/p>\n<p class=\"paragraph text_align_left\">\u00ab C\u2019est simple, le commerce a perdu 80 % de son chiffre d\u2019affaires et pour moi ce sont des heures de travail en plus puisqu\u2019il n\u2019y a plus de rel\u00e8ve pour la nuit \u00bb, t\u00e9moigne Myriam, employ\u00e9e dans une \u00e9picerie proche du Vieux-Port. \u00ab C\u2019est rageant parce que nous n\u2019avons jamais eu aucun probl\u00e8me et que les touristes commencent \u00e0 arriver. On risque de passer \u00e0 c\u00f4t\u00e9 de la saison alors que les bars et restaurant peuvent, eux, rester ouverts. \u00bb \u00ab Je passais tous les soirs apr\u00e8s le travail pour faire quelques achats avant de rentrer, ce n\u2019est plus possible et \u00e7a manque \u00e0 la vie de quartier \u00bb, confirme Teddy, l\u2019un de ses clients r\u00e9guliers.<\/p>\n<p class=\"paragraph text_align_left\">\u00ab La d\u00e9cision de prendre un nouvel arr\u00eat\u00e9, et les potentielles modalit\u00e9s si cela \u00e9tait le cas, sont bien entendu li\u00e9es \u00e0 l\u2019analyse de l\u2019effet de ce premier arr\u00eat\u00e9 en mati\u00e8re d\u2019ordre public. Cette analyse est en cours \u00bb, indique la pr\u00e9fecture de police qui pr\u00e9voit une communication en fin de semaine.<\/p>\n","protected":false},"excerpt":{"rendered":"Toujours remont\u00e9s contre l\u2019arr\u00eat\u00e9 de la pr\u00e9fecture de police qui les oblige \u00e0 tirer le rideau de 22&hellip;\n","protected":false},"author":2,"featured_media":32859,"comment_status":"","ping_status":"","sticky":false,"template":"","format":"standard","meta":{"footnotes":""},"categories":[2814],"tags":[1111,917,11,11004,459,33,1777,674,1011,27,884,12,882,25],"class_list":{"0":"post-32858","1":"post","2":"type-post","3":"status-publish","4":"format-standard","5":"has-post-thumbnail","7":"category-marseille","8":"tag-actu","9":"tag-actu-locale","10":"tag-actualites","11":"tag-bouches-du-rhone-13","12":"tag-departements-horsidfo","13":"tag-economie","14":"tag-eu","15":"tag-europe","16":"tag-fr","17":"tag-france","18":"tag-marseille","19":"tag-news","20":"tag-provence-alpes-cote-dazur","21":"tag-republique-francaise"},"share_on_mastodon":{"url":"https:\/\/pubeurope.com\/@fr\/114356386777480008","error":""},"_links":{"self":[{"href":"https:\/\/www.europesays.com\/fr\/wp-json\/wp\/v2\/posts\/32858","targetHints":{"allow":["GET"]}}],"collection":[{"href":"https:\/\/www.europesays.com\/fr\/wp-json\/wp\/v2\/posts"}],"about":[{"href":"https:\/\/www.europesays.com\/fr\/wp-json\/wp\/v2\/types\/post"}],"author":[{"embeddable":true,"href":"https:\/\/www.europesays.com\/fr\/wp-json\/wp\/v2\/users\/2"}],"replies":[{"embeddable":true,"href":"https:\/\/www.europesays.com\/fr\/wp-json\/wp\/v2\/comments?post=32858"}],"version-history":[{"count":0,"href":"https:\/\/www.europesays.com\/fr\/wp-json\/wp\/v2\/posts\/32858\/revisions"}],"wp:featuredmedia":[{"embeddable":true,"href":"https:\/\/www.europesays.com\/fr\/wp-json\/wp\/v2\/media\/32859"}],"wp:attachment":[{"href":"https:\/\/www.europesays.com\/fr\/wp-json\/wp\/v2\/media?parent=32858"}],"wp:term":[{"taxonomy":"category","embeddable":true,"href":"https:\/\/www.europesays.com\/fr\/wp-json\/wp\/v2\/categories?post=32858"},{"taxonomy":"post_tag","embeddable":true,"href":"https:\/\/www.europesays.com\/fr\/wp-json\/wp\/v2\/tags?post=32858"}],"curies":[{"name":"wp","href":"https:\/\/api.w.org\/{rel}","templated":true}]}}