{"id":328580,"date":"2025-08-19T05:15:10","date_gmt":"2025-08-19T05:15:10","guid":{"rendered":"https:\/\/www.europesays.com\/fr\/328580\/"},"modified":"2025-08-19T05:15:10","modified_gmt":"2025-08-19T05:15:10","slug":"apres-la-reunion-a-la-maison-blanche-denormes-obstacles-subsistent-sur-la-voie-de-la-paix-en-ukraine","status":"publish","type":"post","link":"https:\/\/www.europesays.com\/fr\/328580\/","title":{"rendered":"Apr\u00e8s la r\u00e9union \u00e0 la Maison-Blanche, \u201cd\u2019\u00e9normes obstacles subsistent sur la voie de la paix\u201d en Ukraine"},"content":{"rendered":"\n<p>Les dirigeants des pays europ\u00e9ens et de l\u2019Otan ont pr\u00e9sent\u00e9, lundi 18\u00a0ao\u00fbt, \u201cun front uni\u201d avec le pr\u00e9sident ukrainien Volodymyr Zelensky, en rencontrant le pr\u00e9sident am\u00e9ricain Donald Trump \u00e0 Washington, <a class=\"ithalc\" data-ithal=\"lien_externe\" data-ithalc=\"[nav_article]\" target=\"_blank\" href=\"https:\/\/www.washingtonpost.com\/politics\/2025\/08\/18\/trump-zelensky-europeans-ukraine-war\/\" rel=\"nofollow noopener\">rapporte le <strong>Washington Post<\/strong>.<\/a><\/p>\n<p>Cette \u201cd\u00e9l\u00e9gation exceptionnelle\u201d, <a class=\"ithalc\" data-ithal=\"lien_externe\" data-ithalc=\"[nav_article]\" target=\"_blank\" href=\"https:\/\/www.nytimes.com\/live\/2025\/08\/18\/us\/trump-zelensky-ukraine-putin\" rel=\"nofollow noopener\">selon les mots du <strong>New York Times<\/strong>,<\/a> s\u2019\u00e9tait pr\u00e9cipit\u00e9e \u00e0 la Maison-Blanche dans l\u2019espoir d\u2019\u00e9loigner le pr\u00e9sident Donald Trump de certaines concessions qu\u2019il semblait pr\u00eat \u00e0 accorder au Kremlin pour mettre fin \u00e0 la guerre en Ukraine.<\/p>\n<p>Le pr\u00e9sident ukrainien \u00e9tait accompagn\u00e9 par le chancelier allemand, Friedrich Merz, le pr\u00e9sident fran\u00e7ais, Emmanuel Macron, le Premier ministre britannique, Keir Starmer, la pr\u00e9sidente du Conseil italien, Giorgia Meloni, la pr\u00e9sidente de la Commission europ\u00e9enne Ursula von der Leyen, ainsi que le secr\u00e9taire g\u00e9n\u00e9ral de l\u2019OTAN, Mark Rutte.<\/p>\n<p>Donald Trump a r\u00e9serv\u00e9 un accueil \u201ccourtois\u201d \u00e0 Volodymyr Zelensky, \u201cce qui contraste fortement avec sa visite en f\u00e9vrier\u201d, o\u00f9 il avait \u00e9t\u00e9 expuls\u00e9 de la Maison-Blanche apr\u00e8s une r\u00e9union qui s\u2019\u00e9tait transform\u00e9e \u201cen attaque verbale\u201d de la part de Trump, note le Washington Post. Mais cet accueil \u00e9tait \u201cloin du tapis rouge et du survol de bombardiers B-2 qui avaient accueilli le pr\u00e9sident russe Vladimir Poutine \u00e0 son arriv\u00e9e vendredi pour rencontrer Trump \u00e0 Anchorage\u201d, en Alaska.<\/p>\n<p>L\u2019occupant du Bureau ovale s\u2019est \u00e9galement montr\u00e9 \u201cparticuli\u00e8rement affable\u201d envers les dirigeants europ\u00e9ens, \u201cavec lesquels il a eu des relations instables\u201d,<a class=\"ithalc\" data-ithal=\"lien_externe\" data-ithalc=\"[nav_article]\" target=\"_blank\" href=\"https:\/\/thehill.com\/homenews\/administration\/5458636-trump-zelensky-eu-leaders-meet\/\" rel=\"nofollow noopener\"> souligne <strong>The Hill.<\/strong><\/a><\/p>\n<p>Donald \u201cTrump s\u2019est r\u00e9joui du tableau de lundi, d\u00e9clarant que la Maison-Blanche n\u2019avait jamais vu un tel rassemblement de pr\u00e9sidents et de premiers ministres\u201d, raconte le Washington Post. Les dirigeants europ\u00e9ens avaient \u201ctous laiss\u00e9 tomber leurs activit\u00e9s pour se pr\u00e9cipiter \u00e0 Washington afin de tenter de sauver la s\u00e9curit\u00e9 de l\u2019Ukraine\u201d.<\/p>\n<p>               Une rencontre Poutine-Zelensky se dessine       <\/p>\n<p>Le pr\u00e9sident am\u00e9ricain a ensuite appel\u00e9 Vladimir Poutine alors que Volodymyr Zelensky et les autres dirigeants europ\u00e9ens \u00e9taient encore \u00e0 la Maison-Blanche, selon les m\u00e9dias am\u00e9ricains. Les Europ\u00e9ens ont rejoint M. Trump dans le Bureau ovale apr\u00e8s la fin de l\u2019appel.<\/p>\n<p>Les dirigeants se sont \u201cmontr\u00e9s optimistes concernant les perspectives de trouver un moyen de mettre fin \u00e0 la guerre en Ukraine\u201d, <a class=\"ithalc\" data-ithal=\"lien_externe\" data-ithalc=\"[nav_article]\" target=\"_blank\" href=\"https:\/\/www.wsj.com\/livecoverage\/trump-zelensky-meeting-russia-ukraine?mod=WSJ_home_mediumtopper_pos_1\" rel=\"nofollow noopener\">souligne le <strong>Wall Street Journal<\/strong>.<\/a><\/p>\n<p>Donald Trump a annonc\u00e9 lundi au terme de cette \u201ctr\u00e8s bonne\u201d r\u00e9union avec Volodymyr Zelensky et plusieurs dirigeants europ\u00e9ens qu\u2019il allait \u201ccommencer les pr\u00e9paratifs\u201d d\u2019une rencontre entre le pr\u00e9sident ukrainien et Vladimir Poutine.<\/p>\n<p>                        \u201cDivergences marqu\u00e9es\u201d       <\/p>\n<p>L\u2019ambiance \u00e9tait \u201cpositive\u201d lundi, remarque The Hill. Volodymyr Zelensky s\u2019est montr\u00e9 enthousiaste \u00e0 propos de sa \u201ctr\u00e8s bonne\u201d conversation avec Trump. Mark Rutte, de l\u2019Otan, s\u2019est dit \u201cvraiment enthousiaste\u201d quant aux perspectives de paix, tandis que Keir Starmer a affirm\u00e9 qu\u2019il y avait une chance de \u201cprogr\u00e8s r\u00e9els vers un r\u00e9sultat juste et durable\u201d.<\/p>\n<p>Mais \u201cd\u2019\u00e9normes obstacles subsistent sur la voie de la paix\u201d. Atteindre ce but \u201csera extr\u00eamement difficile\u201d car \u201crien de ce qui a \u00e9t\u00e9 dit lundi n\u2019a chang\u00e9 les contours sous-jacents du conflit\u201d. Le site juge toutefois que les dirigeants europ\u00e9ens ont, \u201cdans l\u2019ensemble\u201d, \u201catteint leurs deux buts interd\u00e9pendants\u00a0: \u00e9viter que le pr\u00e9sident ukrainien ne subisse \u00e0 nouveau l\u2019humiliation qu\u2019il avait connue dans le Bureau ovale [en f\u00e9vrier], et d\u00e9fendre plus largement les int\u00e9r\u00eats de Kiev\u201d.<\/p>\n<p>Pour le Washington Post, \u00e0 l\u2019issue de discussions de plusieurs heures, \u201cdes divergences marqu\u00e9es subsistaient entre les dirigeants europ\u00e9ens et Trump\u201d. \u201cLe pr\u00e9sident am\u00e9ricain a d\u00e9clar\u00e9 que Poutine \u00e9tait pr\u00eat pour la paix, alors m\u00eame qu\u2019il poursuivait ses bombardements sur l\u2019Ukraine et exigeait des concessions radicales et douloureuses pour mettre fin \u00e0 la guerre.\u201d <\/p>\n<p>De plus, \u201cil n\u2019y a pas eu de progr\u00e8s imm\u00e9diat vers le cessez-le-feu r\u00e9clam\u00e9 par l\u2019Ukraine, et les Europ\u00e9ens ont demand\u00e9 plus de d\u00e9tails sur les promesses potentielles de Washington pour aider \u00e0 garantir la s\u00e9curit\u00e9 de Kiev\u201d.<\/p>\n","protected":false},"excerpt":{"rendered":"Les dirigeants des pays europ\u00e9ens et de l\u2019Otan ont pr\u00e9sent\u00e9, lundi 18\u00a0ao\u00fbt, \u201cun front uni\u201d avec le pr\u00e9sident&hellip;\n","protected":false},"author":2,"featured_media":328581,"comment_status":"","ping_status":"","sticky":false,"template":"","format":"standard","meta":{"footnotes":""},"categories":[1590],"tags":[11,3822,75,1777,674,1892,131,12,4409,770,220],"class_list":{"0":"post-328580","1":"post","2":"type-post","3":"status-publish","4":"format-standard","5":"has-post-thumbnail","7":"category-ukraine","8":"tag-actualites","9":"tag-amu00e9riques","10":"tag-donald-trump","11":"tag-eu","12":"tag-europe","13":"tag-gu00e9opolitique","14":"tag-guerre-en-ukraine","15":"tag-news","16":"tag-ru00e9veil","17":"tag-u00e9tats-unis","18":"tag-ukraine"},"share_on_mastodon":{"url":"https:\/\/pubeurope.com\/@fr\/115053731717581562","error":""},"_links":{"self":[{"href":"https:\/\/www.europesays.com\/fr\/wp-json\/wp\/v2\/posts\/328580","targetHints":{"allow":["GET"]}}],"collection":[{"href":"https:\/\/www.europesays.com\/fr\/wp-json\/wp\/v2\/posts"}],"about":[{"href":"https:\/\/www.europesays.com\/fr\/wp-json\/wp\/v2\/types\/post"}],"author":[{"embeddable":true,"href":"https:\/\/www.europesays.com\/fr\/wp-json\/wp\/v2\/users\/2"}],"replies":[{"embeddable":true,"href":"https:\/\/www.europesays.com\/fr\/wp-json\/wp\/v2\/comments?post=328580"}],"version-history":[{"count":0,"href":"https:\/\/www.europesays.com\/fr\/wp-json\/wp\/v2\/posts\/328580\/revisions"}],"wp:featuredmedia":[{"embeddable":true,"href":"https:\/\/www.europesays.com\/fr\/wp-json\/wp\/v2\/media\/328581"}],"wp:attachment":[{"href":"https:\/\/www.europesays.com\/fr\/wp-json\/wp\/v2\/media?parent=328580"}],"wp:term":[{"taxonomy":"category","embeddable":true,"href":"https:\/\/www.europesays.com\/fr\/wp-json\/wp\/v2\/categories?post=328580"},{"taxonomy":"post_tag","embeddable":true,"href":"https:\/\/www.europesays.com\/fr\/wp-json\/wp\/v2\/tags?post=328580"}],"curies":[{"name":"wp","href":"https:\/\/api.w.org\/{rel}","templated":true}]}}