{"id":328582,"date":"2025-08-19T05:16:11","date_gmt":"2025-08-19T05:16:11","guid":{"rendered":"https:\/\/www.europesays.com\/fr\/328582\/"},"modified":"2025-08-19T05:16:11","modified_gmt":"2025-08-19T05:16:11","slug":"face-a-trump-les-anciens-presidents-americains-ne-veulent-pas-risquer-de-compromettre-la-fonction-en-parlant-de-facon-irreflechie","status":"publish","type":"post","link":"https:\/\/www.europesays.com\/fr\/328582\/","title":{"rendered":"Face \u00e0 Trump, \u00ab\u00a0les anciens pr\u00e9sidents am\u00e9ricains ne veulent pas risquer de compromettre la fonction en parlant de fa\u00e7on irr\u00e9fl\u00e9chie\u00a0\u00bb"},"content":{"rendered":"<p>                         <img loading=\"lazy\" decoding=\"async\" src=\"https:\/\/www.europesays.com\/fr\/wp-content\/uploads\/2025\/08\/add69e2_756fce7be5d048da8abfd7d81b9ebfeb-0-d6b040648c8e46bfbea8d703a04a776c.jpg\" alt=\"L\u2019ancien pr\u00e9sident des Etats-Unis Barack Obama, lors d\u2019un rassemblement en faveur de la candidate d\u00e9mocrate Kamala Harris, au stade James-R.-Hallford, \u00e0 Clarkston, en G\u00e9orgie, le 24\u00a0octobre 2024.\"   width=\"664\" height=\"443\"\/>    L\u2019ancien pr\u00e9sident des Etats-Unis Barack Obama, lors d\u2019un rassemblement en faveur de la candidate d\u00e9mocrate Kamala Harris, au stade James-R.-Hallford, \u00e0 Clarkston, en G\u00e9orgie, le 24\u00a0octobre 2024.  JULIA DEMAREE NIKHINSON\/AP                 <\/p>\n<p class=\"article__paragraph  \">Mark Updegrove est historien, sp\u00e9cialis\u00e9 dans l\u2019histoire des pr\u00e9sidents am\u00e9ricains. Il est l\u2019auteur de nombreux livres, parmi lesquels Second Acts\u00a0: Presidential Lives and Legacies After the White House (\u00ab\u00a0Actes II\u00a0: vies et h\u00e9ritages des pr\u00e9sidents apr\u00e8s la Maison Blanche\u00a0\u00bb, Lyons Press, 2006, non traduit) et Make Your Mark\u00a0: Lessons in Character from Seven Presidents (\u00ab\u00a0Laisser son empreinte\u00a0: le\u00e7ons de caract\u00e8re de sept pr\u00e9sidents\u00a0\u00bb, HarperCollins, 160\u00a0pages, 22,50\u00a0euros, non traduit).<\/p>\n<p>                Aux Etats-Unis, les anciens pr\u00e9sidents ont-ils une fonction clairement d\u00e9finie\u00a0?           <\/p>\n<p class=\"article__paragraph  \">Non, il n\u2019existe aucun r\u00f4le officiel li\u00e9 au fait d\u2019\u00eatre un ancien pr\u00e9sident. C\u2019est \u00e0 celui-ci de d\u00e9cider du r\u00f4le qu\u2019il souhaite jouer dans le pays ou dans le monde, ou s\u2019il pr\u00e9f\u00e8re s\u2019effacer.\u00a0Jimmy Carter est le premier pr\u00e9sident moderne \u00e0 avoir eu une vie tr\u00e8s active apr\u00e8s avoir quitt\u00e9 la Maison Blanche. Il a poursuivi les m\u00eames objectifs que lorsqu\u2019il dirigeait le pays, notamment \u0153uvrer pour la paix et les droits humains.<\/p>\n<p class=\"article__paragraph  \">Il a cr\u00e9\u00e9, au sein de sa biblioth\u00e8que pr\u00e9sidentielle [lieux o\u00f9 sont pr\u00e9serv\u00e9es et rendues accessibles les archives des anciens pr\u00e9sidents], le Carter Center, une fondation pour mener des actions que, selon lui, l\u2019Organisation des Nations unies ou les grandes organisations non gouvernementales ne prenaient pas en charge. Autant de choses qui lui ont valu, vingt ans apr\u00e8s avoir quitt\u00e9 la pr\u00e9sidence, de recevoir le prix Nobel de la paix.<\/p>\n<p class=\"reading-mode-only \"><strong>Il vous reste 76.4% de cet article \u00e0 lire. La suite est r\u00e9serv\u00e9e aux abonn\u00e9s.<\/strong><\/p>\n","protected":false},"excerpt":{"rendered":"L\u2019ancien pr\u00e9sident des Etats-Unis Barack Obama, lors d\u2019un rassemblement en faveur de la candidate d\u00e9mocrate Kamala Harris, au&hellip;\n","protected":false},"author":2,"featured_media":328583,"comment_status":"","ping_status":"","sticky":false,"template":"","format":"standard","meta":{"footnotes":""},"categories":[1589],"tags":[11,73,1866,12,1864,1865,1863,308],"class_list":{"0":"post-328582","1":"post","2":"type-post","3":"status-publish","4":"format-standard","5":"has-post-thumbnail","7":"category-etats-unis","8":"tag-actualites","9":"tag-etats-unis","10":"tag-etats-unis-damerique","11":"tag-news","12":"tag-united-states","13":"tag-united-states-of-america","14":"tag-us","15":"tag-usa"},"share_on_mastodon":{"url":"https:\/\/pubeurope.com\/@fr\/115053736005654782","error":""},"_links":{"self":[{"href":"https:\/\/www.europesays.com\/fr\/wp-json\/wp\/v2\/posts\/328582","targetHints":{"allow":["GET"]}}],"collection":[{"href":"https:\/\/www.europesays.com\/fr\/wp-json\/wp\/v2\/posts"}],"about":[{"href":"https:\/\/www.europesays.com\/fr\/wp-json\/wp\/v2\/types\/post"}],"author":[{"embeddable":true,"href":"https:\/\/www.europesays.com\/fr\/wp-json\/wp\/v2\/users\/2"}],"replies":[{"embeddable":true,"href":"https:\/\/www.europesays.com\/fr\/wp-json\/wp\/v2\/comments?post=328582"}],"version-history":[{"count":0,"href":"https:\/\/www.europesays.com\/fr\/wp-json\/wp\/v2\/posts\/328582\/revisions"}],"wp:featuredmedia":[{"embeddable":true,"href":"https:\/\/www.europesays.com\/fr\/wp-json\/wp\/v2\/media\/328583"}],"wp:attachment":[{"href":"https:\/\/www.europesays.com\/fr\/wp-json\/wp\/v2\/media?parent=328582"}],"wp:term":[{"taxonomy":"category","embeddable":true,"href":"https:\/\/www.europesays.com\/fr\/wp-json\/wp\/v2\/categories?post=328582"},{"taxonomy":"post_tag","embeddable":true,"href":"https:\/\/www.europesays.com\/fr\/wp-json\/wp\/v2\/tags?post=328582"}],"curies":[{"name":"wp","href":"https:\/\/api.w.org\/{rel}","templated":true}]}}