{"id":328584,"date":"2025-08-19T05:17:14","date_gmt":"2025-08-19T05:17:14","guid":{"rendered":"https:\/\/www.europesays.com\/fr\/328584\/"},"modified":"2025-08-19T05:17:14","modified_gmt":"2025-08-19T05:17:14","slug":"le-royaume-uni-abandonne-la-porte-derobee-icloud","status":"publish","type":"post","link":"https:\/\/www.europesays.com\/fr\/328584\/","title":{"rendered":"Le Royaume-Uni abandonne la porte d\u00e9rob\u00e9e iCloud"},"content":{"rendered":"<p><img decoding=\"async\" src=\"https:\/\/www.europesays.com\/fr\/wp-content\/uploads\/2025\/08\/royaume-uni-abandonne-idee-porte-derobee-icloud-acceder-donnees-americaines.jpg\" style=\"max-width:100%\"\/><\/p>\n<p>Le gouvernement britannique a d\u00e9cid\u00e9 de faire marche arri\u00e8re sur une directive controvers\u00e9e qui aurait contraint Apple \u00e0 fournir une porte d\u00e9rob\u00e9e donnant acc\u00e8s aux donn\u00e9es des utilisateurs am\u00e9ricains. Cette annonce a \u00e9t\u00e9 faite par <strong>Tulsi Gabbard<\/strong>, Directrice du renseignement national am\u00e9ricain.<\/p>\n<p>Dans un post sur X, Gabbard a expliqu\u00e9 que cette d\u00e9cision r\u00e9sulte de mois de collaboration avec le pr\u00e9sident Trump et le vice-pr\u00e9sident Vance, afin de garantir la protection des donn\u00e9es priv\u00e9es des Am\u00e9ricains. Ainsi, le Royaume-Uni a convenu d\u2019abandonner cette exigence.<\/p>\n<blockquote>\n<p>Au cours des derniers mois, j\u2019ai travaill\u00e9 en \u00e9troite collaboration avec nos partenaires britanniques, avec @POTUS et @VP, pour garantir que les donn\u00e9es priv\u00e9es des Am\u00e9ricains restent prot\u00e9g\u00e9es et que nos droits constitutionnels et libert\u00e9s civiles soient respect\u00e9s.<\/p>\n<\/blockquote>\n<p>Selon <a href=\"https:\/\/www.reuters.com\/sustainability\/boards-policy-regulation\/us-spy-chief-gabbard-says-uk-agreed-drop-backdoor-mandate-apple-2025-08-19\/\" rel=\"nofollow noopener\" target=\"_blank\">Reuters<\/a>, \u00ab\u00a0Le Premier ministre britannique Keir Starmer \u00e9tait \u00e0 Washington lundi avec d\u2019autres dirigeants europ\u00e9ens pour rencontrer Trump et discuter de la guerre en Ukraine\u00a0\u00bb, il est donc possible que cette question ait \u00e9galement \u00e9t\u00e9 abord\u00e9e.<\/p>\n<p>Contexte de la situation<\/p>\n<p>En janvier, le gouvernement britannique avait secr\u00e8tement ordonn\u00e9 \u00e0 Apple de cr\u00e9er une porte d\u00e9rob\u00e9e iCloud pour acc\u00e9der aux donn\u00e9es des utilisateurs am\u00e9ricains. Cette directive \u00e9tait \u00e9mise dans le cadre de la loi sur les pouvoirs d\u2019enqu\u00eate du Royaume-Uni, qui permet \u00e0 l\u2019\u00c9tat d\u2019exiger que les entreprises technologiques affaiblissent leur cryptage.<\/p>\n<p>Cette exigence aurait contraint Apple \u00e0 d\u00e9sactiver la fonction de protection avanc\u00e9e des donn\u00e9es pour iCloud (ADP) des utilisateurs am\u00e9ricains, permettant ainsi aux agences britanniques d\u2019acc\u00e9der aux sauvegardes sur le cloud, m\u00e9mos vocaux et autres contenus crypt\u00e9s.<\/p>\n<p>En r\u00e9ponse \u00e0 cette directive, Apple a retir\u00e9 les fonctionnalit\u00e9s de cryptage de bout en bout pour iCloud au Royaume-Uni. Dans une d\u00e9claration, l\u2019entreprise a exprim\u00e9 sa d\u00e9ception : \u00ab\u00a0Apple ne peut plus offrir la protection avanc\u00e9e des donn\u00e9es (ADP) au Royaume-Uni aux nouveaux utilisateurs, et les utilisateurs britanniques actuels devront \u00e9ventuellement d\u00e9sactiver cette fonctionnalit\u00e9 de s\u00e9curit\u00e9. Renforcer la s\u00e9curit\u00e9 du stockage cloud par cryptage de bout en bout est plus urgent que jamais, et nous esp\u00e9rons pouvoir le faire \u00e0 l\u2019avenir au Royaume-Uni. Comme nous l\u2019avons d\u00e9j\u00e0 dit, nous n\u2019avons jamais cr\u00e9\u00e9 de porte d\u00e9rob\u00e9e ou de cl\u00e9 ma\u00eetresse pour nos produits ou services, et nous ne le ferons jamais.\u00a0\u00bb<\/p>\n<p>Bien que la directive ait \u00e9t\u00e9 abandonn\u00e9e, ce qui constitue une victoire pour Apple et pour la vie priv\u00e9e en g\u00e9n\u00e9ral, il n\u2019y a pas encore d\u2019informations sur un \u00e9ventuel r\u00e9tablissement de l\u2019ADP au Royaume-Uni ou son impact sur d\u2019autres utilisateurs \u00e0 travers le monde.<\/p>\n","protected":false},"excerpt":{"rendered":"Le gouvernement britannique a d\u00e9cid\u00e9 de faire marche arri\u00e8re sur une directive controvers\u00e9e qui aurait contraint Apple \u00e0&hellip;\n","protected":false},"author":2,"featured_media":328585,"comment_status":"","ping_status":"","sticky":false,"template":"","format":"standard","meta":{"footnotes":""},"categories":[1588],"tags":[11,1777,674,12,473,1853,1851,1850,1852],"class_list":{"0":"post-328584","1":"post","2":"type-post","3":"status-publish","4":"format-standard","5":"has-post-thumbnail","7":"category-royaume-uni","8":"tag-actualites","9":"tag-eu","10":"tag-europe","11":"tag-news","12":"tag-royaume-uni","13":"tag-royaume-uni-de-grande-bretagne-et-dirlande-du-nord","14":"tag-uk","15":"tag-united-kingdom","16":"tag-united-kingdom-of-great-britain-and-northern-ireland"},"share_on_mastodon":{"url":"https:\/\/pubeurope.com\/@fr\/115053739699834049","error":""},"_links":{"self":[{"href":"https:\/\/www.europesays.com\/fr\/wp-json\/wp\/v2\/posts\/328584","targetHints":{"allow":["GET"]}}],"collection":[{"href":"https:\/\/www.europesays.com\/fr\/wp-json\/wp\/v2\/posts"}],"about":[{"href":"https:\/\/www.europesays.com\/fr\/wp-json\/wp\/v2\/types\/post"}],"author":[{"embeddable":true,"href":"https:\/\/www.europesays.com\/fr\/wp-json\/wp\/v2\/users\/2"}],"replies":[{"embeddable":true,"href":"https:\/\/www.europesays.com\/fr\/wp-json\/wp\/v2\/comments?post=328584"}],"version-history":[{"count":0,"href":"https:\/\/www.europesays.com\/fr\/wp-json\/wp\/v2\/posts\/328584\/revisions"}],"wp:featuredmedia":[{"embeddable":true,"href":"https:\/\/www.europesays.com\/fr\/wp-json\/wp\/v2\/media\/328585"}],"wp:attachment":[{"href":"https:\/\/www.europesays.com\/fr\/wp-json\/wp\/v2\/media?parent=328584"}],"wp:term":[{"taxonomy":"category","embeddable":true,"href":"https:\/\/www.europesays.com\/fr\/wp-json\/wp\/v2\/categories?post=328584"},{"taxonomy":"post_tag","embeddable":true,"href":"https:\/\/www.europesays.com\/fr\/wp-json\/wp\/v2\/tags?post=328584"}],"curies":[{"name":"wp","href":"https:\/\/api.w.org\/{rel}","templated":true}]}}