{"id":328586,"date":"2025-08-19T05:18:15","date_gmt":"2025-08-19T05:18:15","guid":{"rendered":"https:\/\/www.europesays.com\/fr\/328586\/"},"modified":"2025-08-19T05:18:15","modified_gmt":"2025-08-19T05:18:15","slug":"gamescom-2025-ouvre-ses-portes-en-allemagne","status":"publish","type":"post","link":"https:\/\/www.europesays.com\/fr\/328586\/","title":{"rendered":"Gamescom 2025 ouvre ses portes en Allemagne"},"content":{"rendered":"<p style=\"margin-top:5px\">Cologne (awp\/afp) &#8211; Le jeu de tir \u00ab\u00a0Call of Duty: Black Ops 7\u00a0\u00bb et la suite de la saga japonaise Resident Evil donnent mardi le coup d&rsquo;envoi en Allemagne de la Gamescom, l&rsquo;un des plus grands salons du jeu vid\u00e9o, lors d&rsquo;une soir\u00e9e d&rsquo;ouverture en forme de mise en bouche.<\/p>\n<p>Face \u00e0 un parterre de plus de 5000 personnes r\u00e9unissant \u00e0 Cologne (ouest) journalistes, professionnels du jeu vid\u00e9o et fans, le pr\u00e9sentateur canadien Geoff Keighley d\u00e9voilera \u00e0 partir de 20h et pendant pr\u00e8s de deux heures de nouvelles images des superproductions attendues dans les prochains mois.<\/p>\n<p>Pr\u00e8s de 335.000 visiteurs s&rsquo;\u00e9taient rendus \u00e0 l&rsquo;\u00e9dition 2024 et les organisateurs esp\u00e8rent bien renouer avec les chiffres de fr\u00e9quentation pr\u00e9-Covid, qui avoisinaient les 370.000 participants.<\/p>\n<p>D\u00e8s mercredi, professionnels et amateurs, parfois d\u00e9guis\u00e9s en leur personnage favori, vont se croiser pendant cinq jours dans les immenses halls du parc des expositions de la Koelnmesse, o\u00f9 chaque studio dispose de son stand et permet aux visiteurs de tester les derni\u00e8res nouveaut\u00e9s.<\/p>\n<p>Absent en 2024, Nintendo signe son retour, aur\u00e9ol\u00e9 du lancement record de la Switch 2, tandis que Xbox (Microsoft) pr\u00e9sentera ses nouvelles consoles portables pr\u00e9vues pour la fin de l&rsquo;ann\u00e9e. Le japonais Sony, lui, pr\u00e9f\u00e8re faire l&rsquo;impasse.<\/p>\n<p>Parmi les jeux phares cette ann\u00e9e: les nouveaux \u00e9pisodes des sagas japonaises d&rsquo;horreur Silent Hill et Resident Evil, la suite tr\u00e8s attendue d&rsquo;une p\u00e9pite de la sc\u00e8ne ind\u00e9pendante, \u00ab\u00a0Hollow Knight: Silksong\u00a0\u00bb, ou encore \u00ab\u00a0Metroid Prime 4\u00a0\u00bb, nouvel opus de la s\u00e9rie de science-fiction de Nintendo.<\/p>\n<p>L&rsquo;ambiance s&rsquo;annonce toutefois mitig\u00e9e parmi les quelque 1.500 exposants: si tous les voyants \u00e9conomiques sont au vert chez les principaux \u00e9diteurs, les vagues de licenciements continuent.<\/p>\n<p>\u00ab\u00a0Le secteur a connu une p\u00e9riode difficile ces deux derni\u00e8res ann\u00e9es, avec des suppressions d&#8217;emplois, des studios ferm\u00e9s, des projets interrompus\u00a0\u00bb, observe \u00e0 l&rsquo;AFP Felix Falk, directeur g\u00e9n\u00e9ral l&rsquo;association allemande de l&rsquo;industrie des jeux et co-organisateur de l&rsquo;\u00e9v\u00e9nement.<\/p>\n<p>\u00ab\u00a0Ce n&rsquo;est pas inhabituel dans l&rsquo;industrie tr\u00e8s dynamique du jeu vid\u00e9o, mais n\u00e9anmoins ce n&rsquo;est pas r\u00e9jouissant quand \u00e7a se produit.\u00a0\u00bb Selon le site Game Industry Layoffs, pr\u00e8s de 30.000 salari\u00e9s du secteur ont perdu leur emploi depuis d\u00e9but 2023, dont plus de 4.000 cette ann\u00e9e.<\/p>\n<p><b>kf-tgb\/clr\/de<\/b><\/p>\n","protected":false},"excerpt":{"rendered":"Cologne (awp\/afp) &#8211; Le jeu de tir \u00ab\u00a0Call of Duty: Black Ops 7\u00a0\u00bb et la suite de la&hellip;\n","protected":false},"author":2,"featured_media":328587,"comment_status":"","ping_status":"","sticky":false,"template":"","format":"standard","meta":{"footnotes":""},"categories":[1587],"tags":[11,672,340,1804,1805,1803,1777,674,1801,12,1802],"class_list":{"0":"post-328586","1":"post","2":"type-post","3":"status-publish","4":"format-standard","5":"has-post-thumbnail","7":"category-allemagne","8":"tag-actualites","9":"tag-allemagne","10":"tag-bourse","11":"tag-bundesrepublik-deutschland","12":"tag-de","13":"tag-deutschland","14":"tag-eu","15":"tag-europe","16":"tag-germany","17":"tag-news","18":"tag-republique-federale-dallemagne"},"share_on_mastodon":{"url":"https:\/\/pubeurope.com\/@fr\/115053743568428388","error":""},"_links":{"self":[{"href":"https:\/\/www.europesays.com\/fr\/wp-json\/wp\/v2\/posts\/328586","targetHints":{"allow":["GET"]}}],"collection":[{"href":"https:\/\/www.europesays.com\/fr\/wp-json\/wp\/v2\/posts"}],"about":[{"href":"https:\/\/www.europesays.com\/fr\/wp-json\/wp\/v2\/types\/post"}],"author":[{"embeddable":true,"href":"https:\/\/www.europesays.com\/fr\/wp-json\/wp\/v2\/users\/2"}],"replies":[{"embeddable":true,"href":"https:\/\/www.europesays.com\/fr\/wp-json\/wp\/v2\/comments?post=328586"}],"version-history":[{"count":0,"href":"https:\/\/www.europesays.com\/fr\/wp-json\/wp\/v2\/posts\/328586\/revisions"}],"wp:featuredmedia":[{"embeddable":true,"href":"https:\/\/www.europesays.com\/fr\/wp-json\/wp\/v2\/media\/328587"}],"wp:attachment":[{"href":"https:\/\/www.europesays.com\/fr\/wp-json\/wp\/v2\/media?parent=328586"}],"wp:term":[{"taxonomy":"category","embeddable":true,"href":"https:\/\/www.europesays.com\/fr\/wp-json\/wp\/v2\/categories?post=328586"},{"taxonomy":"post_tag","embeddable":true,"href":"https:\/\/www.europesays.com\/fr\/wp-json\/wp\/v2\/tags?post=328586"}],"curies":[{"name":"wp","href":"https:\/\/api.w.org\/{rel}","templated":true}]}}