{"id":328588,"date":"2025-08-19T05:19:14","date_gmt":"2025-08-19T05:19:14","guid":{"rendered":"https:\/\/www.europesays.com\/fr\/328588\/"},"modified":"2025-08-19T05:19:14","modified_gmt":"2025-08-19T05:19:14","slug":"la-commission-europeenne-justifie-les-17-millions-deuros-de-subventions-consacrees-a-letude-de-lislam-en-europe","status":"publish","type":"post","link":"https:\/\/www.europesays.com\/fr\/328588\/","title":{"rendered":"La Commission europ\u00e9enne justifie les 17 millions d\u2019euros de subventions consacr\u00e9es \u00e0 l\u2019\u00e9tude de l\u2019islam en Europe"},"content":{"rendered":"<p>                                            Monde\n                                                                            <\/p>\n<p>\n                                            Face aux critiques de certains \u00e9lus, la Commission europ\u00e9enne d\u00e9fend le choix de financer des projets de recherche autour de l\u2019islam, de la charia ou encore de l\u2019islamophobie. Selon la Commission, ces travaux n\u2019ont \u00e9t\u00e9 retenus qu\u2019au nom de leur valeur scientifique.                                        <\/p>\n<p>                                                Publi\u00e9 le 19 ao\u00fbt 2025 \u00e0 7h02                                                                                            <\/p>\n<p>                                            <img loading=\"lazy\" width=\"1024\" height=\"683\" src=\"https:\/\/www.europesays.com\/fr\/wp-content\/uploads\/2025\/08\/SIPA_ap22969430_000005-1.jpg\" class=\"attachment-post-thumbnail size-post-thumbnail wp-post-image lazy\" alt=\"La Commission europ\u00e9enne d\u00e9fend ses financements de recherche sur l\u2019islam. Pascal Bastien\/AP\/SIPA\" decoding=\"async\"  data-\/><\/p>\n<p>                                            La Commission europ\u00e9enne d\u00e9fend ses financements de recherche sur l\u2019islam. Pascal Bastien\/AP\/SIPA<\/p>\n<p>La pol\u00e9mique est n\u00e9e au Parlement europ\u00e9en apr\u00e8s que l\u2019eurod\u00e9put\u00e9e italienne Silvia Sardone a d\u00e9nonc\u00e9 des \u00ab \u00e9tudes d\u2019une utilit\u00e9 discutable, toutes ax\u00e9es sur l\u2019islam \u00bb, estimant que l\u2019argent public europ\u00e9en aurait pu \u00eatre mieux utilis\u00e9, rapporte <a href=\"https:\/\/fr.euronews.com\/my-europe\/2025\/08\/18\/la-commission-europeenne-defend-le-financement-de-projets-de-recherche-sur-lislam-et-lisla\" target=\"_blank\" rel=\"nofollow noopener\">Euronews<\/a>. Le Fran\u00e7ais Jean-Paul Garraud, eurod\u00e9put\u00e9 du groupe Patriotes pour l\u2019Europe et membre du Rassemblement national, a lui aussi mis en doute la pertinence de ces projets, affirmant qu\u2019ils revenaient \u00e0 promouvoir<a href=\"https:\/\/www.valeursactuelles.com\/politique\/sophia-aram-accuse-rima-hassan-de-banaliser-le-discours-djihadiste\" target=\"_blank\" rel=\"noopener\"> l\u2019islam <\/a>ou \u00e0 exag\u00e9rer la r\u00e9alit\u00e9 de <a href=\"https:\/\/www.valeursactuelles.com\/politique\/des-cadres-du-ps-sopposent-a-lemploi-du-terme-islamophobie-par-la-direction-du-parti\" target=\"_blank\" rel=\"noopener\">l\u2019islamophobie<\/a> en Europe.<\/p>\n<p><a href=\"https:\/\/www.valeursactuelles.com\/clubvaleurs\/politique\/les-islamo-gauchistes-ont-fait-du-burkini-un-etendard-affirme-le-maire-lr-de-mandelieu-sebastien-leroy\" class=\"h-flex h-align-items-center h-border-tb h-ptb-15\" target=\"_blank\" rel=\"noopener\">A\u00a0LIRE\u00a0\u00ab Les islamo-gauchistes ont fait du burkini un \u00e9tendard \u00bb, affirme le maire LR de Mandelieu, S\u00e9bastien Leroy<\/a><\/p>\n<p>Ces critiques visaient directement le Conseil europ\u00e9en de la recherche (CER), organisme de financement scientifique de l\u2019Union europ\u00e9enne, qui a attribu\u00e9 au total plus de 17 millions d\u2019euros \u00e0 diff\u00e9rents projets portant sur l\u2019islam et ses repr\u00e9sentations.<\/p>\n<\/p>\n<p>\u00ab Le seul crit\u00e8re est l\u2019excellence scientifique \u00bb<\/p>\n<p>Dans une r\u00e9ponse publi\u00e9e lundi 18 ao\u00fbt et relay\u00e9e par la cha\u00eene d\u2019information europ\u00e9enne, la commissaire europ\u00e9enne \u00e0 la Recherche, Ekaterina Zaharieva, a fermement d\u00e9fendu le Conseil europ\u00e9en de la recherche (CER). Elle a rappel\u00e9 que les subventions avaient \u00e9t\u00e9 attribu\u00e9es au terme d\u2019un processus ind\u00e9pendant et comp\u00e9titif : \u00ab Le seul crit\u00e8re de financement est l\u2019excellence scientifique de la proposition \u00bb. Parmi les projets cit\u00e9s, figure une recherche men\u00e9e par le Centre national de la recherche scientifique (CNRS) fran\u00e7ais (2,5 millions d\u2019euros) sur l\u2019\u00e9volution de la charia, en cours jusqu\u2019en 2029, ou encore une \u00e9tude coordonn\u00e9e par l\u2019Universit\u00e9 Bilgi d\u2019Istanbul sur la mont\u00e9e du discours populiste et islamophobe en Europe (2018-2019, 2,3 millions d\u2019euros). L\u2019Universit\u00e9 d\u2019Oxford pilote de son c\u00f4t\u00e9 un projet (2,7 millions d\u2019euros) sur l\u2019exp\u00e9rience de jeunes musulmans en Europe et au Royaume-Uni.<\/p>\n<p><a href=\"https:\/\/www.valeursactuelles.com\/clubvaleurs\/societe\/catholicisme-la-croix-silencieuse-des-chretiens-issus-de-lislam\" class=\"h-flex h-align-items-center h-border-tb h-ptb-15\" target=\"_blank\" rel=\"noopener\">A\u00a0LIRE\u00a0Catholicisme : La croix silencieuse des chr\u00e9tiens issus de l\u2019islam<\/a><\/p>\n<p>La Commission souligne que ces initiatives couvrent un champ large, allant de l\u2019int\u00e9gration des minorit\u00e9s dans les soci\u00e9t\u00e9s d\u00e9mocratiques \u00e0 l\u2019histoire de la philosophie islamique. \u00ab Ce sont des entreprises scientifiques de classe mondiale qui font avancer les fronti\u00e8res de la connaissance \u00bb, a insist\u00e9 Mme Zaharieva.<\/p>\n","protected":false},"excerpt":{"rendered":"Monde Face aux critiques de certains \u00e9lus, la Commission europ\u00e9enne d\u00e9fend le choix de financer des projets de&hellip;\n","protected":false},"author":2,"featured_media":328589,"comment_status":"","ping_status":"","sticky":false,"template":"","format":"standard","meta":{"footnotes":""},"categories":[1586],"tags":[11,1777,674,3531,1011,27,5318,6269,12,8552,1062,25],"class_list":{"0":"post-328588","1":"post","2":"type-post","3":"status-publish","4":"format-standard","5":"has-post-thumbnail","7":"category-europe","8":"tag-actualites","9":"tag-eu","10":"tag-europe","11":"tag-financement","12":"tag-fr","13":"tag-france","14":"tag-islam","15":"tag-islamophobie","16":"tag-news","17":"tag-parlement-europeen","18":"tag-polemique","19":"tag-republique-francaise"},"share_on_mastodon":{"url":"https:\/\/pubeurope.com\/@fr\/115053747558381044","error":""},"_links":{"self":[{"href":"https:\/\/www.europesays.com\/fr\/wp-json\/wp\/v2\/posts\/328588","targetHints":{"allow":["GET"]}}],"collection":[{"href":"https:\/\/www.europesays.com\/fr\/wp-json\/wp\/v2\/posts"}],"about":[{"href":"https:\/\/www.europesays.com\/fr\/wp-json\/wp\/v2\/types\/post"}],"author":[{"embeddable":true,"href":"https:\/\/www.europesays.com\/fr\/wp-json\/wp\/v2\/users\/2"}],"replies":[{"embeddable":true,"href":"https:\/\/www.europesays.com\/fr\/wp-json\/wp\/v2\/comments?post=328588"}],"version-history":[{"count":0,"href":"https:\/\/www.europesays.com\/fr\/wp-json\/wp\/v2\/posts\/328588\/revisions"}],"wp:featuredmedia":[{"embeddable":true,"href":"https:\/\/www.europesays.com\/fr\/wp-json\/wp\/v2\/media\/328589"}],"wp:attachment":[{"href":"https:\/\/www.europesays.com\/fr\/wp-json\/wp\/v2\/media?parent=328588"}],"wp:term":[{"taxonomy":"category","embeddable":true,"href":"https:\/\/www.europesays.com\/fr\/wp-json\/wp\/v2\/categories?post=328588"},{"taxonomy":"post_tag","embeddable":true,"href":"https:\/\/www.europesays.com\/fr\/wp-json\/wp\/v2\/tags?post=328588"}],"curies":[{"name":"wp","href":"https:\/\/api.w.org\/{rel}","templated":true}]}}