{"id":328605,"date":"2025-08-19T05:30:16","date_gmt":"2025-08-19T05:30:16","guid":{"rendered":"https:\/\/www.europesays.com\/fr\/328605\/"},"modified":"2025-08-19T05:30:16","modified_gmt":"2025-08-19T05:30:16","slug":"montpellier-conserve-sa-pepite-lenni-nouchi-deux-ans-de-plus","status":"publish","type":"post","link":"https:\/\/www.europesays.com\/fr\/328605\/","title":{"rendered":"Montpellier conserve sa p\u00e9pite Lenni Nouchi deux ans de plus"},"content":{"rendered":"<p>En fin de contrat \u00e0 l\u2019issue de la saison, le jeune troisi\u00e8me-ligne international du MHR, tr\u00e8s sollicit\u00e9, a finalement prolong\u00e9 jusqu\u2019en 2028.<\/p>\n<p class=\"fig-paragraph\">Toulon et d\u2019autres grosses \u00e9curies avaient flair\u00e9 l\u2019affaire. Le jeune et prometteur troisi\u00e8me-ligne international du MHR, Lenni Nouchi (21 ans, 2 s\u00e9lections), \u00e9tait en fin de contrat \u00e0 la fin de la saison. De l\u00e0 \u00e0 craindre que Montpellier allait perdre sa p\u00e9pite, qu\u2019il avait recrut\u00e9e en 2021, alors qu\u2019il avait 17 ans et effectu\u00e9 fait sa formation \u00e0 l\u2019AS B\u00e9ziers.<\/p>\n<p class=\"fig-paragraph\">Le MHR a repouss\u00e9 momentan\u00e9ment la menace en annon\u00e7ant, lundi soir, que Nouchi,\u00a0<a href=\"http:\/\/www.lefigaro.fr\/sports\/rugby\/mondial-u20-gazzotti-nouchi-tuilagi-les-5-cles-du-sacre-des-bleuets-20230715\" data-fig-type=\"NewsFlash\" data-gtm-custom-categorie=\"navigation\" data-gtm-custom-action=\"crossclick\" data-gtm-custom-label=\"Contextuel\" data-gtm-event=\"customEventSPE\" data-fig-domain=\"LEFIGARO\" rel=\"nofollow noopener\" target=\"_blank\">capitaine de l\u2019\u00e9quipe de France U20, sacr\u00e9e championne du monde en 2023<\/a>, avait prolong\u00e9 son contrat de deux saisons suppl\u00e9mentaires, soit jusqu\u2019en juin 2028.<\/p>\n<p>                                    <a class=\"fig-a11y-skip a11y-hidden\" href=\"#fig-a11y-skip-main-inarticle\"><br \/>\n        Passer la publicit\u00e9<br \/>\n    <\/a><\/p>\n<p class=\"fig-paragraph\">Grand espoir du rugby tricolore, le troisi\u00e8me-ligne compte deux s\u00e9lections avec le XV de France, lors de la tourn\u00e9e en Argentine l\u2019\u00e9t\u00e9 dernier.<\/p>\n","protected":false},"excerpt":{"rendered":"En fin de contrat \u00e0 l\u2019issue de la saison, le jeune troisi\u00e8me-ligne international du MHR, tr\u00e8s sollicit\u00e9, a&hellip;\n","protected":false},"author":2,"featured_media":328606,"comment_status":"","ping_status":"","sticky":false,"template":"","format":"standard","meta":{"footnotes":""},"categories":[1412],"tags":[1451,1452,1453,1454,1455,1011,27,14987,20044,60],"class_list":{"0":"post-328605","1":"post","2":"type-post","3":"status-publish","4":"format-standard","5":"has-post-thumbnail","7":"category-f1","8":"tag-f1","9":"tag-formula-1","10":"tag-formula1","11":"tag-formule-1","12":"tag-formule1","13":"tag-fr","14":"tag-france","15":"tag-mhr","16":"tag-montpellier-herault-rugby","17":"tag-sports"},"share_on_mastodon":{"url":"https:\/\/pubeurope.com\/@fr\/115053790702821494","error":""},"_links":{"self":[{"href":"https:\/\/www.europesays.com\/fr\/wp-json\/wp\/v2\/posts\/328605","targetHints":{"allow":["GET"]}}],"collection":[{"href":"https:\/\/www.europesays.com\/fr\/wp-json\/wp\/v2\/posts"}],"about":[{"href":"https:\/\/www.europesays.com\/fr\/wp-json\/wp\/v2\/types\/post"}],"author":[{"embeddable":true,"href":"https:\/\/www.europesays.com\/fr\/wp-json\/wp\/v2\/users\/2"}],"replies":[{"embeddable":true,"href":"https:\/\/www.europesays.com\/fr\/wp-json\/wp\/v2\/comments?post=328605"}],"version-history":[{"count":0,"href":"https:\/\/www.europesays.com\/fr\/wp-json\/wp\/v2\/posts\/328605\/revisions"}],"wp:featuredmedia":[{"embeddable":true,"href":"https:\/\/www.europesays.com\/fr\/wp-json\/wp\/v2\/media\/328606"}],"wp:attachment":[{"href":"https:\/\/www.europesays.com\/fr\/wp-json\/wp\/v2\/media?parent=328605"}],"wp:term":[{"taxonomy":"category","embeddable":true,"href":"https:\/\/www.europesays.com\/fr\/wp-json\/wp\/v2\/categories?post=328605"},{"taxonomy":"post_tag","embeddable":true,"href":"https:\/\/www.europesays.com\/fr\/wp-json\/wp\/v2\/tags?post=328605"}],"curies":[{"name":"wp","href":"https:\/\/api.w.org\/{rel}","templated":true}]}}