{"id":328607,"date":"2025-08-19T05:31:11","date_gmt":"2025-08-19T05:31:11","guid":{"rendered":"https:\/\/www.europesays.com\/fr\/328607\/"},"modified":"2025-08-19T05:31:11","modified_gmt":"2025-08-19T05:31:11","slug":"cyclisme-route-primoz-roglic-remco-evenepoel-cest-un-coureur-special","status":"publish","type":"post","link":"https:\/\/www.europesays.com\/fr\/328607\/","title":{"rendered":"Cyclisme. Route &#8211; Primoz Roglic : \u00abRemco Evenepoel&#8230; c&rsquo;est un coureur sp\u00e9cial\u00bb"},"content":{"rendered":"<p><strong>Primoz Roglic<\/strong> a r\u00e9agi pour la premi\u00e8re fois \u00e0 l\u2019arriv\u00e9e de<strong> Remco Evenepoel <\/strong>chez <strong>Red Bull-BORA-hansgrohe<\/strong>. Le Slov\u00e8ne s\u2019est exprim\u00e9 avant le <strong>Criterium \u00e0 Etten-Leur<\/strong>, o\u00f9 il allait d\u00e9crocher la victoire. \u00ab\u00a0Je suis content de son arriv\u00e9e, c\u2019est un coureur sp\u00e9cial\u00a0\u00bb, a d\u00e9clar\u00e9 <strong>Roglic <\/strong>\u00e0 propos d\u2019<strong>Evenepoel <\/strong>aupr\u00e8s de nos confr\u00e8res du <a href=\"https:\/\/www.nieuwsblad.be\/sport\/wielrennen\/primoz-roglic-kijkt-al-uit-naar-komst-remco-evenepoel-ik-hoop-dat-we-samen-grootse-dingen-kunnen-bereiken-ook-in-de-tour\/84136065.html\" target=\"_blank\" rel=\"nofollow noopener\">Het Nieuwsblad<\/a>.<\/p>\n<p>Vid\u00e9o &#8211; Evenepoel chez Red Bull-BORA&#8230; le transfert de l&rsquo;ann\u00e9e Lire la suite de l&rsquo;article&#13;<\/p>\n<p>\u00a0<\/p>\n<p>&#13;<br \/>\n\u00ab\u00a0L\u2019\u00e9quipe est en pleine croissance, mais&#8230;\u00a0\u00bb&#13;<\/p>\n<p>\u00ab\u00a0Remco a d\u00e9j\u00e0 remport\u00e9 de nombreuses courses, donc j\u2019esp\u00e8re que nous pourrons accomplir de grandes choses ensemble\u00a0\u00bb, a poursuivi le coureur de 35 ans, qui ne sait pas encore si lui et <strong>Evenepoel <\/strong>r\u00e9aliseront de grandes performances lors du <strong>Tour de France<\/strong> l\u2019ann\u00e9e prochaine. \u00ab\u00a0Le Tour est encore loin, le pr\u00e9c\u00e9dent vient \u00e0 peine de se terminer et il n\u2019est pas encore certain que je pourrai ou voudrai le courir l\u2019an prochain. Mais \u00e9videmment, nous travaillerons dur pour atteindre ensemble le meilleur niveau possible.\u00a0\u00bb<\/p>\n<p>&#13;<\/p>\n<p>\u00ab\u00a0Nous devons encore progresser et j\u2019esp\u00e8re que nous pourrons nous am\u00e9liorer ensemble. L\u2019\u00e9quipe est en pleine croissance, mais il existe encore un \u00e9cart avec Tadej Pogacar et Jonas Vingegaard\u00a0\u00bb, a ajout\u00e9 <strong>Roglic<\/strong>.<\/p>\n","protected":false},"excerpt":{"rendered":"Primoz Roglic a r\u00e9agi pour la premi\u00e8re fois \u00e0 l\u2019arriv\u00e9e de Remco Evenepoel chez Red Bull-BORA-hansgrohe. Le Slov\u00e8ne&hellip;\n","protected":false},"author":2,"featured_media":328608,"comment_status":"","ping_status":"","sticky":false,"template":"","format":"standard","meta":{"footnotes":""},"categories":[1411],"tags":[1154,207,211,1011,27,209,60,210,212,208,213],"class_list":{"0":"post-328607","1":"post","2":"type-post","3":"status-publish","4":"format-standard","5":"has-post-thumbnail","7":"category-cyclisme","8":"tag-cycling","9":"tag-cyclisme","10":"tag-ffc","11":"tag-fr","12":"tag-france","13":"tag-route","14":"tag-sports","15":"tag-tour-de-france","16":"tag-uci","17":"tag-velo","18":"tag-world-tour"},"share_on_mastodon":{"url":"https:\/\/pubeurope.com\/@fr\/115053794646957746","error":""},"_links":{"self":[{"href":"https:\/\/www.europesays.com\/fr\/wp-json\/wp\/v2\/posts\/328607","targetHints":{"allow":["GET"]}}],"collection":[{"href":"https:\/\/www.europesays.com\/fr\/wp-json\/wp\/v2\/posts"}],"about":[{"href":"https:\/\/www.europesays.com\/fr\/wp-json\/wp\/v2\/types\/post"}],"author":[{"embeddable":true,"href":"https:\/\/www.europesays.com\/fr\/wp-json\/wp\/v2\/users\/2"}],"replies":[{"embeddable":true,"href":"https:\/\/www.europesays.com\/fr\/wp-json\/wp\/v2\/comments?post=328607"}],"version-history":[{"count":0,"href":"https:\/\/www.europesays.com\/fr\/wp-json\/wp\/v2\/posts\/328607\/revisions"}],"wp:featuredmedia":[{"embeddable":true,"href":"https:\/\/www.europesays.com\/fr\/wp-json\/wp\/v2\/media\/328608"}],"wp:attachment":[{"href":"https:\/\/www.europesays.com\/fr\/wp-json\/wp\/v2\/media?parent=328607"}],"wp:term":[{"taxonomy":"category","embeddable":true,"href":"https:\/\/www.europesays.com\/fr\/wp-json\/wp\/v2\/categories?post=328607"},{"taxonomy":"post_tag","embeddable":true,"href":"https:\/\/www.europesays.com\/fr\/wp-json\/wp\/v2\/tags?post=328607"}],"curies":[{"name":"wp","href":"https:\/\/api.w.org\/{rel}","templated":true}]}}