{"id":328609,"date":"2025-08-19T05:32:10","date_gmt":"2025-08-19T05:32:10","guid":{"rendered":"https:\/\/www.europesays.com\/fr\/328609\/"},"modified":"2025-08-19T05:32:10","modified_gmt":"2025-08-19T05:32:10","slug":"om-transfert-imminent-le-verdict-tombe","status":"publish","type":"post","link":"https:\/\/www.europesays.com\/fr\/328609\/","title":{"rendered":"OM : Transfert imminent, le verdict tombe !"},"content":{"rendered":"<p class=\"heading\">Annonc\u00e9 sur le d\u00e9part depuis le d\u00e9but du mercato estival, Jonathan Rowe semble plus qu\u2019isol\u00e9 que jamais \u00e0 l\u2019Olympique de Marseille. L\u2019ailier anglais aurait eu une altercation assez importante avec Adrien Rabiot apr\u00e8s la premi\u00e8re d\u00e9faite de la saison et d\u00e9sormais, son transfert semble plus que jamais possible. <\/p>\n<p>Les prochains jours s\u2019annoncent agit\u00e9s du c\u00f4t\u00e9 de Marseille. D\u00e9faits par le<strong> Stade Rennais<\/strong> lors de la premi\u00e8re journ\u00e9e de <strong>Ligue 1<\/strong> (0-1), les hommes de <strong>Roberto De Zerbi<\/strong> sont d\u00e9j\u00e0 dos au mur. Et pour ne rien arranger les tensions se feraient de plus en plus nombreuses au sein du vestiaire de l\u2019<strong>OM<\/strong>&#8230; <\/p>\n<p>                                            Rowe d\u00e9j\u00e0 sur le d\u00e9part ? <\/p>\n<p>Le clash entre <strong>Adrien Rabiot<\/strong> et <a href=\"https:\/\/le10sport.com\/football\/mercato\/om-clash-avec-rabiot-le-transfert-qui-va-tout-regler-754707\" rel=\"nofollow noopener\" target=\"_blank\">Jonathan Rowe<\/a> a beaucoup fait parler, avec ce dernier qui pourrait bien avoir jou\u00e9 son dernier match avec l\u2019<strong>OM<\/strong>. Son d\u00e9part est annonc\u00e9 et il pourrait bien se confirmer, avec l\u2019<strong>AS Roma<\/strong> qui pousserait pour s\u2019attacher ses services. La Gazzetta dello Sport assure en effet que <strong>Gian Piero Gasperini<\/strong> aurait r\u00e9clam\u00e9 son transfert, \u00e0 la suite de l\u2019\u00e9chec rencontr\u00e9 sur la piste <strong>Jadon Sancho<\/strong>. <\/p>\n<p>                                            En attendant, la Roma boucle l\u2019arriv\u00e9e de Bailey <\/p>\n<p>D\u2019apr\u00e8s les informations de <strong>Gianluca Di Marzio<\/strong>, le dossier <strong>Jonathan Rowe <\/strong>serait l\u2019une des grandes priorit\u00e9s de l\u2019<strong>AS Roma<\/strong> en cette fin de mercato. Les Giallorossi seraient sur le point de boucler l\u2019arriv\u00e9e de <strong>Leon Bailey<\/strong> en provenance d\u2019<strong>Aston Villa<\/strong>, mais sa signature ne remettrait aucunement en question celle de l\u2019ailier de l\u2019<strong>OM<\/strong>. <\/p>\n","protected":false},"excerpt":{"rendered":"Annonc\u00e9 sur le d\u00e9part depuis le d\u00e9but du mercato estival, Jonathan Rowe semble plus qu\u2019isol\u00e9 que jamais \u00e0&hellip;\n","protected":false},"author":2,"featured_media":328610,"comment_status":"","ping_status":"","sticky":false,"template":"","format":"standard","meta":{"footnotes":""},"categories":[1410],"tags":[63,1011,27,60],"class_list":{"0":"post-328609","1":"post","2":"type-post","3":"status-publish","4":"format-standard","5":"has-post-thumbnail","7":"category-football","8":"tag-football","9":"tag-fr","10":"tag-france","11":"tag-sports"},"share_on_mastodon":{"url":"https:\/\/pubeurope.com\/@fr\/115053798567205574","error":""},"_links":{"self":[{"href":"https:\/\/www.europesays.com\/fr\/wp-json\/wp\/v2\/posts\/328609","targetHints":{"allow":["GET"]}}],"collection":[{"href":"https:\/\/www.europesays.com\/fr\/wp-json\/wp\/v2\/posts"}],"about":[{"href":"https:\/\/www.europesays.com\/fr\/wp-json\/wp\/v2\/types\/post"}],"author":[{"embeddable":true,"href":"https:\/\/www.europesays.com\/fr\/wp-json\/wp\/v2\/users\/2"}],"replies":[{"embeddable":true,"href":"https:\/\/www.europesays.com\/fr\/wp-json\/wp\/v2\/comments?post=328609"}],"version-history":[{"count":0,"href":"https:\/\/www.europesays.com\/fr\/wp-json\/wp\/v2\/posts\/328609\/revisions"}],"wp:featuredmedia":[{"embeddable":true,"href":"https:\/\/www.europesays.com\/fr\/wp-json\/wp\/v2\/media\/328610"}],"wp:attachment":[{"href":"https:\/\/www.europesays.com\/fr\/wp-json\/wp\/v2\/media?parent=328609"}],"wp:term":[{"taxonomy":"category","embeddable":true,"href":"https:\/\/www.europesays.com\/fr\/wp-json\/wp\/v2\/categories?post=328609"},{"taxonomy":"post_tag","embeddable":true,"href":"https:\/\/www.europesays.com\/fr\/wp-json\/wp\/v2\/tags?post=328609"}],"curies":[{"name":"wp","href":"https:\/\/api.w.org\/{rel}","templated":true}]}}