{"id":328611,"date":"2025-08-19T05:33:17","date_gmt":"2025-08-19T05:33:17","guid":{"rendered":"https:\/\/www.europesays.com\/fr\/328611\/"},"modified":"2025-08-19T05:33:17","modified_gmt":"2025-08-19T05:33:17","slug":"le-streamer-raphael-graven-alias-jean-pormanove-est-decede-dans-son-sommeil","status":"publish","type":"post","link":"https:\/\/www.europesays.com\/fr\/328611\/","title":{"rendered":"Le streamer Rapha\u00ebl Graven, alias Jean Pormanove, est d\u00e9c\u00e9d\u00e9 dans son sommeil"},"content":{"rendered":"<p>      R\u00e9sum\u00e9<\/p>\n<p>Rapha\u00ebl Graven, streamer populaire, est d\u00e9c\u00e9d\u00e9 soudainement en direct, suscitant une vague d\u2019\u00e9motion et des d\u00e9bats autour des violences subies en live.<\/p>\n<p>        Sommaire<\/p>\n<p>Ces derni\u00e8res ann\u00e9es, de nombreux cr\u00e9ateurs de contenus sont arriv\u00e9s sur la Toile. Il faut dire que le confinement a donn\u00e9 des id\u00e9es \u00e0 de nombreuses personnes. En effet, le fait d\u2019\u00eatre enferm\u00e9 chez soi a permis \u00e0 certains de se trouver un nouveau passe-temps et m\u00eame parfois, une reconversion professionnelle.<\/p>\n<p>C\u2019est durant cette p\u00e9riode que Rapha\u00ebl Graven, alias Jean Pormanove, s\u2019est lanc\u00e9 sur <a href=\"https:\/\/www.public.fr\/ce-chocolat-tiktok-a-5-e-declenche-une-hysterie-collective-et-certains-le-revendent-10-fois-plus-cher\" target=\"_blank\" rel=\"noopener\">Tiktok<\/a>. Puis, il s\u2019est \u00e9galement mis \u00e0 Twitch o\u00f9 il partageait du contenu humoristique mais aussi ses parties en direct lorsqu\u2019il jouait \u00e0 GTA 5,<a href=\"https:\/\/www.public.fr\/mode-balenciaga-va-faire-un-partenariat-avec-le-jeu-video-fortnite\" target=\"_blank\" rel=\"noopener\"> Fortnite <\/a>et FIFA 2022. Il \u00e9tait suivi par plus de 550 000 viewers sur la plateforme.<\/p>\n<p>Un live qui a fait scandale<\/p>\n<p>Mais beaucoup l\u2019ont aussi d\u00e9couvert pour un live beaucoup moins sympathique sur Kick. Sur le live de Jeanpormanove, Naruto et Safine ont eu des actes inacceptables o\u00f9 ils humiliaient Rapha\u00ebl Graven ou encore un homme handicap\u00e9 connu sous le nom de Coudoux.<\/p>\n<p>Les deux individus s\u2019en \u00e9taient pris \u00e0 eux entre des jets d\u2019eau, de peinture et m\u00eame de la strangulation. Ils s\u2019\u00e9taient moqu\u00e9s d\u2019eux avec une partie de\u00a0 \u00ab\u00a0Question pour un Golmon\u00a0\u00bb. Naruto et Safine avaient \u00e9t\u00e9 \u00e9pingl\u00e9s pour humiliation et violences.<\/p>\n<p>Une morte soudaine et r\u00e9voltante<\/p>\n<p>Mais ce lundi 18 ao\u00fbt, c\u2019est pour une autre triste raison que Rapha\u00ebl Graven a fait parler de lui sur les r\u00e9seaux sociaux. En effet, ses proches ont annonc\u00e9 que le streamer s\u2019\u00e9tait \u00e9teint dans son sommeil alors qu\u2019il \u00e9tait en direct. Cependant, les circonstances exactes n\u2019ont pas \u00e9t\u00e9 r\u00e9v\u00e9l\u00e9es m\u00eame si l&rsquo;on sait que sa sant\u00e9 \u00e9tait fragile.<\/p>\n<p>La nouvelle a fait r\u00e9agir de nombreux internautes puisqu\u2019il s\u2019est retrouv\u00e9 en Top Tendances sur X. On a pu lire des tweets tels que\u00a0: \u00ab\u00a0Jean Pormanove est mort en direct, sans honneur ni respect. Jamais digne, malmen\u00e9 et \u00e9cras\u00e9 jusqu\u2019\u00e0 son dernier souffle Il a fini comme un d\u00e9chet sacrifi\u00e9 pour quelques billets Sa mort p\u00e8se sur vos mains vous en portez tous la responsabilit\u00e9\u00a0\u00bb, \u00ab\u00a0Naruto est enti\u00e8rement responsable de la mort de Jean pormanove ! Comment tu peux faire autant souffrir une honte mentalement et physiquement qu&rsquo;il soit handicap\u00e9 ou pas ! Et jsuis s\u00fbr que les gens du local on pas prit conscience de la gravit\u00e9 car il l&rsquo;exploitait pour des vues&#8230;\u00a0\u00bb.<\/p>\n<p>      Mentionn\u00e9s dans cet article<\/p>\n<p>      Sur le m\u00eame sujet<\/p>\n","protected":false},"excerpt":{"rendered":"R\u00e9sum\u00e9 Rapha\u00ebl Graven, streamer populaire, est d\u00e9c\u00e9d\u00e9 soudainement en direct, suscitant une vague d\u2019\u00e9motion et des d\u00e9bats autour&hellip;\n","protected":false},"author":2,"featured_media":328612,"comment_status":"","ping_status":"","sticky":false,"template":"","format":"standard","meta":{"footnotes":""},"categories":[1359],"tags":[58,59,1011,27,973,1749],"class_list":{"0":"post-328611","1":"post","2":"type-post","3":"status-publish","4":"format-standard","5":"has-post-thumbnail","7":"category-people","8":"tag-divertissement","9":"tag-entertainment","10":"tag-fr","11":"tag-france","12":"tag-people","13":"tag-twitch"},"share_on_mastodon":{"url":"https:\/\/pubeurope.com\/@fr\/115053802489653582","error":""},"_links":{"self":[{"href":"https:\/\/www.europesays.com\/fr\/wp-json\/wp\/v2\/posts\/328611","targetHints":{"allow":["GET"]}}],"collection":[{"href":"https:\/\/www.europesays.com\/fr\/wp-json\/wp\/v2\/posts"}],"about":[{"href":"https:\/\/www.europesays.com\/fr\/wp-json\/wp\/v2\/types\/post"}],"author":[{"embeddable":true,"href":"https:\/\/www.europesays.com\/fr\/wp-json\/wp\/v2\/users\/2"}],"replies":[{"embeddable":true,"href":"https:\/\/www.europesays.com\/fr\/wp-json\/wp\/v2\/comments?post=328611"}],"version-history":[{"count":0,"href":"https:\/\/www.europesays.com\/fr\/wp-json\/wp\/v2\/posts\/328611\/revisions"}],"wp:featuredmedia":[{"embeddable":true,"href":"https:\/\/www.europesays.com\/fr\/wp-json\/wp\/v2\/media\/328612"}],"wp:attachment":[{"href":"https:\/\/www.europesays.com\/fr\/wp-json\/wp\/v2\/media?parent=328611"}],"wp:term":[{"taxonomy":"category","embeddable":true,"href":"https:\/\/www.europesays.com\/fr\/wp-json\/wp\/v2\/categories?post=328611"},{"taxonomy":"post_tag","embeddable":true,"href":"https:\/\/www.europesays.com\/fr\/wp-json\/wp\/v2\/tags?post=328611"}],"curies":[{"name":"wp","href":"https:\/\/api.w.org\/{rel}","templated":true}]}}