{"id":328644,"date":"2025-08-19T05:52:13","date_gmt":"2025-08-19T05:52:13","guid":{"rendered":"https:\/\/www.europesays.com\/fr\/328644\/"},"modified":"2025-08-19T05:52:13","modified_gmt":"2025-08-19T05:52:13","slug":"toulon-sur-arroux-la-chorale-plein-ciel-prend-son-envol-et-devient-les-voix-de-larroux","status":"publish","type":"post","link":"https:\/\/www.europesays.com\/fr\/328644\/","title":{"rendered":"Toulon-sur-Arroux. La chorale Plein Ciel prend son envol et devient Les voix de l\u2019Arroux"},"content":{"rendered":"<p>La chorale Plein Ciel, une des activit\u00e9s du foyer rural, change de voie. D\u00e9sirant prendre son ind\u00e9pendance, elle se dote d\u2019une nouvelle identit\u00e9. Sous le nom\u00a0Les voix de l\u2019Arroux, la chorale, <a href=\"https:\/\/www.google.com\/url?sa=t&amp;rct=j&amp;q=&amp;esrc=s&amp;source=web&amp;cd=&amp;cad=rja&amp;uact=8&amp;ved=2ahUKEwj47Iq9r5SPAxUgUqQEHb7gBqkQFnoECBUQAQ&amp;url=https%253A%252F%252Fwww.lejsl.com%252Fculture-loisirs%252F2025%252F06%252F10%252Fun-accord-parfait-pour-deux-chorales&amp;usg=AOvVaw2z9vlO6gxUntTeDbRt47rJ&amp;opi=89978449\" target=\"_blank\" rel=\"noopener\">ne changeant en rien les habitudes<\/a> de r\u00e9p\u00e9tition ou de direction \u2013 l\u2019ensemble toujours men\u00e9 par David Aubret \u2013, a constitu\u00e9 un bureau. Ce vendredi 15\u00a0ao\u00fbt, \u00e0 la salle de la poste de Toulon-sur-Arroux, avait lieu la premi\u00e8re r\u00e9union du conseil d\u2019administration en pr\u00e9sence de la pr\u00e9sidente Isabelle Copret, de la vice-pr\u00e9sidente Gis\u00e8le Lauvergne, du tr\u00e9sorier Bart Verbekt, de la tr\u00e9sori\u00e8re adjointe Claire Pelamourgues, de la secr\u00e9taire Alain Malsot et de la secr\u00e9taire adjointe Anne-Marie Dubruc.<\/p>\n<p>La premi\u00e8re r\u00e9p\u00e9tition de l\u2019ann\u00e9e aura lieu le lundi 8\u00a0septembre \u00e0 la salle d\u2019animation du Moulin des roches de 20\u00a0\u00e0 22 heures. Toutes personnes d\u00e9sirant rejoindre le groupe de 37 choristes, sont invit\u00e9es \u00e0 se pr\u00e9senter ce soir-l\u00e0, pour participer \u00e0 une premi\u00e8re approche du programme du chef de ch\u0153ur qui, avec tout son art de la baguette, manie \u00e0 la perfection l\u2019apprentissage des partitions de la vari\u00e9t\u00e9 fran\u00e7aise.<\/p>\n<p class=\"note\">Contact Isabelle Copret\u00a0: 06-20-37-68-22.<\/p>\n","protected":false},"excerpt":{"rendered":"La chorale Plein Ciel, une des activit\u00e9s du foyer rural, change de voie. D\u00e9sirant prendre son ind\u00e9pendance, elle&hellip;\n","protected":false},"author":2,"featured_media":328645,"comment_status":"","ping_status":"","sticky":false,"template":"","format":"standard","meta":{"footnotes":""},"categories":[9619],"tags":[1111,11,12568,1777,674,107,1011,27,14000,12,882,25,104,2310,13999,1631],"class_list":{"0":"post-328644","1":"post","2":"type-post","3":"status-publish","4":"format-standard","5":"has-post-thumbnail","7":"category-toulon","8":"tag-actu","9":"tag-actualites","10":"tag-edition-montceau-les-mines","11":"tag-eu","12":"tag-europe","13":"tag-fil-info","14":"tag-fr","15":"tag-france","16":"tag-montceau-les-mines-bassin","17":"tag-news","18":"tag-provence-alpes-cote-dazur","19":"tag-republique-francaise","20":"tag-societe","21":"tag-toulon","22":"tag-toulon-sur-arroux","23":"tag-vie-associative"},"share_on_mastodon":{"url":"https:\/\/pubeurope.com\/@fr\/115053877335600430","error":""},"_links":{"self":[{"href":"https:\/\/www.europesays.com\/fr\/wp-json\/wp\/v2\/posts\/328644","targetHints":{"allow":["GET"]}}],"collection":[{"href":"https:\/\/www.europesays.com\/fr\/wp-json\/wp\/v2\/posts"}],"about":[{"href":"https:\/\/www.europesays.com\/fr\/wp-json\/wp\/v2\/types\/post"}],"author":[{"embeddable":true,"href":"https:\/\/www.europesays.com\/fr\/wp-json\/wp\/v2\/users\/2"}],"replies":[{"embeddable":true,"href":"https:\/\/www.europesays.com\/fr\/wp-json\/wp\/v2\/comments?post=328644"}],"version-history":[{"count":0,"href":"https:\/\/www.europesays.com\/fr\/wp-json\/wp\/v2\/posts\/328644\/revisions"}],"wp:featuredmedia":[{"embeddable":true,"href":"https:\/\/www.europesays.com\/fr\/wp-json\/wp\/v2\/media\/328645"}],"wp:attachment":[{"href":"https:\/\/www.europesays.com\/fr\/wp-json\/wp\/v2\/media?parent=328644"}],"wp:term":[{"taxonomy":"category","embeddable":true,"href":"https:\/\/www.europesays.com\/fr\/wp-json\/wp\/v2\/categories?post=328644"},{"taxonomy":"post_tag","embeddable":true,"href":"https:\/\/www.europesays.com\/fr\/wp-json\/wp\/v2\/tags?post=328644"}],"curies":[{"name":"wp","href":"https:\/\/api.w.org\/{rel}","templated":true}]}}