{"id":328648,"date":"2025-08-19T05:54:18","date_gmt":"2025-08-19T05:54:18","guid":{"rendered":"https:\/\/www.europesays.com\/fr\/328648\/"},"modified":"2025-08-19T05:54:18","modified_gmt":"2025-08-19T05:54:18","slug":"le-mans-mhsc-jespere-que-ce-genre-de-match-va-nous-debloquer-simon-a-fait-larret-pour-lequel-on-la-pris-camara-satisfait-apres-le-succes","status":"publish","type":"post","link":"https:\/\/www.europesays.com\/fr\/328648\/","title":{"rendered":"Le\u00a0Mans \u2013 MHSC\u00a0: \u00ab\u00a0J\u2019esp\u00e8re que ce genre de match va nous d\u00e9bloquer\u00a0\u00bb, \u00ab\u00a0Simon a fait l\u2019arr\u00eat pour lequel on l\u2019a pris\u00a0\u00bb, Camara satisfait apr\u00e8s le succ\u00e8s"},"content":{"rendered":"<p>\n                                                                L\u2019entra\u00eeneur de Montpellier retenait de nombreux points positifs apr\u00e8s la victoire de sa formation au\u00a0Mans (1-2), lundi 18\u00a0ao\u00fbt.\n                            <\/p>\n<p class=\"txt-question\">Comment vous voyez cette premi\u00e8re\u00a0victoire\u00a0?<\/p>\n<p>J\u2019ai toujours parl\u00e9 de reconstruction.\u00a0Vous pouvez voir l\u2019\u00e9tat physique des joueurs. On a encore beaucoup de travail. On n\u2019est que dans cette phase o\u00f9 les joueurs doivent assimiler les principes du jeu et le travail athl\u00e9tique pour se remettre en jambes.\u00a0Quand c\u2019est fait, on gagne les matchs. C\u2019est encore mieux de travailler dans la s\u00e9r\u00e9nit\u00e9. Cette \u00e9quipe a de la ressource, elle a de la personnalit\u00e9.\u00a0Elle l\u2019a montr\u00e9 ce soir.<\/p>\n<p class=\"txt-question\">Par rapport au premier match, pourquoi avez-vous d\u00e9cid\u00e9 de changer le syst\u00e8me d\u00e9fensif\u00a0et\u00a0d\u00e9cider\u00a0de changer tactiquement\u00a0?<\/p>\n<p>Parce que c\u2019est une \u00e9quipe qui \u00e9volue avec des pistons, qui occupe bien la largeur.\u00a0Je voulais que mon \u00e9quipe soit \u00e0 l\u2019aise pour pouvoir sortir. Ce n\u2019est pas un syst\u00e8me qui est mis en place pour \u00eatre d\u00e9fensif, c\u2019\u00e9tait justement pour \u00eatre conqu\u00e9rant. Et avoir aussi des pistons et d\u00e9clencher des pressions sur les c\u00f4t\u00e9s.<\/p>\n<p>\u00a0<\/p>\n<\/p>\n<p>                    <img decoding=\"async\" class=\"responsive-img\" src=\"https:\/\/www.europesays.com\/fr\/wp-content\/uploads\/2025\/08\/1755582857_434_hqdefault.jpg\"\/><br \/>\n                <a class=\"stretched-link\" href=\"#paywall\" rel=\"js-anchor\"><\/p>\n<p>        <\/a><\/p>\n<p>Je trouve qu\u2019il y avait Sainte-Luce, et de l\u2019autre c\u00f4t\u00e9 Tchato, on l\u2019a bien fait. Et \u00e7a nous permettait d\u2019\u00eatre \u00e0 l\u2019aise. Quand on joue \u00e0 quatre et qu\u2019on joue face \u00e0 une d\u00e9fense \u00e0 cinq, il faut beaucoup de jambes et de courage avec des centraux pour pouvoir d\u00e9caler et aller chercher.<\/p>\n<p>J\u2019ai pr\u00e9f\u00e9r\u00e9 les mettre \u00e0 l\u2019aise dans une ligne de cinq pour pouvoir \u00eatre conqu\u00e9rant.<\/p>\n<p class=\"txt-question\">Vous aviez deux joueurs aujourd\u2019hui qui d\u00e9butaient en pro. On a beaucoup parl\u00e9 de Simon cette semaine, mais vous avez\u00a0aussi lanc\u00e9 Naoufel El Hannach.\u00a0Qu\u2019est-ce qui vous a pouss\u00e9 \u00e0 le lancer\u00a0? Et un mot sur la prestation de Simon (Ngapandoutetnbu) pour sa premi\u00e8re.<\/p>\n<p>Je vais essayer de faire dans l\u2019ordre. Naoufel, c\u2019est un gar\u00e7on que je connais tr\u00e8s bien, bien \u00e9videmment.\u00a0Je connais sa capacit\u00e9. C\u2019est un gar\u00e7on qui a des jambes, il est dynamique. Il est capable de sortir des ballons.\u00a0Il a \u00e9norm\u00e9ment de fougue, \u00e0 l\u2019instar de certains que parfois il faut pousser. Lui, c\u2019est plus un joueur qu\u2019il faut parfois canaliser. J\u2019avais envie d\u2019ins\u00e9rer dans cette \u00e9quipe ce dynamisme et cette fougue. Je sais pourquoi il est l\u00e0. Je sais qu\u2019il \u00e9tait un peu impatient, mais sa force, c\u2019est aussi sa polyvalence. Il peut jouer lat\u00e9ral droit comme dans l\u2019axe.\u00a0Aujourd\u2019hui, je l\u2019ai utilis\u00e9 comme un troisi\u00e8me central. Pour sa premi\u00e8re, je trouve que c\u2019\u00e9tait tr\u00e8s bien.<\/p>\n<p>Ensuite, Simon, il a fait l\u2019arr\u00eat pour lequel on a pris, j\u2019ai envie de dire.\u00a0Il a d\u00e9gag\u00e9 une certaine s\u00e9r\u00e9nit\u00e9. Apr\u00e8s, vous pouvez le voir, il ne s\u2019entra\u00eenait pas avec l\u2019\u00e9quipe premi\u00e8re. Et \u00e0 ce niveau-l\u00e0, \u00e7a ne pardonne pas.\u00a0Des entra\u00eenements peut-\u00eatre avec beaucoup moins d\u2019intensit\u00e9. M\u00eame lui, en tant que gardien, il a fini avec des crampes. Il y a encore beaucoup de travail pour que physiquement, il soit pr\u00eat.<\/p>\n<p>Mais sur ce qu\u2019il d\u00e9montre, j\u2019aime sa tranquillit\u00e9, sa s\u00e9r\u00e9nit\u00e9 qui d\u00e9gage. Et surtout l\u2019arr\u00eat d\u00e9cisif qu\u2019il fait sur cette frappe.<\/p>\n<p class=\"txt-question\">Vous en avez parl\u00e9 tout \u00e0 l\u2019heure de l\u2019\u00e9tat physique et vous\u00a0parlez\u00a0\u00e0 nouveau des crampes.\u00a0Est-ce que c\u2019est inqui\u00e9tant ou est-ce que c\u2019est normal selon vous \u00e0 ce stade de la saison\u00a0?<\/p>\n<p>Je pense que l\u2019aspect \u00e9motionnel peut aussi jouer l\u00e0-dedans. Il ne faut pas oublier une chose, je parle de reconstruction. Le physique\u00a0est aussi important.\u00a0Une \u00e9quipe qui n\u2019a gagn\u00e9 que 4 matchs, 16 points, tr\u00e8s peu de victoires dans une saison, c\u2019est lourd. Du coup, peut-\u00eatre que nerveusement, \u00e7a peut impacter sur les jambes. Maintenant, j\u2019esp\u00e8re que ce genre de match va nous d\u00e9bloquer.<\/p>\n<p>En tout cas, on va continuer \u00e0 travailler et essayer de faire en sorte que les joueurs physiquement soient capables de tenir plus de 90 minutes. Mais il n\u2019y a pas de raison parce que c\u2019est un groupe qui bosse bien et qui avance.<\/p>\n<p class=\"txt-question\">Christopher Jullien est-il sorti bless\u00e9\u00a0?<\/p>\n<p>Non, c\u2019est un choix de ma part de vouloir mettre une meilleure gestion de la profondeur.\u00a0Christopher, c\u2019est un leader dans cette \u00e9quipe. Mais il ne faut pas oublier que \u00e7a fait un an qu\u2019il n\u2019a pas jou\u00e9. Il faut que j\u2019aille de mani\u00e8re progressive.<\/p>\n<p>J\u2019ai d\u00e9cid\u00e9 de ce choix par rapport \u00e0 ce que je voyais pendant le match. Mais c\u2019est un joueur qui me donne amplement satisfaction et qui fait vraiment partie de cette id\u00e9e. Entre autres, j\u2019ai besoin de joueurs concern\u00e9s.\u00a0Quand je peux ou je n\u2019ai pas de choix, je fais avec. Il y a l\u2019arriv\u00e9e des personnes. J\u2019ai Th\u00e9o Chennahi pour\u00a0ce poste.\u00a0J\u2019utilise en ce moment Mouanga et Omeragic qui me donnent une grosse satisfaction. C\u2019est un choix, mais c\u2019est un choix assum\u00e9 de ma part.<\/p>\n<p>\u00a0<\/p>\n","protected":false},"excerpt":{"rendered":"L\u2019entra\u00eeneur de Montpellier retenait de nombreux points positifs apr\u00e8s la victoire de sa formation au\u00a0Mans (1-2), lundi 18\u00a0ao\u00fbt.&hellip;\n","protected":false},"author":2,"featured_media":328649,"comment_status":"","ping_status":"","sticky":false,"template":"","format":"standard","meta":{"footnotes":""},"categories":[9599],"tags":[1111,11,1777,674,1011,27,2208,12,2680,25],"class_list":{"0":"post-328648","1":"post","2":"type-post","3":"status-publish","4":"format-standard","5":"has-post-thumbnail","7":"category-montpellier","8":"tag-actu","9":"tag-actualites","10":"tag-eu","11":"tag-europe","12":"tag-fr","13":"tag-france","14":"tag-montpellier","15":"tag-news","16":"tag-occitanie","17":"tag-republique-francaise"},"share_on_mastodon":{"url":"https:\/\/pubeurope.com\/@fr\/115053885203704814","error":""},"_links":{"self":[{"href":"https:\/\/www.europesays.com\/fr\/wp-json\/wp\/v2\/posts\/328648","targetHints":{"allow":["GET"]}}],"collection":[{"href":"https:\/\/www.europesays.com\/fr\/wp-json\/wp\/v2\/posts"}],"about":[{"href":"https:\/\/www.europesays.com\/fr\/wp-json\/wp\/v2\/types\/post"}],"author":[{"embeddable":true,"href":"https:\/\/www.europesays.com\/fr\/wp-json\/wp\/v2\/users\/2"}],"replies":[{"embeddable":true,"href":"https:\/\/www.europesays.com\/fr\/wp-json\/wp\/v2\/comments?post=328648"}],"version-history":[{"count":0,"href":"https:\/\/www.europesays.com\/fr\/wp-json\/wp\/v2\/posts\/328648\/revisions"}],"wp:featuredmedia":[{"embeddable":true,"href":"https:\/\/www.europesays.com\/fr\/wp-json\/wp\/v2\/media\/328649"}],"wp:attachment":[{"href":"https:\/\/www.europesays.com\/fr\/wp-json\/wp\/v2\/media?parent=328648"}],"wp:term":[{"taxonomy":"category","embeddable":true,"href":"https:\/\/www.europesays.com\/fr\/wp-json\/wp\/v2\/categories?post=328648"},{"taxonomy":"post_tag","embeddable":true,"href":"https:\/\/www.europesays.com\/fr\/wp-json\/wp\/v2\/tags?post=328648"}],"curies":[{"name":"wp","href":"https:\/\/api.w.org\/{rel}","templated":true}]}}