{"id":328650,"date":"2025-08-19T05:55:11","date_gmt":"2025-08-19T05:55:11","guid":{"rendered":"https:\/\/www.europesays.com\/fr\/328650\/"},"modified":"2025-08-19T05:55:11","modified_gmt":"2025-08-19T05:55:11","slug":"carte-vous-vivez-peut-etre-dans-une-commune-officiellement-rurale-en-seine-maritime-et-ca-a-un-impact","status":"publish","type":"post","link":"https:\/\/www.europesays.com\/fr\/328650\/","title":{"rendered":"CARTE. Vous vivez peut-\u00eatre dans une commune officiellement rurale en Seine-Maritime (et \u00e7a a un impact)"},"content":{"rendered":"<p>            Par<br \/>\n        <strong><br \/>\n            <a href=\"https:\/\/actu.fr\/auteur\/yann-rivallan\" title=\"Consulter tous les articles de Yann Rivallan\" rel=\"nofollow noopener\" target=\"_blank\">Yann Rivallan<\/a><br \/>\n        <\/strong><\/p>\n<p>        Publi\u00e9 le<\/p>\n<p>            19 ao\u00fbt 2025 \u00e0 7h22        <\/p>\n<p>On entend r\u00e9guli\u00e8rement parler de ruralit\u00e9, en r\u00e9f\u00e9rence \u00e0 notre bonne vieille campagne. Mais qu\u2019est-ce que \u00e7a veut vraiment dire\u2009? Qu\u2019est-ce qui d\u00e9finit une commune comme \u00e9tant\u00a0<strong>officiellement<\/strong> <strong>rurale<\/strong>\u2009? Ou au contraire urbaine\u2009? Alors que la pr\u00e9fecture vient de mettre \u00e0 jour la liste des communes rurales <a href=\"https:\/\/actu.fr\/normandie\/seine-maritime_76\" rel=\"nofollow noopener\" target=\"_blank\">de la Seine-Maritime<\/a>, on s\u2019est pos\u00e9 la question.<\/p>\n<p>Votre commune est-elle rurale\u2009?<\/p>\n<p class=\" wall-content\">Le 8\u00a0ao\u00fbt dernier, le pr\u00e9fet de la Seine-Maritime a <a href=\"https:\/\/www.seine-maritime.gouv.fr\/contenu\/telechargement\/68735\/485249\/file\/recueil-76-2025-159-recueil-des-actes-administratifs_compressed.pdf\" rel=\"nofollow noopener\" target=\"_blank\">mis \u00e0 jour la liste des communes rurales<\/a> de notre d\u00e9partement. Une t\u00e2che administrative anodine qui peut n\u00e9anmoins soulever des questions. D\u2019autant que <strong>certains \u00ab\u2009villages\u2009\u00bb ne sont pas forc\u00e9ment cat\u00e9goris\u00e9s comme ruraux<\/strong>. Comment l\u2019expliquer\u2009?<\/p>\n<p>    <a href=\"https:\/\/datawrapper.dwcdn.net\/vSSNN\/1\/\" title=\"Ouvrie le lien\" rel=\"nofollow noopener\" target=\"_blank\">Cliquez ici pour visualiser le contenu<\/a><\/p>\n<p class=\" wall-content\">Pour comprendre, nous avons tout d\u2019abord consult\u00e9 le <a href=\"https:\/\/www.insee.fr\/fr\/accueil\" rel=\"nofollow noopener\" target=\"_blank\">site internet de l\u2019Insee<\/a>. L\u2019Institut national de la statistique et des \u00e9tudes \u00e9conomiques d\u00e9finit une commune rurale comme suit\u2009: \u00ab\u2009Une commune rurale est une commune peu dense au sens de la grille communale de densit\u00e9. Les communes denses ou de densit\u00e9 interm\u00e9diaire sont dites urbaines.\u2009\u00bb<\/p>\n<p class=\" wall-content\">Ce n\u2019est pas forc\u00e9ment tr\u00e8s clair\u2026<\/p>\n<p>C\u2019est quoi concr\u00e8tement une commune rurale\u2009?<\/p>\n<p class=\" wall-content\">D\u00e9j\u00e0, il faut comprendre que ce classement ne repose <strong>pas uniquement sur le nombre d\u2019habitants<\/strong> d\u2019une commune. M\u00eame si la population influe sur la classification, ce n\u2019est pas toujours elle qui fait la diff\u00e9rence.<\/p>\n<p class=\" wall-content\">D\u2019apr\u00e8s la grille de densit\u00e9 de l\u2019Insee, les communes rurales sont d\u00e9finies \u00e0 la fois par le nombre d\u2019habitants, mais aussi <strong>leur concentration<\/strong> dans certaines zones. En bref, plus l\u2019espace d\u2019une commune est occup\u00e9 par un grand nombre d\u2019habitants au kilom\u00e8tre carr\u00e9, plus il y a de chances que cette commune soit d\u00e9finie comme \u00ab\u2009urbaine\u2009\u00bb.<\/p>\n<p class=\" wall-content\">\u00c0 l\u2019inverse, si la population d\u2019une commune est tr\u00e8s \u00e9parpill\u00e9e et peu concentr\u00e9e, on s\u2019oriente vers une commune rurale, bien souvent \u00e0 la campagne. <strong>La proximit\u00e9 avec une grande ville et ses nombreux services<\/strong> peut aussi avoir un impact dans le calcul.<\/p>\n<p>Votre r\u00e9gion, votre actu !<\/p>\n<p>Recevez chaque jour les infos qui comptent pour vous.<\/p>\n<p>\t<a href=\"https:\/\/actu.fr\/newsletter\" class=\"ac-btn ac-btn--corner ac-btn--medium ac-btn--blue800\" rel=\"nofollow noopener\" target=\"_blank\">S&rsquo;incrire<\/a><br \/>\nQuelles aides sont disponibles\u2009?<\/p>\n<p class=\" wall-content\">Mais qu\u2019implique pour une commune d\u2019\u00eatre cat\u00e9goris\u00e9e comme rurale\u2009? Est-ce que cela veut dire moins d\u2019aides financi\u00e8res\u2009? Ou au contraire plus\u2009? Selon la pr\u00e9fecture de Seine-Maritime, <strong>plusieurs aides sont r\u00e9serv\u00e9es<\/strong> aux communes rurales.<\/p>\n<p class=\" wall-content\">Au niveau d\u00e9partemental, \u00ab\u2009le conseil d\u00e9partemental peut fournir aux communes rurales une assistance technique appel\u00e9e \u2018aide \u00e0 l\u2019\u00e9quipement rural\u2019 \u00bb, pr\u00e9cisent les services de l\u2019\u00c9tat. Cette aide peut couvrir, par exemple, la r\u00e9fection d\u2019une route ou encore la modernisation d\u2019un r\u00e9seau d\u2019assainissement.<\/p>\n<p class=\" wall-content\">Mais une commune rurale peut aussi pr\u00e9tendre \u00e0 deux aides majeures de l\u2019\u00c9tat\u2009: <strong>la dotation d\u2019\u00e9quipement des territoires ruraux<\/strong> (DETR) et <strong>la dotation de solidarit\u00e9 rurale<\/strong> (DSR).<\/p>\n<p class=\" wall-content\">Pour la premi\u00e8re, il s\u2019agit d\u2019une aide au financement d\u2019un projet sp\u00e9cifique. Des travaux divers et vari\u00e9s, une nouvelle construction communale, l\u2019entretien du patrimoine, etc. La DSR, elle, est l\u00e0 pour <strong>soutenir les charges des communes rurales<\/strong> de moins de 10\u2009000\u00a0habitants et leur budget de fonctionnement annuel. Par exemple, la DSR peut apporter une aide financi\u00e8re pour compenser un manque de ressources fiscales.<\/p>\n<p class=\" wall-content\">En r\u00e9sum\u00e9, \u00eatre une commune rurale tend <strong>\u00e0 offrir pas mal d\u2019aides financi\u00e8res<\/strong>. Mais c\u2019est justifi\u00e9. Il s\u2019agit de communes souvent isol\u00e9es, qui manquent de services et de commerces, voire de ressources financi\u00e8res.<\/p>\n<p class=\" wall-content\">Personnalisez votre actualit\u00e9 en ajoutant vos villes et m\u00e9dias en favori avec <a href=\"https:\/\/moncompte.actu.fr\" title=\"D\u00e9couvez Mon Actu\" rel=\"nofollow noopener\" data-trk=\"{&quot;cta&quot;:{&quot;action&quot;:&quot;https:\\\/\\\/moncompte.actu.fr&quot;,&quot;category&quot;:&quot;mon compte&quot;,&quot;from&quot;:&quot;article footer&quot;,&quot;name&quot;:&quot;Mon actu&quot;,&quot;type&quot;:&quot;cta&quot;}}\" target=\"_blank\">Mon Actu<\/a>.<\/p>\n","protected":false},"excerpt":{"rendered":"Par Yann Rivallan Publi\u00e9 le 19 ao\u00fbt 2025 \u00e0 7h22 On entend r\u00e9guli\u00e8rement parler de ruralit\u00e9, en r\u00e9f\u00e9rence&hellip;\n","protected":false},"author":2,"featured_media":328651,"comment_status":"","ping_status":"","sticky":false,"template":"","format":"standard","meta":{"footnotes":""},"categories":[9587],"tags":[1111,11,6969,1777,674,1011,27,12,5161,25,9590,104],"class_list":{"0":"post-328650","1":"post","2":"type-post","3":"status-publish","4":"format-standard","5":"has-post-thumbnail","7":"category-rouen","8":"tag-actu","9":"tag-actualites","10":"tag-demographie","11":"tag-eu","12":"tag-europe","13":"tag-fr","14":"tag-france","15":"tag-news","16":"tag-normandie","17":"tag-republique-francaise","18":"tag-rouen","19":"tag-societe"},"share_on_mastodon":{"url":"https:\/\/pubeurope.com\/@fr\/115053888985828352","error":""},"_links":{"self":[{"href":"https:\/\/www.europesays.com\/fr\/wp-json\/wp\/v2\/posts\/328650","targetHints":{"allow":["GET"]}}],"collection":[{"href":"https:\/\/www.europesays.com\/fr\/wp-json\/wp\/v2\/posts"}],"about":[{"href":"https:\/\/www.europesays.com\/fr\/wp-json\/wp\/v2\/types\/post"}],"author":[{"embeddable":true,"href":"https:\/\/www.europesays.com\/fr\/wp-json\/wp\/v2\/users\/2"}],"replies":[{"embeddable":true,"href":"https:\/\/www.europesays.com\/fr\/wp-json\/wp\/v2\/comments?post=328650"}],"version-history":[{"count":0,"href":"https:\/\/www.europesays.com\/fr\/wp-json\/wp\/v2\/posts\/328650\/revisions"}],"wp:featuredmedia":[{"embeddable":true,"href":"https:\/\/www.europesays.com\/fr\/wp-json\/wp\/v2\/media\/328651"}],"wp:attachment":[{"href":"https:\/\/www.europesays.com\/fr\/wp-json\/wp\/v2\/media?parent=328650"}],"wp:term":[{"taxonomy":"category","embeddable":true,"href":"https:\/\/www.europesays.com\/fr\/wp-json\/wp\/v2\/categories?post=328650"},{"taxonomy":"post_tag","embeddable":true,"href":"https:\/\/www.europesays.com\/fr\/wp-json\/wp\/v2\/tags?post=328650"}],"curies":[{"name":"wp","href":"https:\/\/api.w.org\/{rel}","templated":true}]}}