{"id":328654,"date":"2025-08-19T05:59:21","date_gmt":"2025-08-19T05:59:21","guid":{"rendered":"https:\/\/www.europesays.com\/fr\/328654\/"},"modified":"2025-08-19T05:59:21","modified_gmt":"2025-08-19T05:59:21","slug":"le-climat-libe-tour-a-grenoble-une-tribune-politique-au-service-dun-camp","status":"publish","type":"post","link":"https:\/\/www.europesays.com\/fr\/328654\/","title":{"rendered":"LE \u00ab\u00a0CLIMAT LIB\u00c9 TOUR\u00a0\u00bb \u00c0 GRENOBLE, UNE TRIBUNE POLITIQUE AU SERVICE D&rsquo;UN CAMP"},"content":{"rendered":"<p>Posted On 19 ao\u00fbt 2025 <\/p>\n<p style=\"text-align: justify;\">Le \u00ab\u00a0Climat Lib\u00e9 Tour\u00a0\u00bb va \u00e0 nouveau faire \u00e9tape \u00e0 Grenoble dans quelques semaines : un \u00e9v\u00e9nement organis\u00e9 par le journal Lib\u00e9ration en partenariat avec la m\u00e9tropole de Grenoble qui pose question vue la politisation des intervenants, en pleine p\u00e9riode de r\u00e9serve \u00e9lectorale.<\/p>\n<p>LIB\u00c9 VEUT \u00ab\u00a0CHANGER LE CLIMAT DU D\u00c9BAT\u00a0\u00bb&#8230;<\/p>\n<p style=\"text-align: justify;\"><a target=\"_blank\" href=\"https:\/\/www.climat-libe-tour.liberation.fr\/\" rel=\"noopener\">C&rsquo;est la deuxi\u00e8me \u00e9dition<\/a> de ce tour organis\u00e9 par le quotidien qui se pr\u00e9sente lui-m\u00eame comme \u00ab\u00a0le journal de toutes les gauches\u00a0\u00bb. Et comme \u00e0 l&rsquo;automne 2024, l&rsquo;\u00e9v\u00e9nement ne fait \u00e9tape que dans des villes o\u00f9 des majorit\u00e9s roses\/rouges\/vertes sont \u00e9lues (Paris, Bordeaux, Lyon, Rouen, Marseille..). L&rsquo;objectif affich\u00e9 de cette tourn\u00e9e est d\u00a0\u00bb&lsquo;\u00e9clairer les solutions face \u00e0 l\u2019urgence \u00e9cologique\u00a0\u00bb et de \u00ab\u00a0changer le climat du d\u00e9bat\u00a0\u00bb&#8230;<\/p>\n<p><a href=\"https:\/\/i0.wp.com\/grenoble-le-changement.fr\/wp-content\/uploads\/2024\/10\/climat-libe-tour.jpg?ssl=1\" rel=\"lightbox[84077] noopener\" target=\"_blank\"><img loading=\"lazy\" decoding=\"async\" class=\" wp-image-76935 jetpack-lazy-image\" src=\"https:\/\/i0.wp.com\/grenoble-le-changement.fr\/wp-content\/uploads\/2024\/10\/climat-libe-tour.jpg?resize=515%2C290&amp;ssl=1\" alt=\"\" width=\"515\" height=\"290\" data-recalc-dims=\"1\" data-lazy-src=\"https:\/\/www.europesays.com\/fr\/wp-content\/uploads\/2025\/08\/climat-libe-tour.jpg\" \/><\/a>L&rsquo;affiche de l&rsquo;an dernier, avec la m\u00e9tropole en partenaire<br \/>\n&#8230; MAIS NE PARLE QU&rsquo;\u00c0 UN ENTRE-SOI<\/p>\n<p style=\"text-align: justify;\">&#8230; mais le fait de ne choisir que des villes o\u00f9 les \u00e9lus en place sont acquis et des intervenants tr\u00e8s politis\u00e9s font plut\u00f4t de l&rsquo;\u00e9v\u00e9nement un outil de matraquage id\u00e9ologique pour assurer la propagande et l&rsquo;agenda d&rsquo;un bord politique. Et le tour rel\u00e8ve finalement bien plus de l&rsquo;entre-soi pour se faire plaisir, que d&rsquo;une v\u00e9ritable volont\u00e9 d&rsquo;ouverture pour toucher et sensibiliser un public \u00e9loign\u00e9 des enjeux environnementaux.<\/p>\n<p>UN CASTING \u00c9MINEMMENT POLITIQUE&#8230;<\/p>\n<p style=\"text-align: justify;\"><a href=\"https:\/\/grenoble-le-changement.fr\/2024\/10\/07\/la-propagande-politique-avec-vos-impots\/\" target=\"_blank\" rel=\"noopener\">Le casting d&rsquo;intervenants de l&rsquo;an dernier<\/a> annon\u00e7ait la couleur : l&rsquo;ancien candidat Vert \u00e0 la pr\u00e9sidentielle No\u00ebl Mam\u00e8re, Ad\u00e9l\u00e4ide Charlier (une activiste des gr\u00e8ves pour le climat inspir\u00e9e par Greta Thunberg..), le s\u00e9nateur Vert Guillaume Gontard ou encore&#8230; Lucie Castets, que la gauche avait alors pass\u00e9 tout l&rsquo;\u00e9t\u00e9 \u00e0 fantasmer comme premi\u00e8re ministre. Elle n&rsquo;a aucune formation faisant d&rsquo;elle une personnalit\u00e9 qualifi\u00e9e pour parler de climat, ce qui confirme bien que l&rsquo;\u00e9v\u00e9nement est politique avant tout.<\/p>\n<p><a href=\"https:\/\/i0.wp.com\/grenoble-le-changement.fr\/wp-content\/uploads\/2024\/10\/lucie-castets-grenoble.png?ssl=1\" rel=\"lightbox[84077] noopener\" target=\"_blank\"><img loading=\"lazy\" decoding=\"async\" class=\" wp-image-76937 jetpack-lazy-image\" src=\"https:\/\/i0.wp.com\/grenoble-le-changement.fr\/wp-content\/uploads\/2024\/10\/lucie-castets-grenoble.png?resize=526%2C405&amp;ssl=1\" alt=\"\" width=\"526\" height=\"405\" data-recalc-dims=\"1\" data-lazy-src=\"https:\/\/www.europesays.com\/fr\/wp-content\/uploads\/2025\/08\/lucie-castets-grenoble.png\" \/><\/a>\u00ab\u00a0Celle que la gauche a imagin\u00e9e Premi\u00e8re ministre\u00a0\u00bb : voil\u00e0 pour le CV de l&rsquo;intervenante.<br \/>\n&#8230; QUI SE CONFIRME CETTE ANN\u00c9E<\/p>\n<p style=\"text-align: justify;\">Ce n&rsquo;est pas mieux cette ann\u00e9e. Avant Grenoble en septembre, le tour a d\u00e9j\u00e0 fait \u00e9tape au printemps \u00e0 Paris, Bourges, Bordeaux et Lyon. Les intervenants mis en avant sont Marine Tondelier (pr\u00e9sidente des Verts), l&rsquo;in\u00e9narrable Sandrine Rousseau (D\u00e9put\u00e9e Verte plus connue pour sa volont\u00e9 de pol\u00e9miquer sur tout et n&rsquo;importe quoi que pour son action), L\u00e9na Lazare (une activiste des <a href=\"https:\/\/grenoble-le-changement.fr\/2024\/04\/21\/pourquoi-le-38-rue-dalembert-nest-pas-ferme%ef%bf%bc\/\" target=\"_blank\" rel=\"noopener\">\u00ab\u00a0soul\u00e8vements de la terre\u00a0\u00bb<\/a>, mouvements \u00e0 l&rsquo;origine des violentes manifestations anti-bassine \u00e0 Sainte-Soline), Paloma Moritz du m\u00e9dia \u00e0 gauche toute \u00ab\u00a0Blast\u00a0\u00bb&#8230;<\/p>\n<p><a href=\"https:\/\/i1.wp.com\/grenoble-le-changement.fr\/wp-content\/uploads\/2025\/08\/france-television-activiste.png?ssl=1\" rel=\"lightbox[84077] noopener\" target=\"_blank\"><img loading=\"lazy\" decoding=\"async\" class=\" wp-image-84092 jetpack-lazy-image\" src=\"https:\/\/i1.wp.com\/grenoble-le-changement.fr\/wp-content\/uploads\/2025\/08\/france-television-activiste.png?resize=678%2C373&amp;ssl=1\" alt=\"\" width=\"678\" height=\"373\" data-recalc-dims=\"1\" data-lazy-src=\"https:\/\/www.europesays.com\/fr\/wp-content\/uploads\/2025\/08\/france-television-activiste.png\" \/><\/a>Au programme, la diffusion d&rsquo;une s\u00e9rie, financ\u00e9e avec vos imp\u00f4ts, qui fait l&rsquo;apologie de l&rsquo;activisme le plus violent qui soit.<br \/>\nCHRISTOPHE FERRARI (Place Publique) \u00c0 NOUVEAU INVIT\u00c9 EN INTERVENANT<\/p>\n<p style=\"text-align: justify;\"><a target=\"_blank\" href=\"https:\/\/www.liberation.fr\/forums\/climat-libe-tour-grenoble-la-science-resiste-20250818_YVKDM3CZNFDOPMFIOVDYI2CBOY\/\" rel=\"noopener\">Le programme grenoblois<\/a> d\u00e9voil\u00e9 cette semaine s&rsquo;inscrit dans cette m\u00eame veine. On retrouvera <a target=\"_blank\" href=\"https:\/\/linktr.ee\/p.rouviere\" rel=\"noopener\">Pierre Rouvi\u00e8re<\/a>, un activiste num\u00e9rique qui dispense ses le\u00e7ons et en a fait un business tout \u00e0 fait lucratif pour lui, Fran\u00e7ois Briens, un \u00ab\u00a0sp\u00e9cialiste de la d\u00e9croissance\u00a0\u00bb, Lauren Boudard, fondatrice du m\u00e9dia \u00ab\u00a0Climax\u00a0\u00bb \u00e0 la ligne tr\u00e8s ouvertement anti-capitaliste&#8230; ou encore, comme l&rsquo;an dernier, Christophe Ferrari (ex PS d\u00e9sormais \u00ab\u00a0Place Publique), le pr\u00e9sident de la m\u00e9tropole.\u00a0<\/p>\n<p>LA M\u00c9TROPOLE ASSOCI\u00c9E \u00c0 L&rsquo;\u00c9TAPE&#8230;<\/p>\n<p style=\"text-align: justify;\">Et c&rsquo;est bien l\u00e0 le probl\u00e8me. Le journal Lib\u00e9ration peut bien s\u00fbr organiser ce qu&rsquo;il souhaite mais \u00e0 Grenoble, <a target=\"_blank\" href=\"https:\/\/www.mc2grenoble.fr\/le-climat-libe-tour-revient-a-la-mc2\/\" rel=\"noopener\">la m\u00e9tropole est associ\u00e9e \u00e0 l&rsquo;\u00e9tape<\/a> et le revendique avec fiert\u00e9. Elle accueille les intervenants \u00e0 la Maison de la Culture et le pr\u00e9sident est invit\u00e9 \u00e0 participer. Il peut ainsi faire la promotion de sa politique au sein d&rsquo;un \u00e9v\u00e9nement volontairement politis\u00e9, en utilisant la collectivit\u00e9 donc les moyens publics, et ce en pleine p\u00e9riode \u00e9lectorale, \u00e0 moins de 6 mois des \u00e9lections municipales.<\/p>\n<p>&#8230; SANS QUE CELA N&rsquo;\u00c9MEUVE<\/p>\n<p style=\"text-align: justify;\">Mais la culture dominante favorable \u00e0 ce camp rend cela acceptable aux yeux des commentateurs. Pourtant que n&rsquo;entendrait-on pas si un Pr\u00e9sident de m\u00e9tropole marqu\u00e9 \u00e0 droite accueillait des conf\u00e9rences avec les moyens de la collectivit\u00e9, ne s&rsquo;attardant que sur des th\u00e8mes comme la s\u00e9curit\u00e9 ou la fiscalit\u00e9, et avec uniquement des intervenants favorables \u00e0 son point de vue dont des politiques en activit\u00e9 ?<\/p>\n<p>FERRARI D\u00c9BATTRA AVEC UN MEMBRE DU GIEC QUI D\u00c9NONCE L&rsquo;URBANISME GRENOBLOIS<\/p>\n<p style=\"text-align: justify;\">L&rsquo;op\u00e9ration pourrait toutefois se retourner contre Christophe Ferrari, car lui qui fait partie des chantres de la b\u00e9tonisation qui a fait de Grenoble la 1\u00e8re ville de France pour les ilots de chaleur d\u00e9battra avec Thierry Lebel, climatologue et membre du GIEC.<\/p>\n<p style=\"text-align: justify;\">Or ce dernier<a href=\"https:\/\/grenoble-le-changement.fr\/2022\/09\/21\/un-membre-du-giec-condamne-la-betonisation-de-grenoble\/\" target=\"_blank\" rel=\"noopener\">\u00a0d\u00e9clarait en 2022<\/a> : \u00ab\u00a0les \u00e9difices qui ont pouss\u00e9 sur la Presqu\u2019\u00eele sont aberrants : construits sur du bitume, avec une mauvaise circulation d\u2019air. Il existe tout un tas de pr\u00e9conisations au sujet de la ville durable. Ce sont des messages que nous avons d\u00e9j\u00e0 v\u00e9hicul\u00e9s, depuis 2003 au moins. Or, dans une ville comme Grenoble, qui est une cuvette, il n\u2019y a pas eu de v\u00e9ritable politique de la part des collectivit\u00e9s territoriales\u00a0\u00bb.<\/p>\n<p><a href=\"https:\/\/i1.wp.com\/grenoble-le-changement.fr\/wp-content\/uploads\/2024\/03\/IMG_0713-scaled.jpg?ssl=1\" rel=\"lightbox[84077] noopener\" target=\"_blank\"><img loading=\"lazy\" decoding=\"async\" class=\" wp-image-72625 jetpack-lazy-image\" src=\"https:\/\/i1.wp.com\/grenoble-le-changement.fr\/wp-content\/uploads\/2024\/03\/IMG_0713.jpg?resize=559%2C745&amp;ssl=1\" alt=\"\" width=\"559\" height=\"745\" data-recalc-dims=\"1\" data-lazy-src=\"https:\/\/www.europesays.com\/fr\/wp-content\/uploads\/2025\/08\/IMG_0713.jpg\" \/><\/a>La Presqu&rsquo;\u00eele, paradis du b\u00e9ton avec 4000 logements pour 1m2 d&rsquo;espace vert par habitant : le \u00ab\u00a0Climat Lib\u00e9 Tour\u00a0\u00bb parlera-t-il des h\u00e9r\u00e9sies grenobloises en mati\u00e8re d&rsquo;adaptation de la ville au changement climatique ?<br \/>\nUN MATRAQUAGE ID\u00c9OLOGIQUE AU SERVICE D&rsquo;UN CAMP<\/p>\n<p style=\"text-align: justify;\">Reste que le \u00ab\u00a0Climat Lib\u00e9 Tour\u00a0\u00bb s&rsquo;inscrit dans un contexte de lobbying culturel local, comme une pi\u00e8ce suppl\u00e9mentaire du <a href=\"https:\/\/grenoble-le-changement.fr\/2025\/04\/14\/alternatiba-toujours-rien-contre-la-municipalite\/\" target=\"_blank\" rel=\"noopener\">matraquage culturel \u00e0 l&rsquo;oeuvre<\/a> avec la mobilisation de longue date d&rsquo;officines comme Alternatiba, Extinction Rebellion, ANV COP21&#8230; Celles-ci ayant la particularit\u00e9 de ne jamais s&rsquo;attaquer aux responsables locaux, que ce soit la municipalit\u00e9 Verts\/LFI de Piolle ou la m\u00e9tropole, malgr\u00e9 leur bilan plus que critiquable en mati\u00e8re d&rsquo;\u00e9cologie. La proximit\u00e9 politique passe avant les id\u00e9aux.<\/p>\n<p>UNE TRIBUNE POLITIQUE QUI POSE QUESTION<\/p>\n<p style=\"text-align: justify;\">Sous couvert d&rsquo;urgence \u00e9cologique, il s&rsquo;agit donc surtout de d\u00e9rouler le tapis rouge \u00e0 un camp politique, avec les moyens du contribuable. \u00c0 moins de six mois des \u00e9lections municipales, la tribune offerte par le \u00ab\u00a0Climat Lib\u00e9 Tour\u00a0\u00bb pose une question d\u00e9mocratique.<\/p>\n<p style=\"text-align: justify;\">Mais gageons que ce qui \u00ab\u00a0change le climat du d\u00e9bat\u00a0\u00bb d\u00e9sormais, c&rsquo;est le foss\u00e9 que constatent de plus en plus les Grenoblois <a href=\"https:\/\/grenoble-le-changement.fr\/2025\/08\/16\/fausse-gratuite-des-transports-ladtc-se-separe-de-la-majorite-municipale\/\" target=\"_blank\" rel=\"noopener\">entre les actes, le bilan et les discours<\/a>. Et un \u00e9v\u00e9nement au public acquis d&rsquo;avance ne devrait pas changer le ras-le-bol qui monte en cons\u00e9quence.<\/p>\n","protected":false},"excerpt":{"rendered":"Posted On 19 ao\u00fbt 2025 Le \u00ab\u00a0Climat Lib\u00e9 Tour\u00a0\u00bb va \u00e0 nouveau faire \u00e9tape \u00e0 Grenoble dans quelques&hellip;\n","protected":false},"author":2,"featured_media":328655,"comment_status":"","ping_status":"","sticky":false,"template":"","format":"standard","meta":{"footnotes":""},"categories":[9566],"tags":[1111,11,46584,2430,9604,9607,1777,674,1011,27,46585,2731,26418,23945,46586,46587,13520,4729,12,46588,46589,46590,25,6522],"class_list":{"0":"post-328654","1":"post","2":"type-post","3":"status-publish","4":"format-standard","5":"has-post-thumbnail","7":"category-grenoble","8":"tag-actu","9":"tag-actualites","10":"tag-adelaide-charlier","11":"tag-auvergne-rhone-alpes","12":"tag-christophe-ferrari","13":"tag-eric-piolle","14":"tag-eu","15":"tag-europe","16":"tag-fr","17":"tag-france","18":"tag-francois-briens","19":"tag-grenoble","20":"tag-greta-thunberg","21":"tag-guillaume-gontard","22":"tag-lauren-boudard","23":"tag-lena-lazare","24":"tag-lucie-castets","25":"tag-marine-tondelier","26":"tag-news","27":"tag-noel-mamere","28":"tag-paloma-moritz","29":"tag-pierre-rouviere","30":"tag-republique-francaise","31":"tag-sandrine-rousseau"},"share_on_mastodon":{"url":"https:\/\/pubeurope.com\/@fr\/115053904907219865","error":""},"_links":{"self":[{"href":"https:\/\/www.europesays.com\/fr\/wp-json\/wp\/v2\/posts\/328654","targetHints":{"allow":["GET"]}}],"collection":[{"href":"https:\/\/www.europesays.com\/fr\/wp-json\/wp\/v2\/posts"}],"about":[{"href":"https:\/\/www.europesays.com\/fr\/wp-json\/wp\/v2\/types\/post"}],"author":[{"embeddable":true,"href":"https:\/\/www.europesays.com\/fr\/wp-json\/wp\/v2\/users\/2"}],"replies":[{"embeddable":true,"href":"https:\/\/www.europesays.com\/fr\/wp-json\/wp\/v2\/comments?post=328654"}],"version-history":[{"count":0,"href":"https:\/\/www.europesays.com\/fr\/wp-json\/wp\/v2\/posts\/328654\/revisions"}],"wp:featuredmedia":[{"embeddable":true,"href":"https:\/\/www.europesays.com\/fr\/wp-json\/wp\/v2\/media\/328655"}],"wp:attachment":[{"href":"https:\/\/www.europesays.com\/fr\/wp-json\/wp\/v2\/media?parent=328654"}],"wp:term":[{"taxonomy":"category","embeddable":true,"href":"https:\/\/www.europesays.com\/fr\/wp-json\/wp\/v2\/categories?post=328654"},{"taxonomy":"post_tag","embeddable":true,"href":"https:\/\/www.europesays.com\/fr\/wp-json\/wp\/v2\/tags?post=328654"}],"curies":[{"name":"wp","href":"https:\/\/api.w.org\/{rel}","templated":true}]}}