{"id":328662,"date":"2025-08-19T06:03:09","date_gmt":"2025-08-19T06:03:09","guid":{"rendered":"https:\/\/www.europesays.com\/fr\/328662\/"},"modified":"2025-08-19T06:03:09","modified_gmt":"2025-08-19T06:03:09","slug":"les-sapeurs-pompiers-mobilises-pour-un-debut-de-feu-dans-lentreprise-nlmk-a-strasbourg-le-sinistre-vite-contenu","status":"publish","type":"post","link":"https:\/\/www.europesays.com\/fr\/328662\/","title":{"rendered":"Les sapeurs-pompiers mobilis\u00e9s pour un d\u00e9but de feu dans l&rsquo;entreprise NLMK \u00e0 Strasbourg\u00a0: le sinistre vite contenu"},"content":{"rendered":"<p>Une cinquantaine de sapeurs pompiers et d&rsquo;importants moyens ont \u00e9t\u00e9 mobilis\u00e9s ce lundi 18 ao\u00fbt \u00e0 21 h dans le quartier du Port du Rhin \u00e0 Strasbourg pour un d\u00e9but d&rsquo;incendie dans l&rsquo;entreprise NLMK. Le d\u00e9gagement de fum\u00e9e a pu \u00eatre contenu. <\/p>\n<p>Pr\u00e8s de 57 sapeurs-pompiers du Bas-Rhin et six engins ont \u00e9t\u00e9 mobilis\u00e9s lundi 18 ao\u00fbt \u00e0 Strasbourg dans le quartier du Port du Rhin. Ils ont \u00e9t\u00e9 appel\u00e9s vers 21h pour un d\u00e9but d&rsquo;incendie dans l&rsquo;entreprise NLMK, une soci\u00e9t\u00e9 qui fabrique des aciers.\u00a0Il s&rsquo;agissait d&rsquo;un <strong>d\u00e9gagement de fum\u00e9e<\/strong> dans une \u00e9tuve de laquage de finition au deuxi\u00e8me \u00e9tage d&rsquo;un b\u00e2timent mais le sinistre a finalement \u00e9t\u00e9 contenu gr\u00e2ce \u00e0 l&rsquo;intervention rapide de salari\u00e9s sur place.<\/p>\n<p>La fum\u00e9e a \u00e9t\u00e9 limit\u00e9e dans l&rsquo;\u00e9tuve et ne s&rsquo;est pas propag\u00e9 au reste de l&rsquo;entreprise. Et le dispositif a donc \u00e9t\u00e9 lev\u00e9.\u00a0Une trentaine de salari\u00e9s pourrait se retrouver au ch\u00f4mage technique ce mardi matin selon les pompiers du Bas-Rhin en fonction de l&rsquo;\u00e9tat de l&rsquo;\u00e9tuve.<\/p>\n","protected":false},"excerpt":{"rendered":"Une cinquantaine de sapeurs pompiers et d&rsquo;importants moyens ont \u00e9t\u00e9 mobilis\u00e9s ce lundi 18 ao\u00fbt \u00e0 21 h&hellip;\n","protected":false},"author":2,"featured_media":328663,"comment_status":"","ping_status":"","sticky":false,"template":"","format":"standard","meta":{"footnotes":""},"categories":[2820],"tags":[1111,11,1777,674,1011,27,775,12,25,640],"class_list":{"0":"post-328662","1":"post","2":"type-post","3":"status-publish","4":"format-standard","5":"has-post-thumbnail","7":"category-strasbourg","8":"tag-actu","9":"tag-actualites","10":"tag-eu","11":"tag-europe","12":"tag-fr","13":"tag-france","14":"tag-grand-est","15":"tag-news","16":"tag-republique-francaise","17":"tag-strasbourg"},"share_on_mastodon":{"url":"https:\/\/pubeurope.com\/@fr\/115053920458185819","error":""},"_links":{"self":[{"href":"https:\/\/www.europesays.com\/fr\/wp-json\/wp\/v2\/posts\/328662","targetHints":{"allow":["GET"]}}],"collection":[{"href":"https:\/\/www.europesays.com\/fr\/wp-json\/wp\/v2\/posts"}],"about":[{"href":"https:\/\/www.europesays.com\/fr\/wp-json\/wp\/v2\/types\/post"}],"author":[{"embeddable":true,"href":"https:\/\/www.europesays.com\/fr\/wp-json\/wp\/v2\/users\/2"}],"replies":[{"embeddable":true,"href":"https:\/\/www.europesays.com\/fr\/wp-json\/wp\/v2\/comments?post=328662"}],"version-history":[{"count":0,"href":"https:\/\/www.europesays.com\/fr\/wp-json\/wp\/v2\/posts\/328662\/revisions"}],"wp:featuredmedia":[{"embeddable":true,"href":"https:\/\/www.europesays.com\/fr\/wp-json\/wp\/v2\/media\/328663"}],"wp:attachment":[{"href":"https:\/\/www.europesays.com\/fr\/wp-json\/wp\/v2\/media?parent=328662"}],"wp:term":[{"taxonomy":"category","embeddable":true,"href":"https:\/\/www.europesays.com\/fr\/wp-json\/wp\/v2\/categories?post=328662"},{"taxonomy":"post_tag","embeddable":true,"href":"https:\/\/www.europesays.com\/fr\/wp-json\/wp\/v2\/tags?post=328662"}],"curies":[{"name":"wp","href":"https:\/\/api.w.org\/{rel}","templated":true}]}}