{"id":328667,"date":"2025-08-19T06:06:21","date_gmt":"2025-08-19T06:06:21","guid":{"rendered":"https:\/\/www.europesays.com\/fr\/328667\/"},"modified":"2025-08-19T06:06:21","modified_gmt":"2025-08-19T06:06:21","slug":"saint-aignan-de-grandlieu-libellules-et-anatides-des-acrobates-elegants","status":"publish","type":"post","link":"https:\/\/www.europesays.com\/fr\/328667\/","title":{"rendered":"Saint-Aignan-de-Grandlieu. Libellules et anatid\u00e9s, des acrobates \u00e9l\u00e9gants"},"content":{"rendered":"<p>Dans le cadre des animations d\u2019\u00e9t\u00e9 du patrimoine, une visite guid\u00e9e est propos\u00e9e, sur le th\u00e8me \u00ab\u00a0Libellules et anatid\u00e9s\u00a0\u00bb, focus sur ces \u00e9l\u00e9gants acrobates. Un animateur sera pr\u00e9sent dans l\u2019observatoire ornithologique en bois, install\u00e9 sur le site de Pierre-Aigu\u00eb.<\/p>\n<p>Les anatid\u00e9s constituent la plus importante famille d\u2019oiseaux de l\u2019ordre des anseriformes, qui comprend les oies, les cygnes, les canards et les esp\u00e8ces apparent\u00e9es.<\/p>\n<p>Samedi 23\u00a0ao\u00fbt, de 9\u00a0h \u00e0 12\u00a0h, visite comment\u00e9e sur le site de Pierre-Aigu\u00eb, en acc\u00e8s libre.<\/p>\n<p>\u00a0<\/p>\n","protected":false},"excerpt":{"rendered":"Dans le cadre des animations d\u2019\u00e9t\u00e9 du patrimoine, une visite guid\u00e9e est propos\u00e9e, sur le th\u00e8me \u00ab\u00a0Libellules et&hellip;\n","protected":false},"author":2,"featured_media":328668,"comment_status":"","ping_status":"","sticky":false,"template":"","format":"standard","meta":{"footnotes":""},"categories":[2818],"tags":[46593,1111,11,46592,46594,1777,674,1011,27,46591,766,12,2636,25,15126,3272],"class_list":{"0":"post-328667","1":"post","2":"type-post","3":"status-publish","4":"format-standard","5":"has-post-thumbnail","7":"category-nantes","8":"tag-acrobates","9":"tag-actu","10":"tag-actualites","11":"tag-anatides","12":"tag-elegants","13":"tag-eu","14":"tag-europe","15":"tag-fr","16":"tag-france","17":"tag-libellules","18":"tag-nantes","19":"tag-news","20":"tag-pays-de-la-loire","21":"tag-republique-francaise","22":"tag-saint-aignan-de-grandlieu","23":"tag-saint-nazaire"},"share_on_mastodon":{"url":"https:\/\/pubeurope.com\/@fr\/115053932382987392","error":""},"_links":{"self":[{"href":"https:\/\/www.europesays.com\/fr\/wp-json\/wp\/v2\/posts\/328667","targetHints":{"allow":["GET"]}}],"collection":[{"href":"https:\/\/www.europesays.com\/fr\/wp-json\/wp\/v2\/posts"}],"about":[{"href":"https:\/\/www.europesays.com\/fr\/wp-json\/wp\/v2\/types\/post"}],"author":[{"embeddable":true,"href":"https:\/\/www.europesays.com\/fr\/wp-json\/wp\/v2\/users\/2"}],"replies":[{"embeddable":true,"href":"https:\/\/www.europesays.com\/fr\/wp-json\/wp\/v2\/comments?post=328667"}],"version-history":[{"count":0,"href":"https:\/\/www.europesays.com\/fr\/wp-json\/wp\/v2\/posts\/328667\/revisions"}],"wp:featuredmedia":[{"embeddable":true,"href":"https:\/\/www.europesays.com\/fr\/wp-json\/wp\/v2\/media\/328668"}],"wp:attachment":[{"href":"https:\/\/www.europesays.com\/fr\/wp-json\/wp\/v2\/media?parent=328667"}],"wp:term":[{"taxonomy":"category","embeddable":true,"href":"https:\/\/www.europesays.com\/fr\/wp-json\/wp\/v2\/categories?post=328667"},{"taxonomy":"post_tag","embeddable":true,"href":"https:\/\/www.europesays.com\/fr\/wp-json\/wp\/v2\/tags?post=328667"}],"curies":[{"name":"wp","href":"https:\/\/api.w.org\/{rel}","templated":true}]}}