{"id":328671,"date":"2025-08-19T06:08:10","date_gmt":"2025-08-19T06:08:10","guid":{"rendered":"https:\/\/www.europesays.com\/fr\/328671\/"},"modified":"2025-08-19T06:08:10","modified_gmt":"2025-08-19T06:08:10","slug":"il-est-necessaire-de-renouveler-loffre","status":"publish","type":"post","link":"https:\/\/www.europesays.com\/fr\/328671\/","title":{"rendered":"\u00ab\u00a0Il est n\u00e9cessaire de renouveler l\u2019offre\u00a0\u00bb"},"content":{"rendered":"<p>\u00ab\u00a0La fr\u00e9quentation des propri\u00e9t\u00e9s est sensiblement la m\u00eame qu\u2019en 2024\u00a0; ce qui change, c\u2019est que les visiteurs ach\u00e8tent moins de bouteilles\u00a0\u00bb, analyse Christophe Chateau, directeur de la communication au Conseil interprofessionnel du vin de Bordeaux (CIVB). Une analyse encore partielle alors que la saison touristique est toujours en cours et qu\u2019on n\u2019aura pas de donn\u00e9es fiables avant la fin septembre. Reste que cette appr\u00e9ciation \u00e0 chaud rejoint celle des autres professionnels du tourisme\u00a0:<a href=\"https:\/\/www.sudouest.fr\/tourisme\/gironde\/tourisme-en-gironde-on-souffre-moins-que-d-autres-secteurs-a-bordeaux-les-lieux-culturels-attirent-toujours-les-vacanciers-en-juillet-25493869.php\" target=\"_blank\" rel=\"follow nofollow noopener\"> la Gironde est toujours attractive<\/a>, mais, dans un contexte de baisse du pouvoir d\u2019achat, les visiteurs font plus attention \u00e0 leurs d\u00e9penses.<\/p>\n<p>L\u2019\u0153notourisme reste pourtant l\u2019un des principaux atouts du d\u00e9partement, pionnier dans ce domaine\u00a0: les premi\u00e8res visites de propri\u00e9t\u00e9s ont \u00e9t\u00e9 organis\u00e9es d\u00e8s les ann\u00e9es 1980. Des lieux comme la Winery d\u2019Arsac ont ouvert d\u00e8s 2007 \u2013 elle est aujourd\u2019hui ferm\u00e9e \u2013, suivis en 2016 par la Cit\u00e9 du vin. \u00ab\u00a0Et le vignoble bordelais b\u00e9n\u00e9ficie d\u2019une notori\u00e9t\u00e9 forte, poursuit Christophe Chateau. Il est proche de la mer, ce qui fait qu\u2019<a href=\"https:\/\/www.sudouest.fr\/tourisme\/oenotourisme\/on-ne-serait-jamais-venus-ici-de-nous-memes-les-vignobles-medocains-ouvrent-leurs-portes-aux-touristes-en-afterbeach-20946718.php\" target=\"_blank\" rel=\"follow nofollow noopener\">apr\u00e8s la plage des touristes peuvent aller visiter des propri\u00e9t\u00e9s<\/a>, et il est situ\u00e9 \u00e0 mi-chemin entre l\u2019Europe du nord et la p\u00e9ninsule ib\u00e9rique\u00a0: la Gironde est une zone de coupure.\u00a0\u00bb<\/p>\n<p>\u00c9v\u00e9nements instagrammables<\/p>\n<p>\u00ab\u00a0\u00c0 condition d\u2019\u00eatre capable de renouveler\u00a0l\u2019offre\u00a0\u00bb, temp\u00e8re Jacques Faurens, conseiller \u0153notourisme \u00e0 la Chambre de commerce et d\u2019industrie (CCI). \u00ab\u00a0Les gens qui sont all\u00e9s visiter les chais d\u2019une exploitation une ann\u00e9e n\u2019auront pas forc\u00e9ment envie d\u2019y revenir l\u2019ann\u00e9e suivante si on ne leur propose rien de nouveau. La d\u00e9couverte d\u2019un vin, f\u00fbt-il r\u00e9put\u00e9, ne suffit pas toujours. Personnellement, je crois beaucoup \u00e0 ce que la culture peut apporter.\u00a0\u00bb<\/p>\n<blockquote><p>\u00ab\u00a0Le public a chang\u00e9\u00a0: avant il venait dans les propri\u00e9t\u00e9s pour comprendre comment on fait le vin\u00a0; maintenant il vient pour se changer les id\u00e9es\u00a0\u00bb<\/p><\/blockquote>\n<p>Dans ce domaine aussi le vignoble girondin est tr\u00e8s actif depuis une vingtaine d\u2019ann\u00e9es\u00a0: expositions de peinture, concerts classiques ou jazz, voire \u00e9v\u00e9nements li\u00e9s au cin\u00e9ma comme les <a href=\"https:\/\/www.sudouest.fr\/gironde\/casting-cinq-etoiles-et-masterclasses-le-festival-de-cinema-de-pauillac-en-gironde-cultive-sa-singularite-25190039.php\" target=\"_blank\" rel=\"follow nofollow noopener\">Vendanges du 7e\u00a0art<\/a> \u00e0 Pauillac. Mais en parall\u00e8le, on voit une offre diff\u00e9rente \u00e9merger autour de guinguettes et de soir\u00e9es musicales. \u00ab\u00a0Des \u00e9v\u00e9nements instagrammables, qu\u2019on peut partager avec des gens sur place mais aussi sur ses r\u00e9seaux sociaux, r\u00e9sume Christophe Chateau. Le public a chang\u00e9\u00a0: avant il venait dans les propri\u00e9t\u00e9s pour comprendre comment on fait le vin\u00a0; maintenant il vient pour se changer les id\u00e9es.\u00a0\u00bb<\/p>\n<p>Ventes en direct<\/p>\n<p>Une tendance qui a b\u00e9n\u00e9fici\u00e9 en particulier aux exploitations situ\u00e9es en Entre-deux-Mers, en appellation bordeaux ou bordeaux sup\u00e9rieur. Pas les vins les plus prestigieux, mais produits dans des lieux offrant de tr\u00e8s beaux points de vue sur la Dordogne et la Garonne.<\/p>\n<p>L\u2019\u0153notourisme serait de plus en plus d\u00e9connect\u00e9 du vin \u00e0 proprement parler\u00a0? C\u2019est ce que laisse penser <a href=\"https:\/\/www.sudouest.fr\/tourisme\/oenotourisme\/oenotourisme-en-gironde-20-circuits-a-velo-pour-decouvrir-le-vignoble-25238770.php\" target=\"_blank\" rel=\"follow nofollow noopener\">l\u2019essor des randonn\u00e9es \u00e0 travers les vignes<\/a>, \u00e0 pied, \u00e0 v\u00e9lo ou en trottinette \u00e9lectrique. \u00ab\u00a0M\u00eame si ce genre d\u2019offre permet aussi de r\u00e9cup\u00e9rer des gens qui vont au passage acheter des bouteilles, pointe Jacques Faurens. <a href=\"https:\/\/www.sudouest.fr\/vin\/crise-viticole-le-vignoble-bordelais-a-arrache-18-de-sa-surface-en-deux-ans-et-il-faudrait-arracher-encore-davantage-25284391.php\" target=\"_blank\" rel=\"follow nofollow noopener\">La crise de la viticulture<\/a> est telle qu\u2019aujourd\u2019hui certains exploitants vendent plus en direct que par l\u2019interm\u00e9diaire de n\u00e9gociants.\u00a0\u00bb<\/p>\n","protected":false},"excerpt":{"rendered":"\u00ab\u00a0La fr\u00e9quentation des propri\u00e9t\u00e9s est sensiblement la m\u00eame qu\u2019en 2024\u00a0; ce qui change, c\u2019est que les visiteurs ach\u00e8tent&hellip;\n","protected":false},"author":2,"featured_media":328672,"comment_status":"","ping_status":"","sticky":false,"template":"","format":"standard","meta":{"footnotes":""},"categories":[2817],"tags":[1111,11,1997,1777,674,1011,27,12,2219,25],"class_list":{"0":"post-328671","1":"post","2":"type-post","3":"status-publish","4":"format-standard","5":"has-post-thumbnail","7":"category-bordeaux","8":"tag-actu","9":"tag-actualites","10":"tag-bordeaux","11":"tag-eu","12":"tag-europe","13":"tag-fr","14":"tag-france","15":"tag-news","16":"tag-nouvelle-aquitaine","17":"tag-republique-francaise"},"share_on_mastodon":{"url":"https:\/\/pubeurope.com\/@fr\/115053940162451651","error":""},"_links":{"self":[{"href":"https:\/\/www.europesays.com\/fr\/wp-json\/wp\/v2\/posts\/328671","targetHints":{"allow":["GET"]}}],"collection":[{"href":"https:\/\/www.europesays.com\/fr\/wp-json\/wp\/v2\/posts"}],"about":[{"href":"https:\/\/www.europesays.com\/fr\/wp-json\/wp\/v2\/types\/post"}],"author":[{"embeddable":true,"href":"https:\/\/www.europesays.com\/fr\/wp-json\/wp\/v2\/users\/2"}],"replies":[{"embeddable":true,"href":"https:\/\/www.europesays.com\/fr\/wp-json\/wp\/v2\/comments?post=328671"}],"version-history":[{"count":0,"href":"https:\/\/www.europesays.com\/fr\/wp-json\/wp\/v2\/posts\/328671\/revisions"}],"wp:featuredmedia":[{"embeddable":true,"href":"https:\/\/www.europesays.com\/fr\/wp-json\/wp\/v2\/media\/328672"}],"wp:attachment":[{"href":"https:\/\/www.europesays.com\/fr\/wp-json\/wp\/v2\/media?parent=328671"}],"wp:term":[{"taxonomy":"category","embeddable":true,"href":"https:\/\/www.europesays.com\/fr\/wp-json\/wp\/v2\/categories?post=328671"},{"taxonomy":"post_tag","embeddable":true,"href":"https:\/\/www.europesays.com\/fr\/wp-json\/wp\/v2\/tags?post=328671"}],"curies":[{"name":"wp","href":"https:\/\/api.w.org\/{rel}","templated":true}]}}