{"id":328673,"date":"2025-08-19T06:09:10","date_gmt":"2025-08-19T06:09:10","guid":{"rendered":"https:\/\/www.europesays.com\/fr\/328673\/"},"modified":"2025-08-19T06:09:10","modified_gmt":"2025-08-19T06:09:10","slug":"tourcoing-un-grand-marche-de-createurs-sur-le-quai-de-bordeaux-organise-ce-dimanche","status":"publish","type":"post","link":"https:\/\/www.europesays.com\/fr\/328673\/","title":{"rendered":"Tourcoing. Un grand march\u00e9 de cr\u00e9ateurs sur le Quai de Bordeaux organis\u00e9 ce dimanche"},"content":{"rendered":"<p>            Par<br \/>\n        <strong><br \/>\n            <a href=\"https:\/\/actu.fr\/auteur\/nicolas-demollien\" title=\"Consulter tous les articles de Nicolas Demollien\" rel=\"nofollow noopener\" target=\"_blank\">Nicolas Demollien<\/a><br \/>\n        <\/strong><\/p>\n<p>        Publi\u00e9 le<\/p>\n<p>            19 ao\u00fbt 2025 \u00e0 8h02        <\/p>\n<p>Vous allez en prendre plein les yeux, dans un cadre des plus agr\u00e9ables ! Ce dimanche 24 ao\u00fbt 2025, un <b>grand march\u00e9 de cr\u00e9ateurs<\/b> est propos\u00e9 sur le <b>Quai de Bordeaux<\/b>, \u00e0 <a href=\"https:\/\/actu.fr\/hauts-de-france\/tourcoing_59599\" rel=\"nofollow noopener\" target=\"_blank\">Tourcoing<\/a> (Nord). Vous y d\u00e9couvrirez de nombreux <b>produits artisanaux et objets faits main<\/b> par des <b>artistes et commer\u00e7ants<\/b> des <a href=\"https:\/\/actu.fr\/hauts-de-france\/\" rel=\"nofollow noopener\" target=\"_blank\">Hauts-de-France<\/a>.<\/p>\n<p>Un march\u00e9 de cr\u00e9ateurs organis\u00e9 \u00e0 Tourcoing<\/p>\n<p class=\" wall-content\">L\u2019\u00e9v\u00e9nement se tiendra <b>de 11h \u00e0 20h<\/b>, permettant aux promeneurs de d\u00e9couvrir diff\u00e9rents stands, d\u2019\u00e9couter de la musique et m\u00eame de se restaurer !<\/p>\n<p class=\" wall-content\">\u00ab\u00a0La Guinguette des Quais sera pr\u00e9sente pour vous rafra\u00eechir et pour une pause gourmande !\u00a0\u00bb promettent en effet les organisateurs.<\/p>\n<p class=\" wall-content\">Autant dire que le moment s\u2019annonce aussi agr\u00e9able que convivial.<\/p>\n<p class=\" wall-content\">Personnalisez votre actualit\u00e9 en ajoutant vos villes et m\u00e9dias en favori avec <a href=\"https:\/\/moncompte.actu.fr\" title=\"D\u00e9couvez Mon Actu\" rel=\"nofollow noopener\" data-trk=\"{&quot;cta&quot;:{&quot;action&quot;:&quot;https:\\\/\\\/moncompte.actu.fr&quot;,&quot;category&quot;:&quot;mon compte&quot;,&quot;from&quot;:&quot;article footer&quot;,&quot;name&quot;:&quot;Mon actu&quot;,&quot;type&quot;:&quot;cta&quot;}}\" target=\"_blank\">Mon Actu<\/a>.<\/p>\n","protected":false},"excerpt":{"rendered":"Par Nicolas Demollien Publi\u00e9 le 19 ao\u00fbt 2025 \u00e0 8h02 Vous allez en prendre plein les yeux, dans&hellip;\n","protected":false},"author":2,"featured_media":328674,"comment_status":"","ping_status":"","sticky":false,"template":"","format":"standard","meta":{"footnotes":""},"categories":[2817],"tags":[1111,11,1997,1777,674,1011,27,1652,2089,12,2219,25],"class_list":{"0":"post-328673","1":"post","2":"type-post","3":"status-publish","4":"format-standard","5":"has-post-thumbnail","7":"category-bordeaux","8":"tag-actu","9":"tag-actualites","10":"tag-bordeaux","11":"tag-eu","12":"tag-europe","13":"tag-fr","14":"tag-france","15":"tag-loisirs-culture","16":"tag-marche","17":"tag-news","18":"tag-nouvelle-aquitaine","19":"tag-republique-francaise"},"share_on_mastodon":{"url":"https:\/\/pubeurope.com\/@fr\/115053944146998709","error":""},"_links":{"self":[{"href":"https:\/\/www.europesays.com\/fr\/wp-json\/wp\/v2\/posts\/328673","targetHints":{"allow":["GET"]}}],"collection":[{"href":"https:\/\/www.europesays.com\/fr\/wp-json\/wp\/v2\/posts"}],"about":[{"href":"https:\/\/www.europesays.com\/fr\/wp-json\/wp\/v2\/types\/post"}],"author":[{"embeddable":true,"href":"https:\/\/www.europesays.com\/fr\/wp-json\/wp\/v2\/users\/2"}],"replies":[{"embeddable":true,"href":"https:\/\/www.europesays.com\/fr\/wp-json\/wp\/v2\/comments?post=328673"}],"version-history":[{"count":0,"href":"https:\/\/www.europesays.com\/fr\/wp-json\/wp\/v2\/posts\/328673\/revisions"}],"wp:featuredmedia":[{"embeddable":true,"href":"https:\/\/www.europesays.com\/fr\/wp-json\/wp\/v2\/media\/328674"}],"wp:attachment":[{"href":"https:\/\/www.europesays.com\/fr\/wp-json\/wp\/v2\/media?parent=328673"}],"wp:term":[{"taxonomy":"category","embeddable":true,"href":"https:\/\/www.europesays.com\/fr\/wp-json\/wp\/v2\/categories?post=328673"},{"taxonomy":"post_tag","embeddable":true,"href":"https:\/\/www.europesays.com\/fr\/wp-json\/wp\/v2\/tags?post=328673"}],"curies":[{"name":"wp","href":"https:\/\/api.w.org\/{rel}","templated":true}]}}