{"id":328679,"date":"2025-08-19T06:14:01","date_gmt":"2025-08-19T06:14:01","guid":{"rendered":"https:\/\/www.europesays.com\/fr\/328679\/"},"modified":"2025-08-19T06:14:01","modified_gmt":"2025-08-19T06:14:01","slug":"gros-imbroglio-sur-le-troisieme-but-lillois","status":"publish","type":"post","link":"https:\/\/www.europesays.com\/fr\/328679\/","title":{"rendered":"gros imbroglio sur le troisi\u00e8me but lillois"},"content":{"rendered":"<p>La rencontre tr\u00e8s prolifique de Ligue 1 entre Brest et Lille (3-3) a \u00e9t\u00e9 marqu\u00e9e par une d\u00e9cision arbitrale tr\u00e8s critiqu\u00e9e. Les Brestois ont estim\u00e9 avoir \u00e9t\u00e9 d\u00e9concentr\u00e9s par le drapeau lev\u00e9 de l&rsquo;arbitre assistant sur le troisi\u00e8me but lillois.<\/p>\n<p>Incompr\u00e9hension totale sur la pelouse de Francis Le Bl\u00e9. Dans un match totalement fou (3-3), le troisi\u00e8me but de <a href=\"https:\/\/rmcsport.bfmtv.com\/football\/ligue-1\/direct-brest-lille-suivez-le-match-de-la-premiere-journee-de-ligue-1-en-live_LS-202508170125.html\" title=\"Brest-Lille: un duel tr\u00e9pidant mais sans vainqueur, Giroud buteur\" class=\"internal_link\" rel=\"nofollow noopener\" target=\"_blank\">Lille contre Brest ce dimanche<\/a> pourrait constituer la premi\u00e8re pol\u00e9mique autour de l&rsquo;arbitrage cette saison en Ligue 1. Les Bretons avaient m\u00eame d\u00e9pos\u00e9 une r\u00e9serve aupr\u00e8s du quatri\u00e8me arbitre, avant de finalement renoncer \u00e0 aller plus loin.<\/p>\n<p>Pour comprendre, il faut revenir \u00e0 la 67e minute de jeu. Alors que les deux \u00e9quipes \u00e9taient \u00e0 \u00e9galit\u00e9 (2-2), le milieu de terrain du Losc Ngal&rsquo;ayel Mukau a profit\u00e9 d&rsquo;une bonne remise de Nathan Ngoy sur corner pour pousser le ballon au fond des filets. Un but dans un premier temps annul\u00e9, Cl\u00e9ment Turpin ayant vu une main du Lillois.<\/p>\n<p>Comme chaque but annul\u00e9, l&rsquo;action a \u00e9t\u00e9 revue \u00e0 la vid\u00e9o et l&rsquo;arbitre est revenu sur sa d\u00e9cision puisque Mukau avait bien contr\u00f4l\u00e9 le ballon de la poitrine. Mais ce n&rsquo;est pas sur ce point que les Brestois se sont insurg\u00e9s.<\/p>\n<p>La r\u00e9serve dict\u00e9e au quatri\u00e8me arbitre<\/p>\n<p>Ils ont reproch\u00e9 \u00e0 l&rsquo;arbitre de touche d&rsquo;avoir lev\u00e9 son drapeau d\u00e8s le corner frapp\u00e9. L&rsquo;officiel jugeait (\u00e0 tort) que le centre d&rsquo;Haraldsson \u00e9tait sorti du terrain et certains Brestois se sont arr\u00eat\u00e9s de jouer. De quoi faire sortir Eric Roy de ses gonds.<\/p>\n<p>Pendant plusieurs minutes, joueurs et staff du SB29 se sont expliqu\u00e9s avec l&rsquo;\u00e9quipe arbitrale, cette derni\u00e8re leur r\u00e9torquant qu&rsquo;un drapeau lev\u00e9 n&rsquo;est jamais l&rsquo;\u00e9quivalent d&rsquo;un coup de sifflet. \u00ab\u00a0Dans ce cas-l\u00e0, il peut attendre que l&rsquo;action se termine, s&rsquo;est insurg\u00e9 Kenny Lala. C&rsquo;est \u00e0 \u00e7a que sert la VAR!\u00a0\u00bb<\/p>\n<p>Le capitaine Brendan Chardonnet a m\u00eame d\u00e9pos\u00e9 une r\u00e9serve technique aupr\u00e8s du quatri\u00e8me arbitre qui a \u00e9crit la demande sur un papier, et ce avant m\u00eame la fin du match. En vain. Le but a bien \u00e9t\u00e9 valid\u00e9 et le jeu a repris. Toutefois, l&rsquo;incident n&rsquo;aura pas perturb\u00e9 les Bretons tr\u00e8s longtemps puisqu&rsquo;ils ont r\u00e9ussi \u00e0 \u00e9galiser \u00e0 peine trois minutes plus tard, par l&rsquo;interm\u00e9diaire de julien Le Cardinal.<\/p>\n","protected":false},"excerpt":{"rendered":"La rencontre tr\u00e8s prolifique de Ligue 1 entre Brest et Lille (3-3) a \u00e9t\u00e9 marqu\u00e9e par une d\u00e9cision&hellip;\n","protected":false},"author":2,"featured_media":328680,"comment_status":"","ping_status":"","sticky":false,"template":"","format":"standard","meta":{"footnotes":""},"categories":[2815],"tags":[1111,11,1777,674,1011,27,811,1307,12,25],"class_list":{"0":"post-328679","1":"post","2":"type-post","3":"status-publish","4":"format-standard","5":"has-post-thumbnail","7":"category-lille","8":"tag-actu","9":"tag-actualites","10":"tag-eu","11":"tag-europe","12":"tag-fr","13":"tag-france","14":"tag-hauts-de-france","15":"tag-lille","16":"tag-news","17":"tag-republique-francaise"},"share_on_mastodon":{"url":"https:\/\/pubeurope.com\/@fr\/115053963760693431","error":""},"_links":{"self":[{"href":"https:\/\/www.europesays.com\/fr\/wp-json\/wp\/v2\/posts\/328679","targetHints":{"allow":["GET"]}}],"collection":[{"href":"https:\/\/www.europesays.com\/fr\/wp-json\/wp\/v2\/posts"}],"about":[{"href":"https:\/\/www.europesays.com\/fr\/wp-json\/wp\/v2\/types\/post"}],"author":[{"embeddable":true,"href":"https:\/\/www.europesays.com\/fr\/wp-json\/wp\/v2\/users\/2"}],"replies":[{"embeddable":true,"href":"https:\/\/www.europesays.com\/fr\/wp-json\/wp\/v2\/comments?post=328679"}],"version-history":[{"count":0,"href":"https:\/\/www.europesays.com\/fr\/wp-json\/wp\/v2\/posts\/328679\/revisions"}],"wp:featuredmedia":[{"embeddable":true,"href":"https:\/\/www.europesays.com\/fr\/wp-json\/wp\/v2\/media\/328680"}],"wp:attachment":[{"href":"https:\/\/www.europesays.com\/fr\/wp-json\/wp\/v2\/media?parent=328679"}],"wp:term":[{"taxonomy":"category","embeddable":true,"href":"https:\/\/www.europesays.com\/fr\/wp-json\/wp\/v2\/categories?post=328679"},{"taxonomy":"post_tag","embeddable":true,"href":"https:\/\/www.europesays.com\/fr\/wp-json\/wp\/v2\/tags?post=328679"}],"curies":[{"name":"wp","href":"https:\/\/api.w.org\/{rel}","templated":true}]}}