{"id":328681,"date":"2025-08-19T06:15:10","date_gmt":"2025-08-19T06:15:10","guid":{"rendered":"https:\/\/www.europesays.com\/fr\/328681\/"},"modified":"2025-08-19T06:15:10","modified_gmt":"2025-08-19T06:15:10","slug":"le-musee-dart-contemporain-mac-de-marseille-a-la-conquete-de-nouveaux-publics","status":"publish","type":"post","link":"https:\/\/www.europesays.com\/fr\/328681\/","title":{"rendered":"Le Mus\u00e9e d\u2019art contemporain (MAC) de Marseille \u00e0 la conqu\u00eate de nouveaux publics"},"content":{"rendered":"<p>Un masque fun\u00e9raire antique, une toile du XVIIe\u00a0si\u00e8cle repr\u00e9sentant les Rois mages, une photographie d\u2019un parc animalier des \u00c9mirats arabes unis et un faucon empaill\u00e9 plac\u00e9 sur un socle. Devant les premi\u00e8res \u0153uvres qui composent la derni\u00e8re <a href=\"https:\/\/www.laprovence.com\/article\/region\/2473098542156815\/marseille-au-musee-dart-contemporain-un-joyeux-retour-a-la-vie\" target=\"_blank\" rel=\"noopener\">exposition temporaire du Mus\u00e9e d\u2019art contemporain<\/a> (Mac), La\u00ebtitia et Jacques, venus du nord de la France, ne sont \u00ab\u00a0pas s\u00fbrs de comprendre le fil rouge\u00a0\u00bb. Alors quand on leur pr\u00e9cise qu\u2019une visite guid\u00e9e, rapide et gratuite, de l\u2019exposition Les Veilleurs\u00a0d\u2019Ali Cherri ne va pas tarder \u00e0 d\u00e9buter, le couple est enthousiaste.<\/p>\n","protected":false},"excerpt":{"rendered":"Un masque fun\u00e9raire antique, une toile du XVIIe\u00a0si\u00e8cle repr\u00e9sentant les Rois mages, une photographie d\u2019un parc animalier des&hellip;\n","protected":false},"author":2,"featured_media":328682,"comment_status":"","ping_status":"","sticky":false,"template":"","format":"standard","meta":{"footnotes":""},"categories":[2814],"tags":[17,1111,11,46595,4160,44113,1777,674,1011,27,6049,884,3048,12,2845,882,16,25],"class_list":{"0":"post-328681","1":"post","2":"type-post","3":"status-publish","4":"format-standard","5":"has-post-thumbnail","7":"category-marseille","8":"tag-17","9":"tag-actu","10":"tag-actualites","11":"tag-conquete","12":"tag-contemporain","13":"tag-dart","14":"tag-eu","15":"tag-europe","16":"tag-fr","17":"tag-france","18":"tag-mac","19":"tag-marseille","20":"tag-musee","21":"tag-news","22":"tag-nouveaux","23":"tag-provence-alpes-cote-dazur","24":"tag-region","25":"tag-republique-francaise"},"share_on_mastodon":{"url":"https:\/\/pubeurope.com\/@fr\/115053967735861737","error":""},"_links":{"self":[{"href":"https:\/\/www.europesays.com\/fr\/wp-json\/wp\/v2\/posts\/328681","targetHints":{"allow":["GET"]}}],"collection":[{"href":"https:\/\/www.europesays.com\/fr\/wp-json\/wp\/v2\/posts"}],"about":[{"href":"https:\/\/www.europesays.com\/fr\/wp-json\/wp\/v2\/types\/post"}],"author":[{"embeddable":true,"href":"https:\/\/www.europesays.com\/fr\/wp-json\/wp\/v2\/users\/2"}],"replies":[{"embeddable":true,"href":"https:\/\/www.europesays.com\/fr\/wp-json\/wp\/v2\/comments?post=328681"}],"version-history":[{"count":0,"href":"https:\/\/www.europesays.com\/fr\/wp-json\/wp\/v2\/posts\/328681\/revisions"}],"wp:featuredmedia":[{"embeddable":true,"href":"https:\/\/www.europesays.com\/fr\/wp-json\/wp\/v2\/media\/328682"}],"wp:attachment":[{"href":"https:\/\/www.europesays.com\/fr\/wp-json\/wp\/v2\/media?parent=328681"}],"wp:term":[{"taxonomy":"category","embeddable":true,"href":"https:\/\/www.europesays.com\/fr\/wp-json\/wp\/v2\/categories?post=328681"},{"taxonomy":"post_tag","embeddable":true,"href":"https:\/\/www.europesays.com\/fr\/wp-json\/wp\/v2\/tags?post=328681"}],"curies":[{"name":"wp","href":"https:\/\/api.w.org\/{rel}","templated":true}]}}