{"id":328683,"date":"2025-08-19T06:16:11","date_gmt":"2025-08-19T06:16:11","guid":{"rendered":"https:\/\/www.europesays.com\/fr\/328683\/"},"modified":"2025-08-19T06:16:11","modified_gmt":"2025-08-19T06:16:11","slug":"la-mairie-de-marseille-sattaque-a-des-multiproprietaires-pour-reguler-un-marche-de-la-location-en-tension","status":"publish","type":"post","link":"https:\/\/www.europesays.com\/fr\/328683\/","title":{"rendered":"la mairie de Marseille s&rsquo;attaque \u00e0 des multipropri\u00e9taires pour r\u00e9guler un march\u00e9 de la location en tension"},"content":{"rendered":"<p class=\"intro \">Dans la lutte des mairies de ville touristiques contre la pr\u00e9sence massive de locations Airbnb, un cap a \u00e9t\u00e9 franchi \u00e0 Marseille. Pour la premi\u00e8re fois, la municipalit\u00e9 assigne en justice quatre propri\u00e9taires qui ne respectent pas la r\u00e9glementation de d\u00e9clarer l&rsquo;activit\u00e9 de location saisonni\u00e8re et de mettre en location en proportion \u00e9quivalente des locations \u00ab\u00a0familiales\u00a0\u00bb. <\/p>\n<p><a href=\"https:\/\/www.europe1.fr\/dossiers\/marseille\" target=\"_blank\" rel=\"nofollow noopener\">Marseille<\/a> continue sa lutte contre la pr\u00e9sence massive de locations Airbnb. Quatre gros investisseurs sont poursuivis, propri\u00e9taires de 33 logements touristiques non d\u00e9clar\u00e9s comme tels, certains situ\u00e9s dans un immeuble en p\u00e9ril.<\/p>\n<p>    La suite apr\u00e8s cette publicit\u00e9<\/p>\n<p>    La suite apr\u00e8s cette publicit\u00e9<\/p>\n<p>Le march\u00e9 de la location touristique est devenu sauvage, d\u00e9nonce l&rsquo;avocat de la mairie, Georges Mend\u00e8s.\u00a0<\/p>\n<p>\u00ab\u00a0Des amendes qui peuvent aller jusqu&rsquo;\u00e0 100.000 euros par logement\u00a0\u00bb<\/p>\n<p>\u00ab\u00a0\u00c0 Marseille, on estime qu&rsquo;il y a 6.000 logements qui sont, aujourd&rsquo;hui, lou\u00e9s en meubl\u00e9s touristiques sur des plateformes de mani\u00e8re ill\u00e9gale sur 12.000 meubl\u00e9s touristiques environ, c&rsquo;est \u00e9norme. \u00c9videmment, on commence par s&rsquo;attaquer aux multi-propri\u00e9taires. Ceux qui ont transform\u00e9 des immeubles entiers en logements lou\u00e9s en petites surfaces parce qu&rsquo;ils ont \u00e9t\u00e9 divis\u00e9s\u00a0\u00bb, d\u00e9taille l&rsquo;avocat.\u00a0<\/p>\n<p>    La suite apr\u00e8s cette publicit\u00e9<\/p>\n<p>    La suite apr\u00e8s cette publicit\u00e9<\/p>\n<p>Les amendes encourues sont cons\u00e9quentes, rappelle l&rsquo;adjoint au maire, Patrick Amico : \u00ab\u00a0Vous avez des amendes qui peuvent aller jusqu&rsquo;\u00e0 100.000 euros par logement. Vous avez des amendes qui peuvent aller, si les propri\u00e9taires ne suivent pas l&rsquo;injonction de relouer en r\u00e9sidence familiale ou de sortir de la r\u00e9sidence pour le tourisme, jusqu&rsquo;\u00e0 1.000 euros par m\u00e8tre carr\u00e9 et par jour d&rsquo;astreinte s&rsquo;ils ne le font pas.\u00a0\u00bb\u00a0<\/p>\n<p>L&rsquo;\u00e9lu rappelle que la mairie ne part pas en croisade contre les locations touristiques mais cherche simplement \u00e0 r\u00e9guler le march\u00e9 : \u00ab\u00a0Je n&rsquo;incrimine pas les locations de tourisme, parce qu&rsquo;on peut toujours louer sa r\u00e9sidence principale 90 jours par an, donc il n&rsquo;y a pas de probl\u00e8me. L&rsquo;id\u00e9e num\u00e9ro une, c&rsquo;est de r\u00e9cup\u00e9rer du logement familial dans une ville qui en a atrocement besoin car elle traverse une crise immobili\u00e8re, comme d&rsquo;autres villes en France, mais peut-\u00eatre encore plus ici qu&rsquo;ailleurs.\u00a0\u00bb<\/p>\n<p>    La suite apr\u00e8s cette publicit\u00e9<\/p>\n<p>    La suite apr\u00e8s cette publicit\u00e9<\/p>\n<p>Les quatre investisseurs cibl\u00e9s passeront devant la justice le 13 octobre prochain. D&rsquo;autres suivront, promet la mairie de Marseille.\u00a0<\/p>\n<p>\u00a0<\/p>\n","protected":false},"excerpt":{"rendered":"Dans la lutte des mairies de ville touristiques contre la pr\u00e9sence massive de locations Airbnb, un cap a&hellip;\n","protected":false},"author":2,"featured_media":328684,"comment_status":"","ping_status":"","sticky":false,"template":"","format":"standard","meta":{"footnotes":""},"categories":[2814],"tags":[1111,11,1777,674,1011,27,884,12,882,25],"class_list":{"0":"post-328683","1":"post","2":"type-post","3":"status-publish","4":"format-standard","5":"has-post-thumbnail","7":"category-marseille","8":"tag-actu","9":"tag-actualites","10":"tag-eu","11":"tag-europe","12":"tag-fr","13":"tag-france","14":"tag-marseille","15":"tag-news","16":"tag-provence-alpes-cote-dazur","17":"tag-republique-francaise"},"share_on_mastodon":{"url":"https:\/\/pubeurope.com\/@fr\/115053971587447175","error":""},"_links":{"self":[{"href":"https:\/\/www.europesays.com\/fr\/wp-json\/wp\/v2\/posts\/328683","targetHints":{"allow":["GET"]}}],"collection":[{"href":"https:\/\/www.europesays.com\/fr\/wp-json\/wp\/v2\/posts"}],"about":[{"href":"https:\/\/www.europesays.com\/fr\/wp-json\/wp\/v2\/types\/post"}],"author":[{"embeddable":true,"href":"https:\/\/www.europesays.com\/fr\/wp-json\/wp\/v2\/users\/2"}],"replies":[{"embeddable":true,"href":"https:\/\/www.europesays.com\/fr\/wp-json\/wp\/v2\/comments?post=328683"}],"version-history":[{"count":0,"href":"https:\/\/www.europesays.com\/fr\/wp-json\/wp\/v2\/posts\/328683\/revisions"}],"wp:featuredmedia":[{"embeddable":true,"href":"https:\/\/www.europesays.com\/fr\/wp-json\/wp\/v2\/media\/328684"}],"wp:attachment":[{"href":"https:\/\/www.europesays.com\/fr\/wp-json\/wp\/v2\/media?parent=328683"}],"wp:term":[{"taxonomy":"category","embeddable":true,"href":"https:\/\/www.europesays.com\/fr\/wp-json\/wp\/v2\/categories?post=328683"},{"taxonomy":"post_tag","embeddable":true,"href":"https:\/\/www.europesays.com\/fr\/wp-json\/wp\/v2\/tags?post=328683"}],"curies":[{"name":"wp","href":"https:\/\/api.w.org\/{rel}","templated":true}]}}