{"id":328685,"date":"2025-08-19T06:17:09","date_gmt":"2025-08-19T06:17:09","guid":{"rendered":"https:\/\/www.europesays.com\/fr\/328685\/"},"modified":"2025-08-19T06:17:09","modified_gmt":"2025-08-19T06:17:09","slug":"en-cavale-il-est-arrete-par-la-police-puis-relache","status":"publish","type":"post","link":"https:\/\/www.europesays.com\/fr\/328685\/","title":{"rendered":"en cavale, il est arr\u00eat\u00e9 par la police puis rel\u00e2ch\u00e9"},"content":{"rendered":"<p>Le 26 mars dernier, il n&rsquo;avait pas r\u00e9int\u00e9gr\u00e9 le centre de semi-libert\u00e9 du 7e arrondissement. Et depuis, ce SDF toxicomane \u00e9tait activement recherch\u00e9. Il s&rsquo;est finalement rendu de lui-m\u00eame le 9 ao\u00fbt dernier, demandant \u00e0 une passante d&rsquo;appeler la police pour qu&rsquo;il soit interpell\u00e9.<\/p>\n<p>Lors de son jugement en comparution imm\u00e9diate, les juges se sont rendus compte que durant sa cavale, l&rsquo;individu avait \u00e9t\u00e9 arr\u00eat\u00e9 en \u00e9tat d&rsquo;ivresse sur la voie publique. Mais les forces de l&rsquo;ordre avaient b\u00e2cl\u00e9 leur travail puisqu&rsquo;une fois d\u00e9saoul\u00e9, il avait \u00e9t\u00e9 rel\u00e2ch\u00e9. Il faisait pourtant l&rsquo;objet d&rsquo;un mandat de recherche&#8230;<\/p>\n<p>Les juges lui ont inflig\u00e9 une condamnation suppl\u00e9mentaire de 3 mois de prison, qu&rsquo;il devra effectuer avec le reste de sa peine initiale en maison d&rsquo;arr\u00eat et non plus en centre de semi-libert\u00e9.<\/p>\n","protected":false},"excerpt":{"rendered":"Le 26 mars dernier, il n&rsquo;avait pas r\u00e9int\u00e9gr\u00e9 le centre de semi-libert\u00e9 du 7e arrondissement. Et depuis, ce&hellip;\n","protected":false},"author":2,"featured_media":328686,"comment_status":"","ping_status":"","sticky":false,"template":"","format":"standard","meta":{"footnotes":""},"categories":[1889],"tags":[1111,11,2813,2190,2430,1109,251,1112,2811,1777,674,118,1011,27,1922,1110,1114,2428,2810,12,241,316,25,2812,517,800],"class_list":{"0":"post-328685","1":"post","2":"type-post","3":"status-publish","4":"format-standard","5":"has-post-thumbnail","7":"category-lyon","8":"tag-actu","9":"tag-actualites","10":"tag-article","11":"tag-asvel","12":"tag-auvergne-rhone-alpes","13":"tag-breves","14":"tag-culture","15":"tag-depeches","16":"tag-economique","17":"tag-eu","18":"tag-europe","19":"tag-faits-divers","20":"tag-fr","21":"tag-france","22":"tag-info","23":"tag-informations","24":"tag-infos","25":"tag-lyon","26":"tag-lyonmag","27":"tag-news","28":"tag-ol","29":"tag-politique","30":"tag-republique-francaise","31":"tag-sociale","32":"tag-sport","33":"tag-transports"},"share_on_mastodon":{"url":"https:\/\/pubeurope.com\/@fr\/115053975572336311","error":""},"_links":{"self":[{"href":"https:\/\/www.europesays.com\/fr\/wp-json\/wp\/v2\/posts\/328685","targetHints":{"allow":["GET"]}}],"collection":[{"href":"https:\/\/www.europesays.com\/fr\/wp-json\/wp\/v2\/posts"}],"about":[{"href":"https:\/\/www.europesays.com\/fr\/wp-json\/wp\/v2\/types\/post"}],"author":[{"embeddable":true,"href":"https:\/\/www.europesays.com\/fr\/wp-json\/wp\/v2\/users\/2"}],"replies":[{"embeddable":true,"href":"https:\/\/www.europesays.com\/fr\/wp-json\/wp\/v2\/comments?post=328685"}],"version-history":[{"count":0,"href":"https:\/\/www.europesays.com\/fr\/wp-json\/wp\/v2\/posts\/328685\/revisions"}],"wp:featuredmedia":[{"embeddable":true,"href":"https:\/\/www.europesays.com\/fr\/wp-json\/wp\/v2\/media\/328686"}],"wp:attachment":[{"href":"https:\/\/www.europesays.com\/fr\/wp-json\/wp\/v2\/media?parent=328685"}],"wp:term":[{"taxonomy":"category","embeddable":true,"href":"https:\/\/www.europesays.com\/fr\/wp-json\/wp\/v2\/categories?post=328685"},{"taxonomy":"post_tag","embeddable":true,"href":"https:\/\/www.europesays.com\/fr\/wp-json\/wp\/v2\/tags?post=328685"}],"curies":[{"name":"wp","href":"https:\/\/api.w.org\/{rel}","templated":true}]}}