{"id":328691,"date":"2025-08-19T06:20:23","date_gmt":"2025-08-19T06:20:23","guid":{"rendered":"https:\/\/www.europesays.com\/fr\/328691\/"},"modified":"2025-08-19T06:20:23","modified_gmt":"2025-08-19T06:20:23","slug":"vers-un-brusque-changement-de-temps-a-paris-et-en-ile-de-france-avec-une-chute-des-temperatures-que-va-t-il-se-passer","status":"publish","type":"post","link":"https:\/\/www.europesays.com\/fr\/328691\/","title":{"rendered":"Vers un brusque changement de temps \u00e0 Paris et en \u00cele-de-France avec une chute des temp\u00e9ratures. Que va-t-il se passer ?"},"content":{"rendered":"<p> <img decoding=\"async\" fetchpriority=\"high\" src=\"https:\/\/www.europesays.com\/fr\/wp-content\/uploads\/2025\/08\/dailymotion-x9p0po4_1024.jpg\"  width=\"768\" height=\"432\" id=\"x9p0po4\"\/>  <\/p>\n<p>L\u2019\u00e9t\u00e9 serait-il sur le point de nous quitter ? Un changement de temps va s\u2019amorcer sur Paris et l\u2019\u00cele-de-France au cours des prochaines heures avec l\u2019arriv\u00e9e d\u2019une goutte froide. Que va-t-il se passer ? Quelles sont les derni\u00e8res pr\u00e9visions ?<\/p>\n<p>    <img decoding=\"async\" fetchpriority=\"high\" src=\"https:\/\/www.europesays.com\/fr\/wp-content\/uploads\/2025\/04\/marc-hay.jpg\" alt=\"Marc Hay\" width=\"40\" height=\"40\"\/>    <a class=\"nombre text-hv\" href=\"https:\/\/www.tameteo.com\/auteur\/marc-hay\/\" title=\"Marc Hay\" target=\"_blank\" rel=\"noopener\">Marc Hay<\/a>         19\/08\/2025 06:28   4 min   <\/p>\n<p><strong>Ce d\u00e9but de semaine a \u00e9t\u00e9 tr\u00e8s ensoleill\u00e9 \u00e0 Paris et en \u00cele-de-France,<\/strong> avec un beau ressenti estival sur la r\u00e9gion puisque la chaleur s\u2019est impos\u00e9e, mais sans exc\u00e8s. Nous \u00e9tions en effet tr\u00e8s loin des temp\u00e9ratures caniculaires qui ont concern\u00e9 ces derniers jours les d\u00e9partements proches de la M\u00e9diterran\u00e9e.<\/p>\n<p>\u00c0 pr\u00e9sent, <strong>les conditions m\u00e9t\u00e9o vont radicalement changer en <a href=\"https:\/\/www.tameteo.com\/meteo-Europe-France-Ile+de+France-1-1-135-29.html\" data-mrf-recirculation=\"cuerpo_intext\" target=\"_blank\" rel=\"noopener\">\u00cele-de-France<\/a> <\/strong>avec l\u2019arriv\u00e9e d\u2019une goutte froide qui va circuler sur la France. Celle-ci va occasionner<strong> des orages parfois tr\u00e8s pluvieux <\/strong>au cours des 48 prochaines heures, <strong>et les temp\u00e9ratures devraient d\u00e9gringoler <\/strong>pour repasser en-dessous des normales de saison.<\/p>\n<p>Soyez parmi les premiers \u00e0 recevoir les derni\u00e8res mises \u00e0 jour m\u00e9t\u00e9o en rejoignant <a href=\"https:\/\/www.whatsapp.com\/channel\/0029Vb5XCzJAjPXEPuVDMZ1H\" target=\"_blank\" rel=\"noopener\">notre nouveau canal WhatsApp<\/a>. Suivez-nous et activez les notifications.<\/p>\n<p><strong>Que va-t-il concr\u00e8tement se passer \u00e0 Paris et en \u00cele-de-France ? <\/strong>Toute la semaine s\u2019annonce-t-elle agit\u00e9e au-dessus de la r\u00e9gion ? Pour le savoir, retrouvez nos pr\u00e9visions m\u00e9t\u00e9o compl\u00e8tes dans cet article.<\/p>\n<p>Un ciel de plus en pus voil\u00e9 <\/p>\n<p>Pour ce mardi 19 ao\u00fbt, les orages concerneront surtout le sud de la <a href=\"https:\/\/www.tameteo.com\/actualites\/previsions\/tameteo.com\" target=\"_blank\" rel=\"noopener\">France<\/a>. En marge de cette d\u00e9gradation orageuse,<strong> le ciel aura tendance \u00e0 se voiler de plus en plus en r\u00e9gion parisienne, <\/strong>avec localement quelques ond\u00e9es.<\/p>\n<p><img loading=\"lazy\" decoding=\"async\" fetchpriority=\"low\" class=\"lazy \" src=\"https:\/\/www.europesays.com\/fr\/wp-content\/uploads\/2025\/08\/vers-un-brusque-changement-de-temps-a-paris-et-en-ile-de-france-avec-une-chute-des-temperatures-que-.png\"  width=\"768\" height=\"432\" alt=\"Des pr\u00e9cipitations orageuses attendues \u00e0 partir de ce soir.\" title=\"Des pr\u00e9cipitations orageuses attendues \u00e0 partir de ce soir.\" data-image=\"jrrvrr98yizr\"\/>Des pr\u00e9cipitations orageuses attendues \u00e0 partir de ce soir. <\/p>\n<p>En attendant la remont\u00e9e des orages vers la r\u00e9gion parisienne, les temp\u00e9ratures resteront estivales cet apr\u00e8s-midi <strong>puisqu\u2019il est pr\u00e9vu 29 degr\u00e9s \u00e0 <a href=\"https:\/\/www.tameteo.com\/meteo_Paris-Europe-France-Paris-LFPB-1-26048.html\" data-mrf-recirculation=\"cuerpo_intext\" target=\"_blank\" rel=\"noopener\">Paris<\/a>.<\/strong> Localement, des pointes \u00e0 30 degr\u00e9s sont possibles en \u00cele-de-France.<\/p>\n<p><a class=\"imagen \" href=\"https:\/\/www.tameteo.com\/actualites\/previsions\/goutte-froide-en-france-vigilance-et-alerte-pour-des-orages-parfois-forts-et-tres-pluvieux-que-montrent-nos-cartes-inondations.html\" title=\"Une goutte froide va provoquer un temps tr\u00e8s agit\u00e9 sur toute la France avec des orages parfois forts et tr\u00e8s pluvieux \" target=\"_blank\" rel=\"noopener\"><img loading=\"lazy\" decoding=\"async\" fetchpriority=\"low\" class=\"lazy img-body non-editable\" src=\"https:\/\/www.europesays.com\/fr\/wp-content\/uploads\/2025\/08\/goutte-froide-en-france-vigilance-et-alerte-pour-des-orages-parfois-forts-et-tres-pluvieux-que-montr.png\"  width=\"320\" height=\"225\" alt=\"Une goutte froide va provoquer un temps tr\u00e8s agit\u00e9 sur toute la France avec des orages parfois forts et tr\u00e8s pluvieux \"\/><\/a>Des orages et une d\u00e9gringolade des temp\u00e9ratures<\/p>\n<p>Des orages parfois forts sont attendus demain sur l\u2019ensemble de la r\u00e9gion parisienne. <strong>Le mod\u00e8le europ\u00e9en indique que les cumuls de pluie pourraient \u00eatre importants en \u00cele-de-France.<\/strong><\/p>\n<p><img loading=\"lazy\" decoding=\"async\" fetchpriority=\"low\" class=\"lazy \" src=\"https:\/\/www.europesays.com\/fr\/wp-content\/uploads\/2025\/08\/1755584420_14_vers-un-brusque-changement-de-temps-a-paris-et-en-ile-de-france-avec-une-chute-des-temperatures-que-.png\"  width=\"768\" height=\"432\" alt=\"Des pluies parfois importantes sous les orages.\" title=\"Des pluies parfois importantes sous les orages.\" data-image=\"04hisbdydwjw\"\/>Des pluies parfois importantes sous les orages. <\/p>\n<p>La carte ci-dessus montre <strong>que les cumuls pourraient localement approcher, voire d\u00e9passer, les 50 litres d\u2019eau au m\u00e8tre carr\u00e9 d\u2019ici jeudi soir selon le mod\u00e8le europ\u00e9en. <\/strong>Il faudra donc surveiller le risque de ruissellement sous les orages les plus forts.<\/p>\n<p><a class=\"imagen \" href=\"https:\/\/www.tameteo.com\/actualites\/previsions\/meteo-france-fin-progressive-de-la-canicule-place-a-la-chute-des-temperatures-et-a-des-orages-parfois-violents-vigilance.html\" title=\"M\u00e9t\u00e9o-France : fin progressive de la canicule, place \u00e0 la chute des temp\u00e9ratures et \u00e0 des orages parfois violents !\" target=\"_blank\" rel=\"noopener\"><img loading=\"lazy\" decoding=\"async\" fetchpriority=\"low\" class=\"lazy img-body non-editable\" src=\"https:\/\/www.europesays.com\/fr\/wp-content\/uploads\/2025\/08\/meteo-france-fin-progressive-de-la-canicule-place-a-la-chute-des-temperatures-et-a-des-orages-parfoi.png\"  width=\"320\" height=\"225\" alt=\"M\u00e9t\u00e9o-France : fin progressive de la canicule, place \u00e0 la chute des temp\u00e9ratures et \u00e0 des orages parfois violents !\"\/><\/a><\/p>\n<p>La chute des temp\u00e9ratures s\u2019amorcera mercredi sous l\u2019effet des pr\u00e9cipitations, <strong>avec seulement 22 degr\u00e9s attendus l\u2019apr\u00e8s-midi au meilleur moment de la journ\u00e9e,<\/strong> soit un ressenti plus automnal qu\u2019estival !<\/p>\n<p><img loading=\"lazy\" decoding=\"async\" fetchpriority=\"low\" class=\"lazy \" src=\"https:\/\/www.europesays.com\/fr\/wp-content\/uploads\/2025\/08\/1755584422_107_vers-un-brusque-changement-de-temps-a-paris-et-en-ile-de-france-avec-une-chute-des-temperatures-que-.png\"  width=\"768\" height=\"432\" alt=\"Chute des temp\u00e9ratures mercredi apr\u00e8s-midi en \u00cele-de-France !\" title=\"Chute des temp\u00e9ratures mercredi apr\u00e8s-midi en \u00cele-de-France !\" data-image=\"0sjl7i2tabj9\"\/>Chute des temp\u00e9ratures mercredi apr\u00e8s-midi en \u00cele-de-France !<\/p>\n<p><strong>Il faudra attendre la journ\u00e9e de jeudi pour voir le soleil revenir avec le retour de l\u2019anticyclone britannique. <\/strong><\/p>\n<p><a class=\"imagen \" href=\"https:\/\/www.tameteo.com\/actualites\/actualite\/les-experts-confirment-2025-est-l-annee-ou-les-incendies-ont-ravage-le-plus-de-surface-en-espagne-regardez-les-images-catastrophe.html\" title=\"Les experts confirment : 2025 est l&#039;ann\u00e9e o\u00f9 les incendies ont ravag\u00e9 le plus de surface en Espagne. Regardez les images\" target=\"_blank\" rel=\"noopener\"><img loading=\"lazy\" decoding=\"async\" fetchpriority=\"low\" class=\"lazy img-body non-editable\" src=\"https:\/\/www.europesays.com\/fr\/wp-content\/uploads\/2025\/08\/los-expertos-lo-confirman-2025-es-el-ano-que-mas-superficie-ha-ardido-en-espana-por-los-grandes-ince.png\"  width=\"320\" height=\"225\" alt=\"Les experts confirment : 2025 est l'ann\u00e9e o\u00f9 les incendies ont ravag\u00e9 le plus de surface en Espagne. Regardez les images\"\/><\/a><\/p>\n<p>La fin de semaine s\u2019annonce donc plut\u00f4t ensoleill\u00e9e sous l\u2019influence de cet anticyclone, <strong>avec des temp\u00e9ratures estivales mais sans exc\u00e8s.<\/strong><\/p>\n","protected":false},"excerpt":{"rendered":"L\u2019\u00e9t\u00e9 serait-il sur le point de nous quitter ? Un changement de temps va s\u2019amorcer sur Paris et&hellip;\n","protected":false},"author":2,"featured_media":328692,"comment_status":"","ping_status":"","sticky":false,"template":"","format":"standard","meta":{"footnotes":""},"categories":[1592],"tags":[1111,11,1777,674,1011,27,40716,662,2487,12,4594,626,25],"class_list":{"0":"post-328691","1":"post","2":"type-post","3":"status-publish","4":"format-standard","5":"has-post-thumbnail","7":"category-ile-de-france","8":"tag-actu","9":"tag-actualites","10":"tag-eu","11":"tag-europe","12":"tag-fr","13":"tag-france","14":"tag-goutte-froide","15":"tag-ile-de-france","16":"tag-meteo","17":"tag-news","18":"tag-orages","19":"tag-paris","20":"tag-republique-francaise"},"share_on_mastodon":{"url":"https:\/\/pubeurope.com\/@fr\/115053987694903887","error":""},"_links":{"self":[{"href":"https:\/\/www.europesays.com\/fr\/wp-json\/wp\/v2\/posts\/328691","targetHints":{"allow":["GET"]}}],"collection":[{"href":"https:\/\/www.europesays.com\/fr\/wp-json\/wp\/v2\/posts"}],"about":[{"href":"https:\/\/www.europesays.com\/fr\/wp-json\/wp\/v2\/types\/post"}],"author":[{"embeddable":true,"href":"https:\/\/www.europesays.com\/fr\/wp-json\/wp\/v2\/users\/2"}],"replies":[{"embeddable":true,"href":"https:\/\/www.europesays.com\/fr\/wp-json\/wp\/v2\/comments?post=328691"}],"version-history":[{"count":0,"href":"https:\/\/www.europesays.com\/fr\/wp-json\/wp\/v2\/posts\/328691\/revisions"}],"wp:featuredmedia":[{"embeddable":true,"href":"https:\/\/www.europesays.com\/fr\/wp-json\/wp\/v2\/media\/328692"}],"wp:attachment":[{"href":"https:\/\/www.europesays.com\/fr\/wp-json\/wp\/v2\/media?parent=328691"}],"wp:term":[{"taxonomy":"category","embeddable":true,"href":"https:\/\/www.europesays.com\/fr\/wp-json\/wp\/v2\/categories?post=328691"},{"taxonomy":"post_tag","embeddable":true,"href":"https:\/\/www.europesays.com\/fr\/wp-json\/wp\/v2\/tags?post=328691"}],"curies":[{"name":"wp","href":"https:\/\/api.w.org\/{rel}","templated":true}]}}