{"id":328695,"date":"2025-08-19T06:22:16","date_gmt":"2025-08-19T06:22:16","guid":{"rendered":"https:\/\/www.europesays.com\/fr\/328695\/"},"modified":"2025-08-19T06:22:16","modified_gmt":"2025-08-19T06:22:16","slug":"ligue-1-une-ambition-a-construire-pour-le-racing","status":"publish","type":"post","link":"https:\/\/www.europesays.com\/fr\/328695\/","title":{"rendered":"Ligue 1. Une ambition \u00e0 construire pour le Racing"},"content":{"rendered":"<p>Cela va leur faire dr\u00f4le, aux supporters, encore nombreux derri\u00e8re la main courante la semaine derni\u00e8re pour assister aux entra\u00eenements des joueurs du Racing. Dans les prochains jours, aucune des trois s\u00e9ances (mardi \u00e0 11h, vendredi \u00e0 14h et samedi \u00e0 11h) ne sera ouverte au public.<\/p>\n<p>Des imperfections logiques<\/p>\n<p>Dans cette semaine anglaise, avec deux matches au programme \u2013 Br\u00f6ndby jeudi (20h) en barrage de Ligue Conf\u00e9rence et Nantes dimanche (17h15) en championnat \u2013, <a href=\"https:\/\/www.lalsace.fr\/p\/liam-rosenior\" target=\"_blank\" rel=\"noopener\">Liam Rosenior<\/a> va devoir resserrer son travail tactique, ce qu\u2019il pr\u00e9f\u00e8re effectuer \u00e0 l\u2019abri des regards. \u00c0 n\u2019en pas douter, l\u2019entra\u00eeneur anglais n\u2019aurait pas \u00e9t\u00e9 contre disposer d\u2019une semaine pleine pour poursuivre l\u2019int\u00e9gration de ses nombreuses recrues et parfaire les automatismes au sein des nouvelles associations de joueurs sur le terrain.<\/p>\n<p><a href=\"https:\/\/www.lalsace.fr\/sport\/2025\/08\/17\/la-bonne-habitude-du-racing-vainqueur-du-derby-a-metz-(0-1)\" target=\"_blank\" rel=\"noopener\">La prestation sur la pelouse de Saint-Symphorien<\/a> a&#8230;<\/p>\n","protected":false},"excerpt":{"rendered":"Cela va leur faire dr\u00f4le, aux supporters, encore nombreux derri\u00e8re la main courante la semaine derni\u00e8re pour assister&hellip;\n","protected":false},"author":2,"featured_media":328696,"comment_status":"","ping_status":"","sticky":false,"template":"","format":"standard","meta":{"footnotes":""},"categories":[1888],"tags":[1111,1928,11,1927,1777,674,107,63,1011,27,12,1926,626,1925,41281,25,517],"class_list":{"0":"post-328695","1":"post","2":"type-post","3":"status-publish","4":"format-standard","5":"has-post-thumbnail","7":"category-paris","8":"tag-actu","9":"tag-actu-paris","10":"tag-actualites","11":"tag-actualites-paris","12":"tag-eu","13":"tag-europe","14":"tag-fil-info","15":"tag-football","16":"tag-fr","17":"tag-france","18":"tag-news","19":"tag-news-paris","20":"tag-paris","21":"tag-paris-news","22":"tag-racing-club-strasbourg-masculin","23":"tag-republique-francaise","24":"tag-sport"},"share_on_mastodon":{"url":"https:\/\/pubeurope.com\/@fr\/115053995308299359","error":""},"_links":{"self":[{"href":"https:\/\/www.europesays.com\/fr\/wp-json\/wp\/v2\/posts\/328695","targetHints":{"allow":["GET"]}}],"collection":[{"href":"https:\/\/www.europesays.com\/fr\/wp-json\/wp\/v2\/posts"}],"about":[{"href":"https:\/\/www.europesays.com\/fr\/wp-json\/wp\/v2\/types\/post"}],"author":[{"embeddable":true,"href":"https:\/\/www.europesays.com\/fr\/wp-json\/wp\/v2\/users\/2"}],"replies":[{"embeddable":true,"href":"https:\/\/www.europesays.com\/fr\/wp-json\/wp\/v2\/comments?post=328695"}],"version-history":[{"count":0,"href":"https:\/\/www.europesays.com\/fr\/wp-json\/wp\/v2\/posts\/328695\/revisions"}],"wp:featuredmedia":[{"embeddable":true,"href":"https:\/\/www.europesays.com\/fr\/wp-json\/wp\/v2\/media\/328696"}],"wp:attachment":[{"href":"https:\/\/www.europesays.com\/fr\/wp-json\/wp\/v2\/media?parent=328695"}],"wp:term":[{"taxonomy":"category","embeddable":true,"href":"https:\/\/www.europesays.com\/fr\/wp-json\/wp\/v2\/categories?post=328695"},{"taxonomy":"post_tag","embeddable":true,"href":"https:\/\/www.europesays.com\/fr\/wp-json\/wp\/v2\/tags?post=328695"}],"curies":[{"name":"wp","href":"https:\/\/api.w.org\/{rel}","templated":true}]}}