{"id":328701,"date":"2025-08-19T06:25:15","date_gmt":"2025-08-19T06:25:15","guid":{"rendered":"https:\/\/www.europesays.com\/fr\/328701\/"},"modified":"2025-08-19T06:25:15","modified_gmt":"2025-08-19T06:25:15","slug":"guerre-en-ukraine-emmanuel-macron-estime-que-la-russie-ne-donne-aucun-signal-de-vouloir-sincerement-la-paix-apres-la-reunion-trump-zelensky","status":"publish","type":"post","link":"https:\/\/www.europesays.com\/fr\/328701\/","title":{"rendered":"Guerre en Ukraine\u00a0: Emmanuel Macron estime que la Russie ne \u00ab\u00a0donne aucun signal de vouloir sinc\u00e8rement la paix\u00a0\u00bb apr\u00e8s la r\u00e9union Trump-Zelensky"},"content":{"rendered":"<p>\n                                                                Emmanuel Macron a d\u00e9clar\u00e9 que la r\u00e9union sur l\u2019Ukraine organis\u00e9e lundi \u00e0 la Maison blanche a permis d\u2019acter l\u2019engagement des \u00c9tats-Unis \u00e0 travailler au c\u00f4t\u00e9 des Europ\u00e9ens sur des garanties de s\u00e9curit\u00e9 ainsi que la tenue d\u2019une s\u00e9rie de rencontres, dont un sommet entre Volodimir Zelensky et Vladimir Poutine.\n                            <\/p>\n<p>\u00ab\u00a0Nous avons agr\u00e9\u00e9 plusieurs lignes qui sont importantes, et qui n\u2019\u00e9taient pas aussi claires il y a quelques jours ou quelques semaines\u00a0\u00bb, a d\u00e9clar\u00e9 le pr\u00e9sident fran\u00e7ais aux journalistes \u00e0 Washington apr\u00e8s les discussions auxquelles participaient son homologue ukrainien Volodimir Zelensky et plusieurs autres dirigeants europ\u00e9ens.<\/p>\n<p>\u00ab\u00a0Il a \u00e9t\u00e9 act\u00e9 aujourd\u2019hui que nous allons travailler avec les \u00c9tats-Unis sur le contenu des garanties de s\u00e9curit\u00e9 et les coop\u00e9rations que les uns et les autres sont pr\u00eats \u00e0 apporter\u00a0\u00bb, a-t-il dit, notant le \u00ab\u00a0long chemin\u00a0\u00bb parcouru en ce sens ces derniers mois.<\/p>\n<p>Par ailleurs, alors que le pr\u00e9sident am\u00e9ricain Donald Trump a interrompu un temps la r\u00e9union pour s\u2019entretenir par t\u00e9l\u00e9phone avec le pr\u00e9sident russe Vladimir Poutine, a \u00e9t\u00e9 act\u00e9 \u00ab\u00a0le principe d\u2019une s\u00e9rie de rencontres\u00a0\u00bb, a fait savoir Emmanuel Macron.<\/p>\n<p>D\u2019abord une \u00ab\u00a0s\u00e9quence bilat\u00e9rale\u00a0\u00bb entre Volodimir Zelensky et Vladimir Poutine, a-t-il dit, pr\u00e9cisant que le lieu de cette rencontre serait \u00ab\u00a0d\u00e9termin\u00e9 dans les prochaines heures\u00a0\u00bb.<\/p>\n<p>Puis une r\u00e9union trilat\u00e9rale \u00e0 laquelle participerait \u00e9galement Donald Trump, sous \u00ab\u00a0deux \u00e0 trois semaines\u00a0\u00bb, avec la volont\u00e9 globale \u00ab\u00a0que les choses s\u2019enclenchent\u00a0\u00bb.<\/p>\n<p>Un doute sur une possible paix<\/p>\n<p>Emmanuel Macron a d\u00e9clar\u00e9 avoir exprim\u00e9 le souhait que se tienne par la suite une r\u00e9union incluant les Europ\u00e9ens mais aussi tous ceux dont \u00ab\u00a0la s\u00e9curit\u00e9 est directement concern\u00e9e par les suites de ce conflit\u00a0\u00bb, citant la Turquie, h\u00f4te plus t\u00f4t cette ann\u00e9e de cycles de discussions entre la Russie et l\u2019Ukraine.<\/p>\n<p>Sujet de pr\u00e9occupation pour Kyiv et les Europ\u00e9ens, notamment avec la tenue du sommet bilat\u00e9ral entre Donald Trump et Vladimir Poutine vendredi en Alaska, les potentielles concessions territoriales \u00e0 Moscou n\u2019ont pas \u00e9t\u00e9 discut\u00e9es \u00ab\u00a0du tout aujourd\u2019hui\u00a0\u00bb, a dit le pr\u00e9sident fran\u00e7ais.<\/p>\n<p>Priorit\u00e9 a \u00e9t\u00e9 donn\u00e9e \u00e0 la question des garanties de s\u00e9curit\u00e9, a-t-il pr\u00e9cis\u00e9, ajoutant que le sujet des territoires devait plut\u00f4t \u00eatre discut\u00e9 en format bilat\u00e9ral et trilat\u00e9ral.<\/p>\n<p>Si \u00ab\u00a0le pr\u00e9sident Trump croit dans sa capacit\u00e9 \u00e0 obtenir un accord et croit que le pr\u00e9sident Poutine souhaite un accord de paix\u00a0\u00bb, a d\u00e9clar\u00e9 Emmanuel Macron, les Europ\u00e9ens ont soulign\u00e9 aupr\u00e8s du chef de la Maison blanche que la Russie \u00ab\u00a0\u00e9tait en train de bombarder l\u2019Ukraine\u00a0\u00bb pendant qu\u2019il rencontrait vendredi le chef du Kremlin en Alaska.<\/p>\n<p>\u00ab\u00a0Les faits disent les intentions\u00a0\u00bb, a d\u00e9clar\u00e9 le pr\u00e9sident fran\u00e7ais. \u00ab\u00a0La Russie continue la guerre, elle l\u2019intensifie [\u2026] et elle ne donne aucun signal de vouloir sinc\u00e8rement la paix\u00a0\u00bb.<\/p>\n<p>\u00ab\u00a0J\u2019ai pour ma part les plus grands doutes quant \u00e0 la r\u00e9alit\u00e9 de la volont\u00e9 de paix du pr\u00e9sident russe\u00a0\u00bb, a-t-il poursuivi, appelant \u00e0 accentuer la pression contre Moscou en l\u2019absence de r\u00e9sultats dans les n\u00e9gociations.<\/p>\n<p>Pour Kyiv et les Europ\u00e9ens, il est \u00e9galement \u00ab\u00a0clair dans notre esprit que la pression sur la Russie devra se poursuivre aussi longtemps que cette paix n\u2019aura pas \u00e9t\u00e9 \u00e9tablie\u00a0\u00bb, a \u00e9crit Emmanuel Macron mardi matin sur le r\u00e9seau social X.<\/p>\n","protected":false},"excerpt":{"rendered":"Emmanuel Macron a d\u00e9clar\u00e9 que la r\u00e9union sur l\u2019Ukraine organis\u00e9e lundi \u00e0 la Maison blanche a permis d\u2019acter&hellip;\n","protected":false},"author":2,"featured_media":328702,"comment_status":"","ping_status":"","sticky":false,"template":"","format":"standard","meta":{"footnotes":""},"categories":[1591],"tags":[11,1887,12,1885,1886,132],"class_list":{"0":"post-328701","1":"post","2":"type-post","3":"status-publish","4":"format-standard","5":"has-post-thumbnail","7":"category-russie","8":"tag-actualites","9":"tag-federation-de-russie","10":"tag-news","11":"tag-russia","12":"tag-russian-federation","13":"tag-russie"},"share_on_mastodon":{"url":"https:\/\/pubeurope.com\/@fr\/115054007127575370","error":""},"_links":{"self":[{"href":"https:\/\/www.europesays.com\/fr\/wp-json\/wp\/v2\/posts\/328701","targetHints":{"allow":["GET"]}}],"collection":[{"href":"https:\/\/www.europesays.com\/fr\/wp-json\/wp\/v2\/posts"}],"about":[{"href":"https:\/\/www.europesays.com\/fr\/wp-json\/wp\/v2\/types\/post"}],"author":[{"embeddable":true,"href":"https:\/\/www.europesays.com\/fr\/wp-json\/wp\/v2\/users\/2"}],"replies":[{"embeddable":true,"href":"https:\/\/www.europesays.com\/fr\/wp-json\/wp\/v2\/comments?post=328701"}],"version-history":[{"count":0,"href":"https:\/\/www.europesays.com\/fr\/wp-json\/wp\/v2\/posts\/328701\/revisions"}],"wp:featuredmedia":[{"embeddable":true,"href":"https:\/\/www.europesays.com\/fr\/wp-json\/wp\/v2\/media\/328702"}],"wp:attachment":[{"href":"https:\/\/www.europesays.com\/fr\/wp-json\/wp\/v2\/media?parent=328701"}],"wp:term":[{"taxonomy":"category","embeddable":true,"href":"https:\/\/www.europesays.com\/fr\/wp-json\/wp\/v2\/categories?post=328701"},{"taxonomy":"post_tag","embeddable":true,"href":"https:\/\/www.europesays.com\/fr\/wp-json\/wp\/v2\/tags?post=328701"}],"curies":[{"name":"wp","href":"https:\/\/api.w.org\/{rel}","templated":true}]}}