{"id":328707,"date":"2025-08-19T06:28:10","date_gmt":"2025-08-19T06:28:10","guid":{"rendered":"https:\/\/www.europesays.com\/fr\/328707\/"},"modified":"2025-08-19T06:28:10","modified_gmt":"2025-08-19T06:28:10","slug":"leconomie-britannique-etait-un-peu-plus-importante-que-prevu-fin-2023-selon-lons","status":"publish","type":"post","link":"https:\/\/www.europesays.com\/fr\/328707\/","title":{"rendered":"L&rsquo;\u00e9conomie britannique \u00e9tait un peu plus importante que pr\u00e9vu fin 2023, selon l&rsquo;ONS"},"content":{"rendered":"<p>L&rsquo;\u00e9conomie du Royaume-Uni \u00e0 la fin de l&rsquo;ann\u00e9e 2023 est d\u00e9sormais estim\u00e9e \u00e0 2,2\u00a0% sup\u00e9rieure \u00e0 son niveau le plus \u00e9lev\u00e9 juste avant la pand\u00e9mie de coronavirus, soit une l\u00e9g\u00e8re hausse par rapport \u00e0 l&rsquo;estimation pr\u00e9c\u00e9dente de 1,9\u00a0%, a annonc\u00e9 mardi l&rsquo;Office for National Statistics (ONS).<\/p>\n<p>\nL&rsquo;ONS a pr\u00e9cis\u00e9 que cette r\u00e9vision faisait suite \u00e0 une mise \u00e0 jour r\u00e9guli\u00e8re de sa m\u00e9thode de calcul du produit int\u00e9rieur brut, int\u00e9grant des donn\u00e9es am\u00e9lior\u00e9es sur la recherche et d\u00e9veloppement ainsi que des modifications dans la mesure de l&rsquo;activit\u00e9 des grandes entreprises multinationales.<\/p>\n","protected":false},"excerpt":{"rendered":"L&rsquo;\u00e9conomie du Royaume-Uni \u00e0 la fin de l&rsquo;ann\u00e9e 2023 est d\u00e9sormais estim\u00e9e \u00e0 2,2\u00a0% sup\u00e9rieure \u00e0 son niveau&hellip;\n","protected":false},"author":2,"featured_media":328708,"comment_status":"","ping_status":"","sticky":false,"template":"","format":"standard","meta":{"footnotes":""},"categories":[1588],"tags":[11,340,1777,674,12,473,1853,1851,1850,1852],"class_list":{"0":"post-328707","1":"post","2":"type-post","3":"status-publish","4":"format-standard","5":"has-post-thumbnail","7":"category-royaume-uni","8":"tag-actualites","9":"tag-bourse","10":"tag-eu","11":"tag-europe","12":"tag-news","13":"tag-royaume-uni","14":"tag-royaume-uni-de-grande-bretagne-et-dirlande-du-nord","15":"tag-uk","16":"tag-united-kingdom","17":"tag-united-kingdom-of-great-britain-and-northern-ireland"},"share_on_mastodon":{"url":"https:\/\/pubeurope.com\/@fr\/115054018882577695","error":""},"_links":{"self":[{"href":"https:\/\/www.europesays.com\/fr\/wp-json\/wp\/v2\/posts\/328707","targetHints":{"allow":["GET"]}}],"collection":[{"href":"https:\/\/www.europesays.com\/fr\/wp-json\/wp\/v2\/posts"}],"about":[{"href":"https:\/\/www.europesays.com\/fr\/wp-json\/wp\/v2\/types\/post"}],"author":[{"embeddable":true,"href":"https:\/\/www.europesays.com\/fr\/wp-json\/wp\/v2\/users\/2"}],"replies":[{"embeddable":true,"href":"https:\/\/www.europesays.com\/fr\/wp-json\/wp\/v2\/comments?post=328707"}],"version-history":[{"count":0,"href":"https:\/\/www.europesays.com\/fr\/wp-json\/wp\/v2\/posts\/328707\/revisions"}],"wp:featuredmedia":[{"embeddable":true,"href":"https:\/\/www.europesays.com\/fr\/wp-json\/wp\/v2\/media\/328708"}],"wp:attachment":[{"href":"https:\/\/www.europesays.com\/fr\/wp-json\/wp\/v2\/media?parent=328707"}],"wp:term":[{"taxonomy":"category","embeddable":true,"href":"https:\/\/www.europesays.com\/fr\/wp-json\/wp\/v2\/categories?post=328707"},{"taxonomy":"post_tag","embeddable":true,"href":"https:\/\/www.europesays.com\/fr\/wp-json\/wp\/v2\/tags?post=328707"}],"curies":[{"name":"wp","href":"https:\/\/api.w.org\/{rel}","templated":true}]}}