{"id":328712,"date":"2025-08-19T06:31:10","date_gmt":"2025-08-19T06:31:10","guid":{"rendered":"https:\/\/www.europesays.com\/fr\/328712\/"},"modified":"2025-08-19T06:31:10","modified_gmt":"2025-08-19T06:31:10","slug":"il-ny-a-pas-eu-un-accident-du-a-des-gens-qui-quittent-la-feria-en-ayant-trop-bu-se-felicite-robert-menard","status":"publish","type":"post","link":"https:\/\/www.europesays.com\/fr\/328712\/","title":{"rendered":"\u00ab\u00a0Il n&rsquo;y a pas eu un accident d\u00fb \u00e0 des gens qui quittent la f\u00e9ria en ayant trop bu\u00a0\u00bb se f\u00e9licite Robert M\u00e9nard"},"content":{"rendered":"<p>Une \u00e9dition record pour la f\u00e9ria de B\u00e9ziers\u00a0: 1 200 000 spectateurs ont particip\u00e9 cette ann\u00e9e malgr\u00e9 la chaleur particuli\u00e8rement \u00e9crasante. Le maire de B\u00e9ziers Robert M\u00e9nard dresse le bilan <\/p>\n<p>Apr\u00e8s quatre jours et demi de f\u00e9ria, le maire de B\u00e9ziers Robert M\u00e9nard est ravi du bilan\u00a0: \u00ab\u00a0il y avait plus de monde partout, \u00e0 la messe d&rsquo;ouverture, aux corridas, dans les navettes, partout.\u00a0\u00bb\u00a0 La mairie avance un chiffre\u00a0: 1 200 000 spectateurs pour cette \u00e9dition, un record.<\/p>\n<p>Robert M\u00e9nard se f\u00e9licite aussi de l&rsquo;efficacit\u00e9 de la pr\u00e9sence des forces de l&rsquo;ordre, pr\u00e8s de 600 agents au total\u00a0: \u00ab\u00a0il n&rsquo;y a eu aucun accident de la route d\u00fb \u00e0 des gens qui auraient trop bu et aucune rixe avec des couteaux.\u00a0\u00bb<\/p>\n","protected":false},"excerpt":{"rendered":"Une \u00e9dition record pour la f\u00e9ria de B\u00e9ziers\u00a0: 1 200 000 spectateurs ont particip\u00e9 cette ann\u00e9e malgr\u00e9 la&hellip;\n","protected":false},"author":2,"featured_media":328713,"comment_status":"","ping_status":"","sticky":false,"template":"","format":"standard","meta":{"footnotes":""},"categories":[1586],"tags":[11,1777,674,1779,1011,27,12,25,1778,364],"class_list":{"0":"post-328712","1":"post","2":"type-post","3":"status-publish","4":"format-standard","5":"has-post-thumbnail","7":"category-europe","8":"tag-actualites","9":"tag-eu","10":"tag-europe","11":"tag-european-union","12":"tag-fr","13":"tag-france","14":"tag-news","15":"tag-republique-francaise","16":"tag-ue","17":"tag-union-europeenne"},"share_on_mastodon":{"url":"https:\/\/pubeurope.com\/@fr\/115054030643542191","error":""},"_links":{"self":[{"href":"https:\/\/www.europesays.com\/fr\/wp-json\/wp\/v2\/posts\/328712","targetHints":{"allow":["GET"]}}],"collection":[{"href":"https:\/\/www.europesays.com\/fr\/wp-json\/wp\/v2\/posts"}],"about":[{"href":"https:\/\/www.europesays.com\/fr\/wp-json\/wp\/v2\/types\/post"}],"author":[{"embeddable":true,"href":"https:\/\/www.europesays.com\/fr\/wp-json\/wp\/v2\/users\/2"}],"replies":[{"embeddable":true,"href":"https:\/\/www.europesays.com\/fr\/wp-json\/wp\/v2\/comments?post=328712"}],"version-history":[{"count":0,"href":"https:\/\/www.europesays.com\/fr\/wp-json\/wp\/v2\/posts\/328712\/revisions"}],"wp:featuredmedia":[{"embeddable":true,"href":"https:\/\/www.europesays.com\/fr\/wp-json\/wp\/v2\/media\/328713"}],"wp:attachment":[{"href":"https:\/\/www.europesays.com\/fr\/wp-json\/wp\/v2\/media?parent=328712"}],"wp:term":[{"taxonomy":"category","embeddable":true,"href":"https:\/\/www.europesays.com\/fr\/wp-json\/wp\/v2\/categories?post=328712"},{"taxonomy":"post_tag","embeddable":true,"href":"https:\/\/www.europesays.com\/fr\/wp-json\/wp\/v2\/tags?post=328712"}],"curies":[{"name":"wp","href":"https:\/\/api.w.org\/{rel}","templated":true}]}}