{"id":328716,"date":"2025-08-19T06:33:12","date_gmt":"2025-08-19T06:33:12","guid":{"rendered":"https:\/\/www.europesays.com\/fr\/328716\/"},"modified":"2025-08-19T06:33:12","modified_gmt":"2025-08-19T06:33:12","slug":"tout-bloquer-le-10-septembre-lfi-appelle-a-y-participer-les-autres-partis-politiques-embarrasses","status":"publish","type":"post","link":"https:\/\/www.europesays.com\/fr\/328716\/","title":{"rendered":"\u00ab\u00a0Tout bloquer\u00a0\u00bb le 10\u00a0septembre\u00a0? LFI appelle \u00e0 y participer, les autres partis politiques embarrass\u00e9s"},"content":{"rendered":"<p>        <img decoding=\"async\" loading=\"lazy\" src=\"https:\/\/www.europesays.com\/fr\/wp-content\/uploads\/2025\/08\/9bdf168_upload-1-xcwnypxhrm1s-afp-20250629-hl-bohier-2815558-v1-highres-francemobilizationagainstdup.jpeg\"  width=\"728\" height=\"410\" alt=\"Jean-Luc M\u00e9lenchon appelle \u00e0 participer \u00e0 la journ\u00e9e de mobilisation du 10\u00a0septembre 2025.\"\/>  <\/p>\n<p>BASTIEN OHIER \/ Hans Lucas via AFP<\/p>\n<p>Jean-Luc M\u00e9lenchon appelle \u00e0 participer \u00e0 la journ\u00e9e de mobilisation du 10\u00a0septembre 2025.<\/p>\n<p class=\"asset asset-text\">POLITIQUE &#8211; Un ovni politique. Mercredi 10\u00a0septembre, la France sera-t-elle \u00e0 l\u2019arr\u00eat comme l\u2019esp\u00e8rent les initiateurs d\u2019un appel \u00e0 \u00ab\u00a0tout bloquer\u00a0\u00bb\u00a0? Tout l\u2019\u00e9t\u00e9, ils ont multipli\u00e9 les messages sur les r\u00e9seaux sociaux, esp\u00e9rant cueillir les Fran\u00e7ais apr\u00e8s <a href=\"https:\/\/www.huffingtonpost.fr\/politique\/article\/pourquoi-le-budget-de-francois-bayrou-a-deja-des-airs-de-mission-impossible_252572.html\" rel=\"nofollow noopener\" target=\"_blank\">la douche froide annonc\u00e9e par Fran\u00e7ois Bayrou<\/a>. Tout est parti des mesures de restriction budg\u00e9taire pr\u00e9sent\u00e9es par le Premier ministre le 15\u00a0juillet, qui entend notamment <a href=\"https:\/\/www.huffingtonpost.fr\/politique\/article\/la-proposition-de-bayrou-sur-les-jours-feries-fait-grincer-jusque-dans-son-camp_253585.html\" rel=\"nofollow noopener\" target=\"_blank\">supprimer deux jours f\u00e9ri\u00e9s<\/a>, geler les retraites et les prestations sociales et baisser le budget de la sant\u00e9 de plusieurs milliards d\u2019euros.<\/p>\n<p class=\"asset asset-text\">Un collectif citoyen baptis\u00e9 <a href=\"https:\/\/www.huffingtonpost.fr\/politique\/article\/qui-se-cache-derriere-bloquons-tout-l-appel-a-la-mobilisation-du-10-septembre-contre-francois-bayrou_252974.html\" rel=\"nofollow noopener\" target=\"_blank\">\u00ab\u00a0Bloquons tout\u00a0!\u00a0\u00bb<\/a>, qui revendique son ind\u00e9pendance vis-\u00e0-vis des partis politiques et des syndicats, est alors entr\u00e9 en sc\u00e8ne. Un mouvement spontan\u00e9 certes, mais pas vraiment apolitique. Les premiers appels \u00e0 la mobilisation laissaient entrevoir un net penchant vers l\u2019extr\u00eame droite, avec une volont\u00e9 affich\u00e9e de d\u00e9fendre \u00ab\u00a0la France souveraine\u00a0\u00bb attach\u00e9e \u00ab\u00a0\u00e0 ses racines chr\u00e9tiennes\u00a0\u00bb. Ces messages ont infus\u00e9 durant la p\u00e9riode estivale, avant de se recentrer sur des revendications de pouvoir d\u2019achat et de conditions de vie.<\/p>\n<p class=\"asset asset-text\">\u00ab\u00a0Des soignants, des \u00e9tudiants, des pr\u00e9caires, des gilets jaunes ont commenc\u00e9 \u00e0 relayer l\u2019appel et \u00e0 s\u2019organiser localement\u00a0\u00bb, r\u00e9v\u00e8le l\u2019un des organisateurs dans <a href=\"https:\/\/www.leparisien.fr\/politique\/un-arret-total-et-illimite-du-pays-cest-quoi-ce-mouvement-qui-appelle-a-bloquer-la-france-a-partir-du-10-septembre-22-07-2025-7VCMYN5AJRHODBHYRZKEZ3PDGQ.php?ts=1755522720806\" target=\"_blank\" rel=\"noopener nofollow\" title=\"Nouvelle fen\u00eatre\">Le Parisien<\/a>. De quoi rendre plus commode la participation de citoyens et de militants de gauche. Le 30\u00a0juillet, <a href=\"https:\/\/www.huffingtonpost.fr\/politique\/article\/jean-luc-melenchon-veut-renvoyer-francois-bayrou-tout-de-suite-pour-cela-il-veut-tout-bloquer-le-10-septembre_253666.html\" target=\"_blank\" rel=\"noopener nofollow\" title=\"Nouvelle fen\u00eatre\">Jean-Luc M\u00e9lenchon<\/a> est le premier responsable politique national \u00e0 soutenir clairement l\u2019initiative. \u00ab\u00a0Je me reconnais dans les motifs de cette action\u00a0\u00bb, \u00e9crit le fondateur de La France insoumise <a href=\"https:\/\/melenchon.fr\/2025\/07\/30\/les-grands-retournements\/\" target=\"_blank\" rel=\"noopener nofollow\" title=\"Nouvelle fen\u00eatre\">sur son blog<\/a>. S\u2019il prend quelques pincettes, notamment sur le \u00ab\u00a0respect de l\u2019ind\u00e9pendance et de l\u2019autonomie\u00a0\u00bb du mouvement, l\u2019ancien d\u00e9put\u00e9 de Marseille assure que ses \u00ab\u00a0motivations sont pleinement justifi\u00e9es\u00a0\u00bb.<\/p>\n<p>    PS, PCF et Verts bien discrets    <\/p>\n<p class=\"asset asset-text\">Le 17\u00a0ao\u00fbt, il renouvelle son soutien \u00e0 la journ\u00e9e de mobilisation, appelant dans <a href=\"https:\/\/www.latribune.fr\/la-tribune-dimanche\/politique\/opinion-il-faut-renvoyer-francois-bayrou-tout-de-suite-par-jean-luc-melenchon-1031209.html\" target=\"_blank\" rel=\"noopener nofollow\" title=\"Nouvelle fen\u00eatre\">La Tribune dimanche<\/a> \u00ab\u00a0\u00e0 une offensive d\u00e9termin\u00e9e pour faire tomber ce gouvernement\u00a0\u00bb qui passe, selon lui, \u00ab\u00a0par la mobilisation populaire tous azimuts\u00a0\u00bb. Il demande \u00e0 ses troupes \u00ab\u00a0de se mettre imm\u00e9diatement au service des collectifs locaux qui proposent cette mobilisation et \u00e0 tout faire pour sa r\u00e9ussite\u00a0\u00bb. Le Nouveau Parti anticapitaliste (NPA) de Philippe Poutou et Olivier Besancenot a aussi apport\u00e9 son soutien au mouvement dans un communiqu\u00e9 publi\u00e9 ce lundi 18\u00a0ao\u00fbt.<\/p>\n<p class=\"asset asset-text\">Une tribune, pass\u00e9e inaper\u00e7ue, avait \u00e9t\u00e9 sign\u00e9e le 11\u00a0ao\u00fbt par quelques cadres de gauche, dont les d\u00e9put\u00e9s ex-LFI Cl\u00e9mentine Autain et Alexis Corbi\u00e8re, l\u2019\u00e9cologiste Sandrine Rousseau ou le maire communiste de Gennevilliers Patrice Leclerc. \u00ab\u00a0Dans chaque quartier, chaque village, rassemblons-nous sur les places et les ronds-points et d\u00e9cidons ensemble comment agir\u00a0\u00bb, \u00e9crivent-ils dans <a href=\"https:\/\/regards.fr\/tribune-appel-a-soutenir-amplifier-et-prolonger-la-mobilisation-du-10-septembre\/\" target=\"_blank\" rel=\"noopener nofollow\" title=\"Nouvelle fen\u00eatre\">Regards<\/a>, aux c\u00f4t\u00e9s de militants associatifs et syndicaux. \u00ab\u00a0Ne laissons personne de c\u00f4t\u00e9, faisons du 10\u00a0septembre le d\u00e9but de la lutte.\u00a0\u00bb<\/p>\n<p class=\"asset asset-text\">Mais au-del\u00e0, les soutiens officiels \u00e0 la journ\u00e9e de mobilisation sont rares. Et les partis politiques, bouscul\u00e9s dans leur organisation traditionnelle, demeurent bien silencieux. Aucun des dirigeants des trois principaux partis de gauche, <a href=\"https:\/\/www.huffingtonpost.fr\/politique\/article\/les-5-travaux-d-olivier-faure-a-la-tete-du-parti-socialiste_251259.html\" rel=\"nofollow noopener\" target=\"_blank\">Olivier Faure<\/a> (PS), Fabien Roussel (PCF) et Marine Tondelier (Les \u00c9cologistes) ne s\u2019est exprim\u00e9 publiquement. Les Verts ont pr\u00e9vu de se r\u00e9unir, cette semaine en marge de leur universit\u00e9 d\u2019\u00e9t\u00e9, pour discuter de la position \u00e0 adopter. C\u00f4t\u00e9 communiste, Fabien Roussel avait appel\u00e9 en 2023\u00a0\u00e0 des manifestations devant les pr\u00e9fectures (et m\u00eame \u00e0 \u00ab\u00a0les envahir, si n\u00e9cessaire\u00a0\u00bb) pour exprimer le ras-le-bol social. Pourra-t-il cette fois passer son tour\u00a0?<\/p>\n<p>    Crainte de la r\u00e9cup\u00e9ration    <\/p>\n<p class=\"asset asset-text\">D\u2019autant que les syndicats pourraient \u00eatre de la partie. Remont\u00e9es elles aussi contre les annonces de Fran\u00e7ois Bayrou, les grandes centrales r\u00e9fl\u00e9chissent encore aux modalit\u00e9s d\u2019action pour la rentr\u00e9e. Une intersyndicale est pr\u00e9vue le 1er\u00a0septembre, alors m\u00eame que plusieurs f\u00e9d\u00e9rations de la CGT ont annonc\u00e9 leur volont\u00e9 de d\u00e9poser un pr\u00e9avis de gr\u00e8ve. La participation des principaux syndicaux au mouvement du 10\u00a0septembre pourrait changer la donne aux yeux des responsables de gauche, qui craignent pour le moment d\u2019\u00eatre accus\u00e9s de r\u00e9cup\u00e9ration\u00a0et se tiennent \u00e0 bonne distance d\u2019un mouvement dont ils ne savent rien ou si peu.<\/p>\n<p class=\"asset asset-text\">\u00c0 l\u2019extr\u00eame droite, <a href=\"https:\/\/www.huffingtonpost.fr\/politique\/article\/comment-le-rn-a-echoue-a-capitaliser-sur-son-bon-resultat-du-premier-tour-des-legislatives-de-2024_253365.html\" rel=\"nofollow noopener\" target=\"_blank\">le Rassemblement national<\/a> marche sur des \u0153ufs. Les mots d\u2019ordre de d\u00e9part (dont le fameux \u00ab\u00a0<a href=\"https:\/\/www.huffingtonpost.fr\/politique\/article\/avec-c-est-nicolas-qui-paie-l-extreme-droite-adoube-un-cheval-de-troie-raciste-et-reactionnaire_251804.html\" rel=\"nofollow noopener\" target=\"_blank\">C\u2019est Nicolas qui paye<\/a>\u00a0\u00bb) avaient tout pour plaire au parti dirig\u00e9 par Jordan Bardella. En t\u00e9moigne la vid\u00e9o publi\u00e9e le 23\u00a0juillet par le d\u00e9put\u00e9 RN Matthias Renault, se r\u00e9jouissant d\u2019une \u00ab\u00a0mobilisation populaire le 10\u00a0septembre\u00a0\u00bb sur les th\u00e8mes de \u00ab\u00a0ras-le-bol fiscal des actifs\u00a0\u00bb, de \u00ab\u00a0remise en cause de l\u2019\u00c9tat ob\u00e8se\u00a0\u00bb, mais aussi \u00ab\u00a0anti-immigration\u00a0\u00bb et \u00ab\u00a0anti-\u00e9cologie punitive\u00a0\u00bb. Mais c\u2019\u00e9tait sans compter sur son \u00e9volution r\u00e9cente, vers plus de justice sociale. Finalement, apr\u00e8s le soutien apport\u00e9 par Jean-Luc M\u00e9lenchon au mouvement, ce m\u00eame d\u00e9put\u00e9 RN s\u2019est repris sur son compte X\u00a0: \u00ab\u00a0derni\u00e8re confirmation que l\u2019extr\u00eame gauche est derri\u00e8re le 10\u00a0septembre\u00a0\u00bb.<\/p>\n<p class=\"asset asset-text\">\u00c0 trois semaines de la mobilisation, tout semble encore flou. Participer \u00e0 un mouvement dont on ne partage pas forc\u00e9ment 100\u00a0% des revendications ou s\u2019en tenir \u00e0 distance quitte \u00e0 passer \u00e0 c\u00f4t\u00e9 d\u2019un mouvement social d\u2019ampleur\u00a0? Voil\u00e0 qui devrait donner du grain \u00e0 moudre aux partis politiques, notamment de gauche, dont les universit\u00e9s d\u2019\u00e9t\u00e9 s\u2019ouvrent en fin de semaine.<\/p>\n","protected":false},"excerpt":{"rendered":"BASTIEN OHIER \/ Hans Lucas via AFP Jean-Luc M\u00e9lenchon appelle \u00e0 participer \u00e0 la journ\u00e9e de mobilisation du&hellip;\n","protected":false},"author":2,"featured_media":328717,"comment_status":"","ping_status":"","sticky":false,"template":"","format":"standard","meta":{"footnotes":""},"categories":[2],"tags":[11,2286,1011,27,23169,3081,1023,12,25198,6273,316,25],"class_list":{"0":"post-328716","1":"post","2":"type-post","3":"status-publish","4":"format-standard","5":"has-post-thumbnail","7":"category-actualites","8":"tag-actualites","9":"tag-eelv","10":"tag-fr","11":"tag-france","12":"tag-gilets-jaunes","13":"tag-jean-luc-melenchon","14":"tag-la-france-insoumise-lfi","15":"tag-news","16":"tag-pcf","17":"tag-philippe-poutou","18":"tag-politique","19":"tag-republique-francaise"},"share_on_mastodon":{"url":"https:\/\/pubeurope.com\/@fr\/115054038505926575","error":""},"_links":{"self":[{"href":"https:\/\/www.europesays.com\/fr\/wp-json\/wp\/v2\/posts\/328716","targetHints":{"allow":["GET"]}}],"collection":[{"href":"https:\/\/www.europesays.com\/fr\/wp-json\/wp\/v2\/posts"}],"about":[{"href":"https:\/\/www.europesays.com\/fr\/wp-json\/wp\/v2\/types\/post"}],"author":[{"embeddable":true,"href":"https:\/\/www.europesays.com\/fr\/wp-json\/wp\/v2\/users\/2"}],"replies":[{"embeddable":true,"href":"https:\/\/www.europesays.com\/fr\/wp-json\/wp\/v2\/comments?post=328716"}],"version-history":[{"count":0,"href":"https:\/\/www.europesays.com\/fr\/wp-json\/wp\/v2\/posts\/328716\/revisions"}],"wp:featuredmedia":[{"embeddable":true,"href":"https:\/\/www.europesays.com\/fr\/wp-json\/wp\/v2\/media\/328717"}],"wp:attachment":[{"href":"https:\/\/www.europesays.com\/fr\/wp-json\/wp\/v2\/media?parent=328716"}],"wp:term":[{"taxonomy":"category","embeddable":true,"href":"https:\/\/www.europesays.com\/fr\/wp-json\/wp\/v2\/categories?post=328716"},{"taxonomy":"post_tag","embeddable":true,"href":"https:\/\/www.europesays.com\/fr\/wp-json\/wp\/v2\/tags?post=328716"}],"curies":[{"name":"wp","href":"https:\/\/api.w.org\/{rel}","templated":true}]}}