{"id":328720,"date":"2025-08-19T06:35:11","date_gmt":"2025-08-19T06:35:11","guid":{"rendered":"https:\/\/www.europesays.com\/fr\/328720\/"},"modified":"2025-08-19T06:35:11","modified_gmt":"2025-08-19T06:35:11","slug":"ryder-cup-detry-seloigne-de-son-reve-dumont-de-chassart-sen-rapproche-clone","status":"publish","type":"post","link":"https:\/\/www.europesays.com\/fr\/328720\/","title":{"rendered":"Ryder Cup\u00a0: Detry s&rsquo;\u00e9loigne de son r\u00eave, Dumont de Chassart s&rsquo;en rapproche &#8211; Clone"},"content":{"rendered":"<p class=\"ap-StoryElement ap-StoryElement--mb js-paywall-target ap-StoryText\">\u00ab\u00a0Il n&rsquo;y a rien de pire que de donner le meilleur de soi-m\u00eame et de mal jouer, dit-il. Cela faisait longtemps que je ne l&rsquo;avais pas ressenti, et cette sensation dure depuis quelques semaines, ce qui est extr\u00eamement frustrant. Je vais appr\u00e9cier de me reposer et de prendre du recul.\u00a0\u00bb<\/p>\n<p class=\"ap-StoryElement ap-StoryElement--mb ap-StoryText\">En revanche, l&rsquo;Anglais Harry Hall a r\u00e9ussi une remontada spectaculaire qui lui offre sa premi\u00e8re participation au Tour Championship. Il se murmure qu&rsquo;il pourrait m\u00eame recevoir une invitation pour la Ryder Cup.<\/p>\n<p class=\"ap-StoryElement ap-StoryElement--mb ap-StoryText\">Mais, l&rsquo;acteur de la semaine, c&rsquo;est l&rsquo;\u00c9cossais Robert Macintyre m\u00eame s&rsquo;il a \u00e9t\u00e9 battu par l&rsquo;ogre Scottie Scheffler. L&rsquo;\u00c9cossais, longtemps en t\u00eate, s&rsquo;est consol\u00e9 avec une excellente nouvelle. Gr\u00e2ce \u00e0 son parcours dans le Maryland, il a valid\u00e9 officiellement son s\u00e9same pour la Ryder Cup disput\u00e9e \u00e0 Bethpage Black \u00e0 la fin septembre. Il y retrouvera donc Rory McIlroy, Tommy Fleetwood et Justin Rose. Il ne reste plus que deux places \u00e0 pourvoir.<\/p>\n<p>Un top 3 pour Dumont de Chassart<\/p>\n<p class=\"ap-StoryElement ap-StoryElement--mb ap-StoryText\">C\u00f4t\u00e9 belge, le sourire se lisait sur un autre green dans une autre division. Adrien Dumont de Chassart ne r\u00eave pas encore de Ryder Cup, mais il ambitionne de quitter le Korn Ferry Tour (Division 2) pour \u00e9voluer sur le PGA Tour la saison prochaine. Il a besoin de finir dans le top 20. Troisi\u00e8me du Boise Open, il \u00e9tait coleader apr\u00e8s 54 trous. En une semaine, il est pass\u00e9 de la 27e \u00e0 la 12e place. Il b\u00e9n\u00e9ficiera de deux semaines de repos avant de s&rsquo;attaquer aux trois playoffs. Le top 20, et donc la mont\u00e9e sur le PGA, se jouera en septembre. Les retrouvailles sont en vue.<\/p>\n","protected":false},"excerpt":{"rendered":"\u00ab\u00a0Il n&rsquo;y a rien de pire que de donner le meilleur de soi-m\u00eame et de mal jouer, dit-il.&hellip;\n","protected":false},"author":2,"featured_media":328721,"comment_status":"","ping_status":"","sticky":false,"template":"","format":"standard","meta":{"footnotes":""},"categories":[1418],"tags":[9013,1011,27,14824,1472,1227,517,60,45484],"class_list":{"0":"post-328720","1":"post","2":"type-post","3":"status-publish","4":"format-standard","5":"has-post-thumbnail","7":"category-golf","8":"tag-color-image","9":"tag-fr","10":"tag-france","11":"tag-gettyimagerank2","12":"tag-golf","13":"tag-horizontal","14":"tag-sport","15":"tag-sports","16":"tag-us-pga-tour"},"share_on_mastodon":{"url":"https:\/\/pubeurope.com\/@fr\/115054046354540999","error":""},"_links":{"self":[{"href":"https:\/\/www.europesays.com\/fr\/wp-json\/wp\/v2\/posts\/328720","targetHints":{"allow":["GET"]}}],"collection":[{"href":"https:\/\/www.europesays.com\/fr\/wp-json\/wp\/v2\/posts"}],"about":[{"href":"https:\/\/www.europesays.com\/fr\/wp-json\/wp\/v2\/types\/post"}],"author":[{"embeddable":true,"href":"https:\/\/www.europesays.com\/fr\/wp-json\/wp\/v2\/users\/2"}],"replies":[{"embeddable":true,"href":"https:\/\/www.europesays.com\/fr\/wp-json\/wp\/v2\/comments?post=328720"}],"version-history":[{"count":0,"href":"https:\/\/www.europesays.com\/fr\/wp-json\/wp\/v2\/posts\/328720\/revisions"}],"wp:featuredmedia":[{"embeddable":true,"href":"https:\/\/www.europesays.com\/fr\/wp-json\/wp\/v2\/media\/328721"}],"wp:attachment":[{"href":"https:\/\/www.europesays.com\/fr\/wp-json\/wp\/v2\/media?parent=328720"}],"wp:term":[{"taxonomy":"category","embeddable":true,"href":"https:\/\/www.europesays.com\/fr\/wp-json\/wp\/v2\/categories?post=328720"},{"taxonomy":"post_tag","embeddable":true,"href":"https:\/\/www.europesays.com\/fr\/wp-json\/wp\/v2\/tags?post=328720"}],"curies":[{"name":"wp","href":"https:\/\/api.w.org\/{rel}","templated":true}]}}