{"id":328722,"date":"2025-08-19T06:36:14","date_gmt":"2025-08-19T06:36:14","guid":{"rendered":"https:\/\/www.europesays.com\/fr\/328722\/"},"modified":"2025-08-19T06:36:14","modified_gmt":"2025-08-19T06:36:14","slug":"rogerio-brizola-est-de-retour-a-la-maison-a-lalterna-stade-poitevin","status":"publish","type":"post","link":"https:\/\/www.europesays.com\/fr\/328722\/","title":{"rendered":"Rogerio Brizola est de retour \u00e0 la maison \u00e0 l\u2019Alterna Stade Poitevin"},"content":{"rendered":"<p>Il n\u2019a pas chang\u00e9, alors que tout, ou presque, autour de lui s\u2019est transform\u00e9 et a \u00e9volu\u00e9. Rogerio Brizola a retrouv\u00e9 ces derniers jours la salle Lawson-Body, o\u00f9 il avait jou\u00e9 entre\u00a02013 et\u00a02015, puis entra\u00een\u00e9 les amateurs entre\u00a02017 et\u00a02022. L\u2019ex-central y a d\u00e9couvert de nouvelles couleurs, de nouvelles t\u00eates, un nouveau club en r\u00e9alit\u00e9, qui n\u2019a pas seulement d\u00e9laiss\u00e9 son ancien nom de Stade Poitevin Volley Beach pour devenir l\u2019Alterna Stade Poitevin&#8230;. <\/p>\n<p>    Cet article a \u00e9t\u00e9 tronqu\u00e9. Abonnez-vous pour lire l&rsquo;article complet sur notre site.<\/p>\n<p style=\"margin: 0 !important; padding: 0 !important; font-size: 12px !important;\">Cet article a \u00e9t\u00e9 tronqu\u00e9. Abonnez-vous pour lire l&rsquo;article complet.<\/p>\n<p>    <a href=\"https:\/\/www.lanouvellerepublique.fr\/abonnements\" style=\"display: inline-block; margin-top: 5px !important; padding: 6px 12px !important; background: #cb1c27; color: white; text-decoration: none; border-radius: 4px; font-size: 12px !important;\" target=\"_blank\" rel=\"noopener\"><br \/>\n      S&rsquo;abonner<br \/>\n    <\/a><\/p>\n","protected":false},"excerpt":{"rendered":"Il n\u2019a pas chang\u00e9, alors que tout, ou presque, autour de lui s\u2019est transform\u00e9 et a \u00e9volu\u00e9. Rogerio&hellip;\n","protected":false},"author":2,"featured_media":328723,"comment_status":"","ping_status":"","sticky":false,"template":"","format":"standard","meta":{"footnotes":""},"categories":[1417],"tags":[1392,1654,1011,27,1655,1653,60,1584,1470,1469],"class_list":{"0":"post-328722","1":"post","2":"type-post","3":"status-publish","4":"format-standard","5":"has-post-thumbnail","7":"category-volley","8":"tag-a-la-une-local","9":"tag-alterna-stade-poitevin-volley-ball","10":"tag-fr","11":"tag-france","12":"tag-ligue-a","13":"tag-poitiers","14":"tag-sports","15":"tag-vienne","16":"tag-volley","17":"tag-volleyball"},"share_on_mastodon":{"url":"https:\/\/pubeurope.com\/@fr\/115054050287275646","error":""},"_links":{"self":[{"href":"https:\/\/www.europesays.com\/fr\/wp-json\/wp\/v2\/posts\/328722","targetHints":{"allow":["GET"]}}],"collection":[{"href":"https:\/\/www.europesays.com\/fr\/wp-json\/wp\/v2\/posts"}],"about":[{"href":"https:\/\/www.europesays.com\/fr\/wp-json\/wp\/v2\/types\/post"}],"author":[{"embeddable":true,"href":"https:\/\/www.europesays.com\/fr\/wp-json\/wp\/v2\/users\/2"}],"replies":[{"embeddable":true,"href":"https:\/\/www.europesays.com\/fr\/wp-json\/wp\/v2\/comments?post=328722"}],"version-history":[{"count":0,"href":"https:\/\/www.europesays.com\/fr\/wp-json\/wp\/v2\/posts\/328722\/revisions"}],"wp:featuredmedia":[{"embeddable":true,"href":"https:\/\/www.europesays.com\/fr\/wp-json\/wp\/v2\/media\/328723"}],"wp:attachment":[{"href":"https:\/\/www.europesays.com\/fr\/wp-json\/wp\/v2\/media?parent=328722"}],"wp:term":[{"taxonomy":"category","embeddable":true,"href":"https:\/\/www.europesays.com\/fr\/wp-json\/wp\/v2\/categories?post=328722"},{"taxonomy":"post_tag","embeddable":true,"href":"https:\/\/www.europesays.com\/fr\/wp-json\/wp\/v2\/tags?post=328722"}],"curies":[{"name":"wp","href":"https:\/\/api.w.org\/{rel}","templated":true}]}}