{"id":328724,"date":"2025-08-19T06:37:10","date_gmt":"2025-08-19T06:37:10","guid":{"rendered":"https:\/\/www.europesays.com\/fr\/328724\/"},"modified":"2025-08-19T06:37:10","modified_gmt":"2025-08-19T06:37:10","slug":"le-nouveau-maillot-du-rugby-club-toulonnais-sera-devoile-ce-mardi-a-19h00","status":"publish","type":"post","link":"https:\/\/www.europesays.com\/fr\/328724\/","title":{"rendered":"Le nouveau maillot du Rugby Club Toulonnais sera d\u00e9voil\u00e9 ce mardi \u00e0 19h00 !"},"content":{"rendered":"<p>Le Rugby Club Toulonnais a d\u00e9voil\u00e9, fin juillet, son maillot \u00ab\u00a0ext\u00e9rieur\u00a0\u00bb pour la saison 2025 \/ 2026.<\/p>\n<p>Ce-dernier se veut blanc et rendant hommage au porte avions Charles de Gaulle.<\/p>\n<p>Ce mardi 19 ao\u00fbt, le Rugby Club Toulonnais d\u00e9voilera son maillot \u00ab\u00a0domicile\u00a0\u00bb.<\/p>\n<p>En effet, le club Varois a annonc\u00e9 que le nouveau maillot \u00ab\u00a0home\u00a0\u00bb de la saison 2025 \/ 2026 sera d\u00e9voil\u00e9 ce mardi 19 ao\u00fbt \u00e0 19h00.<\/p>\n<p>Rendez-vous donc \u00e0 19h00 pour d\u00e9couvrir la nouvelle tenue que porteront les joueurs du Rugby Club Toulonnais pour les matches qui se disputeront au Stade Mayol !<\/p>\n","protected":false},"excerpt":{"rendered":"Le Rugby Club Toulonnais a d\u00e9voil\u00e9, fin juillet, son maillot \u00ab\u00a0ext\u00e9rieur\u00a0\u00bb pour la saison 2025 \/ 2026. Ce-dernier&hellip;\n","protected":false},"author":2,"featured_media":209860,"comment_status":"","ping_status":"","sticky":false,"template":"","format":"standard","meta":{"footnotes":""},"categories":[1416],"tags":[1011,27,479,1468,60],"class_list":{"0":"post-328724","1":"post","2":"type-post","3":"status-publish","4":"format-standard","5":"has-post-thumbnail","7":"category-rugby","8":"tag-fr","9":"tag-france","10":"tag-rugby","11":"tag-rugby-football","12":"tag-sports"},"share_on_mastodon":{"url":"https:\/\/pubeurope.com\/@fr\/115054054308354341","error":""},"_links":{"self":[{"href":"https:\/\/www.europesays.com\/fr\/wp-json\/wp\/v2\/posts\/328724","targetHints":{"allow":["GET"]}}],"collection":[{"href":"https:\/\/www.europesays.com\/fr\/wp-json\/wp\/v2\/posts"}],"about":[{"href":"https:\/\/www.europesays.com\/fr\/wp-json\/wp\/v2\/types\/post"}],"author":[{"embeddable":true,"href":"https:\/\/www.europesays.com\/fr\/wp-json\/wp\/v2\/users\/2"}],"replies":[{"embeddable":true,"href":"https:\/\/www.europesays.com\/fr\/wp-json\/wp\/v2\/comments?post=328724"}],"version-history":[{"count":0,"href":"https:\/\/www.europesays.com\/fr\/wp-json\/wp\/v2\/posts\/328724\/revisions"}],"wp:featuredmedia":[{"embeddable":true,"href":"https:\/\/www.europesays.com\/fr\/wp-json\/wp\/v2\/media\/209860"}],"wp:attachment":[{"href":"https:\/\/www.europesays.com\/fr\/wp-json\/wp\/v2\/media?parent=328724"}],"wp:term":[{"taxonomy":"category","embeddable":true,"href":"https:\/\/www.europesays.com\/fr\/wp-json\/wp\/v2\/categories?post=328724"},{"taxonomy":"post_tag","embeddable":true,"href":"https:\/\/www.europesays.com\/fr\/wp-json\/wp\/v2\/tags?post=328724"}],"curies":[{"name":"wp","href":"https:\/\/api.w.org\/{rel}","templated":true}]}}