{"id":328727,"date":"2025-08-19T06:40:15","date_gmt":"2025-08-19T06:40:15","guid":{"rendered":"https:\/\/www.europesays.com\/fr\/328727\/"},"modified":"2025-08-19T06:40:15","modified_gmt":"2025-08-19T06:40:15","slug":"grand-prix-de-hongrie-2025-le-programme-tv-du-week-end-horaires-france","status":"publish","type":"post","link":"https:\/\/www.europesays.com\/fr\/328727\/","title":{"rendered":"Grand Prix de Hongrie 2025 : le programme TV du week-end (+ horaires France)"},"content":{"rendered":"<p class=\"mb-4 text-lg md:leading-8 break-words\">Apr\u00e8s une<strong> tr\u00eave estivale<\/strong> bienvenue pour tous les acteur du paddock, le <a href=\"https:\/\/www.sportauto.fr\/motogp\/motogp-la-technique-insolite-pour-consommer-moins-dessence-437122.htmlitem=1\" rel=\"nofollow noopener\" target=\"_blank\" data-ylk=\"slk:MotoGP;elm:context_link;itc:0;sec:content-canvas\" class=\"link \"><strong>MotoGP<\/strong><\/a> a entam\u00e9 la <strong>deuxi\u00e8me partie de sa campagne 202<\/strong>5 avec le Grand Prix d&rsquo;Autriche. Dans la foul\u00e9e du <strong>Red Bull Ring<\/strong>, le mondial du deux roues prend la direction de la <strong>Hongrie<\/strong> pour la <strong>14\u00e8me <\/strong><strong>manche de son <a href=\"https:\/\/www.sportauto.fr\/mondial-de-paris\/motogp-calendrier-mondial-2026-dates-circuits-435975.htmlitem=1\" rel=\"nofollow noopener\" target=\"_blank\" data-ylk=\"slk:calendrier.;elm:context_link;itc:0;sec:content-canvas\" class=\"link \">calendrier.<\/a><\/strong><\/p>\n<p>GP de Hongrie MotoGP 2025 : de retour apr\u00e8s trois d\u00e9cennies<\/p>\n<p class=\"mb-4 text-lg md:leading-8 break-words\">La<strong> Hongrie<\/strong> a la cote dans les sports m\u00e9caniques ! Alors que le <strong>Hungaroring<\/strong> a fait peau neuve et prolong\u00e9 son bail avec la <strong>Formule 1,<\/strong> le pays s&rsquo;est dot\u00e9 d&rsquo;une deuxi\u00e8me piste d&rsquo;envergure international, le <strong>Balaton Park.<\/strong><br \/>Inaugur\u00e9e en 2023, cette piste de <strong>4,115 km<\/strong> a l&rsquo;honneur d&rsquo;accueillir le<strong> MotoGP<\/strong>, une <strong><a href=\"https:\/\/www.sportauto.fr\/motogp\/motogp-hongrie-retour-calendrier-2025-balaton-park-420615.html\" rel=\"nofollow noopener\" target=\"_blank\" data-ylk=\"slk:premi\u00e8re en terre hongroise depuis plus de 30 ans.;elm:context_link;itc:0;sec:content-canvas\" class=\"link \">premi\u00e8re en terre hongroise depuis plus de 30 ans.<\/a> <\/strong>Le <strong>lac Balaton,<\/strong> le <strong>plus grand d&rsquo;Europe centrale<\/strong>, constituera une toile de fond \u00e9poustouflante et donnera aux visiteurs l&rsquo;occasion de profiter d&rsquo;un \u00e9v\u00e9nement sportif de premier ordre dans une<strong> destination spectaculaire.<br \/><\/strong>L&rsquo;\u00e9lite du deux roues avait visit\u00e9 le pays d&rsquo;abord <strong>en 1990<\/strong> avant de revenir pour un deuxi\u00e8me Grand Prix en 1992. Depuis lors, la nation a \u00e9galement c\u00e9l\u00e9br\u00e9 les<strong> succ\u00e8s du h\u00e9ros local G\u00e1bor&#8230;<a href=\"https:\/\/www.sportauto.fr\/motogp\/motogp-grand-prix-hongrie-2025-le-programme-tv-horaires-france-437132.html\" rel=\"nofollow noopener\" target=\"_blank\" data-ylk=\"slk:Lire la suite sur Sport Auto;elm:context_link;itc:0;sec:content-canvas\" class=\"link \">Lire la suite sur Sport Auto<\/a><\/strong><\/p>\n","protected":false},"excerpt":{"rendered":"Apr\u00e8s une tr\u00eave estivale bienvenue pour tous les acteur du paddock, le MotoGP a entam\u00e9 la deuxi\u00e8me partie&hellip;\n","protected":false},"author":2,"featured_media":328728,"comment_status":"","ping_status":"","sticky":false,"template":"","format":"standard","meta":{"footnotes":""},"categories":[1413],"tags":[1011,27,804,23800,46600,1457,1456,1458,60,10200,15698],"class_list":{"0":"post-328727","1":"post","2":"type-post","3":"status-publish","4":"format-standard","5":"has-post-thumbnail","7":"category-moto","8":"tag-fr","9":"tag-france","10":"tag-hongrie","11":"tag-le-pays","12":"tag-mondial-du-deux-roues","13":"tag-moto","14":"tag-motocycle","15":"tag-motogp","16":"tag-sports","17":"tag-sports-mecaniques","18":"tag-toile-de-fond"},"share_on_mastodon":{"url":"https:\/\/pubeurope.com\/@fr\/115054065985193880","error":""},"_links":{"self":[{"href":"https:\/\/www.europesays.com\/fr\/wp-json\/wp\/v2\/posts\/328727","targetHints":{"allow":["GET"]}}],"collection":[{"href":"https:\/\/www.europesays.com\/fr\/wp-json\/wp\/v2\/posts"}],"about":[{"href":"https:\/\/www.europesays.com\/fr\/wp-json\/wp\/v2\/types\/post"}],"author":[{"embeddable":true,"href":"https:\/\/www.europesays.com\/fr\/wp-json\/wp\/v2\/users\/2"}],"replies":[{"embeddable":true,"href":"https:\/\/www.europesays.com\/fr\/wp-json\/wp\/v2\/comments?post=328727"}],"version-history":[{"count":0,"href":"https:\/\/www.europesays.com\/fr\/wp-json\/wp\/v2\/posts\/328727\/revisions"}],"wp:featuredmedia":[{"embeddable":true,"href":"https:\/\/www.europesays.com\/fr\/wp-json\/wp\/v2\/media\/328728"}],"wp:attachment":[{"href":"https:\/\/www.europesays.com\/fr\/wp-json\/wp\/v2\/media?parent=328727"}],"wp:term":[{"taxonomy":"category","embeddable":true,"href":"https:\/\/www.europesays.com\/fr\/wp-json\/wp\/v2\/categories?post=328727"},{"taxonomy":"post_tag","embeddable":true,"href":"https:\/\/www.europesays.com\/fr\/wp-json\/wp\/v2\/tags?post=328727"}],"curies":[{"name":"wp","href":"https:\/\/api.w.org\/{rel}","templated":true}]}}