{"id":328733,"date":"2025-08-19T06:43:10","date_gmt":"2025-08-19T06:43:10","guid":{"rendered":"https:\/\/www.europesays.com\/fr\/328733\/"},"modified":"2025-08-19T06:43:10","modified_gmt":"2025-08-19T06:43:10","slug":"mercato-om-une-ancienne-piste-refait-surface-et-devient-chaude-livefoot","status":"publish","type":"post","link":"https:\/\/www.europesays.com\/fr\/328733\/","title":{"rendered":"Mercato &#8211; OM : Une ancienne piste refait surface et devient chaude ! &#8211; LiveFoot"},"content":{"rendered":"<ol>\n<li><a href=\"https:\/\/news.google.com\/rss\/articles\/CBMiowFBVV95cUxPTlZ2dXZmNGUtdzlPRzd2RnNQZW1jejVfWlFaSWFTV0hQaEJwanpIV1ZnM1M5ZGNFbEJEQlRHTUplTFZXUHpETlBtcENSRTJIckpLNFpLR1Y3ZnpPcGs0aTgwWFJFanZpWHJDeFdjQVhWWEVJSUJ3Q2RrN2g5WDU2N0xmZ2VtRjk2ZWViNHpfS255a2Y4TnFEb3poZDgyY1lQdU1F?oc=5\" target=\"_blank\" rel=\"nofollow noopener\">Mercato &#8211; OM : Une ancienne piste refait surface et devient chaude !<\/a>&nbsp;&nbsp;LiveFoot<\/li>\n<li><a href=\"https:\/\/news.google.com\/rss\/articles\/CBMiygFBVV95cUxPZkhkT0ZtTWc1ZDdsbXNWZG1QME1rWmQ4TjBFM0lGSXBqWV9hVUF2Um1JbWVyR0R0SkkyckFEbVh6S3pWS1U3T3F4Z1k4QndIS1cwaW1LQ1RITjRyMmtyYWIwWVotRF9TcDExdmNkZHZXWkhwbXZRdHk1Q1R2R3dVZUdlX1FremlZaFFJaHV0aUlCOW5JWE5kTXI2Q29mMEZSVXpWY2ptUjVuUmlHUEhmYVBvTHduN2tXbkx4Rno4dE5peVBCZ3ItWXFR?oc=5\" target=\"_blank\" rel=\"nofollow noopener\">Sur le march\u00e9 mais titularis\u00e9, Jonathan Rowe n&rsquo;a pas marqu\u00e9 de points face \u00e0 Rennes<\/a>&nbsp;&nbsp;L&rsquo;\u00c9quipe<\/li>\n<li><a href=\"https:\/\/news.google.com\/rss\/articles\/CBMilAFBVV95cUxONklHbnJ3d09EQ0NvU01tTWp1cnR3SW1sY1ppSHVEeDNHTW5KVlNGaDR5UTdxT2xIbmJtWnVCdjYzU2ZQVUdyUFd5Z3FPaWlDVWVXOVRQWGtUMF8tc3hjR2ExRjNCWG5ST2VFMWs3RV9RWE5jUklmZFRNMDZjclNMakR3RnB3NkpXSTZHQU91bUlSaURu?oc=5\" target=\"_blank\" rel=\"nofollow noopener\">Mercato OM : Bologne s&rsquo;attaque aussi \u00e0 Rowe !<\/a>&nbsp;&nbsp;Le Phoc\u00e9en<\/li>\n<li><a href=\"https:\/\/news.google.com\/rss\/articles\/CBMihgFBVV95cUxOMktVbG8wZWpvOWhUdTFSNjlPcWJuU2xzSlJLaTZOQTFOWGJXNm0tV2NTZ1hKLTExTUQ4YWxvZjNmVGlYU2NFcTRPNXFfRVZ3bE5EYTVTMVJULWx4cXVta3hmdm5HWklZejlDbFAzTEN0cHluYkJjcENxTnpZNUV1QUVKNTBEQdIBhgFBVV95cUxPZ0ZjeGZ6eXUtbWozaTFLM2hMVjB4U3ZMaTMxSDlGSUtpcDlHNktrbW5pWnBmTkVPdUI5ZDlHMnVNWGxCbDB2ZFlnZG1QQUJDeEZWSjBIZlQ2aFJ0eXZWS2ljX1JQdDh2U2ROdGNRU19UWnE3cW1tOGdHc3pXa2tPa2xaOGdZQQ?oc=5\" target=\"_blank\" rel=\"nofollow noopener\">OM : Rowe, la nouvelle priorit\u00e9 de la Roma<\/a>&nbsp;&nbsp;Maxifoot<\/li>\n<li><a href=\"https:\/\/news.google.com\/rss\/articles\/CBMif0FVX3lxTE1UVDB0WmF5eXp4UVVIeWxJQVRRVTZMQWpwbTlMdTJYNFRyUzhpajBiVTFvdDdlTU1nVUVrV3Zjd2lXRG5wNk9helVkbXJwYzlXSUxyMDFFU0FzaGc0M3JiNWtSZzNCWURSbmlKNF9iVWZqdDBqX1lyN0RiUE9yVGM?oc=5\" target=\"_blank\" rel=\"nofollow noopener\">Mercato OM : Un cador de Serie A fait de Jonathan Rowe sa priorit\u00e9<\/a>&nbsp;&nbsp;Yahoo Actualit\u00e9s<\/li>\n<\/ol>\n","protected":false},"excerpt":{"rendered":"Mercato &#8211; OM : Une ancienne piste refait surface et devient chaude !&nbsp;&nbsp;LiveFoot Sur le march\u00e9 mais titularis\u00e9,&hellip;\n","protected":false},"author":2,"featured_media":328734,"comment_status":"","ping_status":"","sticky":false,"template":"","format":"standard","meta":{"footnotes":""},"categories":[1410],"tags":[63,1011,27,60],"class_list":{"0":"post-328733","1":"post","2":"type-post","3":"status-publish","4":"format-standard","5":"has-post-thumbnail","7":"category-football","8":"tag-football","9":"tag-fr","10":"tag-france","11":"tag-sports"},"share_on_mastodon":{"url":"https:\/\/pubeurope.com\/@fr\/115054077964119976","error":""},"_links":{"self":[{"href":"https:\/\/www.europesays.com\/fr\/wp-json\/wp\/v2\/posts\/328733","targetHints":{"allow":["GET"]}}],"collection":[{"href":"https:\/\/www.europesays.com\/fr\/wp-json\/wp\/v2\/posts"}],"about":[{"href":"https:\/\/www.europesays.com\/fr\/wp-json\/wp\/v2\/types\/post"}],"author":[{"embeddable":true,"href":"https:\/\/www.europesays.com\/fr\/wp-json\/wp\/v2\/users\/2"}],"replies":[{"embeddable":true,"href":"https:\/\/www.europesays.com\/fr\/wp-json\/wp\/v2\/comments?post=328733"}],"version-history":[{"count":0,"href":"https:\/\/www.europesays.com\/fr\/wp-json\/wp\/v2\/posts\/328733\/revisions"}],"wp:featuredmedia":[{"embeddable":true,"href":"https:\/\/www.europesays.com\/fr\/wp-json\/wp\/v2\/media\/328734"}],"wp:attachment":[{"href":"https:\/\/www.europesays.com\/fr\/wp-json\/wp\/v2\/media?parent=328733"}],"wp:term":[{"taxonomy":"category","embeddable":true,"href":"https:\/\/www.europesays.com\/fr\/wp-json\/wp\/v2\/categories?post=328733"},{"taxonomy":"post_tag","embeddable":true,"href":"https:\/\/www.europesays.com\/fr\/wp-json\/wp\/v2\/tags?post=328733"}],"curies":[{"name":"wp","href":"https:\/\/api.w.org\/{rel}","templated":true}]}}