{"id":328737,"date":"2025-08-19T06:45:15","date_gmt":"2025-08-19T06:45:15","guid":{"rendered":"https:\/\/www.europesays.com\/fr\/328737\/"},"modified":"2025-08-19T06:45:15","modified_gmt":"2025-08-19T06:45:15","slug":"a-la-galerie-lorenzi-raconter-une-vie-depreuves-et-de-couleurs","status":"publish","type":"post","link":"https:\/\/www.europesays.com\/fr\/328737\/","title":{"rendered":"\u00c0 la galerie Lorenzi, raconter une vie d&rsquo;\u00e9preuves et de couleurs"},"content":{"rendered":"<p>Sur les murs de la galerie, situ\u00e9e au 31 boulevard Paoli, les toiles de Jos\u00e9 Lorenzi se r\u00e9pondent comme si le temps n&rsquo;avait jamais interrompu leur dialogue. Cet \u00e9t\u00e9, et jusqu&rsquo;au 30\u00a0septembre, l&rsquo;espace qu&rsquo;il avait lui-m\u00eame fa\u00e7onn\u00e9 se consacre \u00e0 son propre hommage. D\u00e8s l&rsquo;entr\u00e9e, on distingue ce port \u00e9clabouss\u00e9 de bleus et de rouges vifs \u00e9voquant Bastia, sa ville natale. Plus loin, une grande composition urbaine aux aplats d&rsquo;ocre et de vert rappelle les ruelles parisiennes o\u00f9, jeune homme, il d\u00e9couvrit Van Gogh. Sur une autre cimaise, la r\u00e9p\u00e9tition pop de formes g\u00e9om\u00e9triques fait \u00e9cho \u00e0 un s\u00e9jour \u00e0 New York, et \u00e0 sa rencontre avec les \u0153uvres d&rsquo;Andy Warhol.<\/p>\n<p>Une vie dans la peinture<\/p>\n<p>Il faut dire que l&rsquo;exposition hommage r\u00e9unit des \u0153uvres de toutes p\u00e9riodes, certaines jamais montr\u00e9es, longtemps conserv\u00e9es par Lorenzi qui refusait de les vendre. \u00ab\u00a0On veut donner \u00e0 ce lieu une dynamique pour que son \u0153uvre perdure\u00a0\u00bb, explique sa fille Jos\u00e9phine, qui g\u00e8re aujourd&rsquo;hui la galerie. N\u00e9 en 1929 \u00e0 Bastia, Jos\u00e9 Lorenzi a pendant plus de 80 ans, incarn\u00e9 l&rsquo;art contemporain corse. Avant-gardiste, et apr\u00e8s avoir termin\u00e9 premier \u00e0 l&rsquo;agr\u00e9gation, il cr\u00e9a \u00e0 Bastia le premier centre d&rsquo;arts plastiques de France et y installera l&rsquo;option arts au baccalaur\u00e9at.<\/p>\n<p>Deux \u00e9preuves bouleverseront sa palette\u00a0: un cancer lymphatique, qui le poussera vers des teintes plus lumineuses, et l&rsquo;accident de son index droit, qui l&rsquo;am\u00e8nera \u00e0 peindre au couteau. Ces \u00e9pisodes de sa vie se lisent avec une simplicit\u00e9 d\u00e9concertante sur les murs de la galerie\u00a0: l&rsquo;\u00e9volution des couleurs, la texture des mati\u00e8res, la lumi\u00e8re qui peu \u00e0 peu envahit ses paysages. L&rsquo;exposition, en d\u00e9roulant les fils d&rsquo;une vie d\u00e9di\u00e9e \u00e0 la cr\u00e9ation et \u00e0 l&rsquo;engagement culturel, offre \u00e0 tous les curieux la vision d&rsquo;un homme qui, jusqu&rsquo;au bout, aura refus\u00e9 toute concession sur sa libert\u00e9 de peindre.<\/p>\n","protected":false},"excerpt":{"rendered":"Sur les murs de la galerie, situ\u00e9e au 31 boulevard Paoli, les toiles de Jos\u00e9 Lorenzi se r\u00e9pondent&hellip;\n","protected":false},"author":2,"featured_media":328738,"comment_status":"","ping_status":"","sticky":false,"template":"","format":"standard","meta":{"footnotes":""},"categories":[1358],"tags":[17,1348,1384,1385,18493,1687,46602,1386,58,59,1011,27,10486,46601,41929,96,4717],"class_list":{"0":"post-328737","1":"post","2":"type-post","3":"status-publish","4":"format-standard","5":"has-post-thumbnail","7":"category-arts-et-design","8":"tag-17","9":"tag-arts","10":"tag-arts-and-design","11":"tag-arts-et-design","12":"tag-couleurs","13":"tag-culture-loisirs","14":"tag-depreuves","15":"tag-design","16":"tag-divertissement","17":"tag-entertainment","18":"tag-fr","19":"tag-france","20":"tag-galerie","21":"tag-lorenzi","22":"tag-raconter","23":"tag-une","24":"tag-vie"},"share_on_mastodon":{"url":"https:\/\/pubeurope.com\/@fr\/115054085691693299","error":""},"_links":{"self":[{"href":"https:\/\/www.europesays.com\/fr\/wp-json\/wp\/v2\/posts\/328737","targetHints":{"allow":["GET"]}}],"collection":[{"href":"https:\/\/www.europesays.com\/fr\/wp-json\/wp\/v2\/posts"}],"about":[{"href":"https:\/\/www.europesays.com\/fr\/wp-json\/wp\/v2\/types\/post"}],"author":[{"embeddable":true,"href":"https:\/\/www.europesays.com\/fr\/wp-json\/wp\/v2\/users\/2"}],"replies":[{"embeddable":true,"href":"https:\/\/www.europesays.com\/fr\/wp-json\/wp\/v2\/comments?post=328737"}],"version-history":[{"count":0,"href":"https:\/\/www.europesays.com\/fr\/wp-json\/wp\/v2\/posts\/328737\/revisions"}],"wp:featuredmedia":[{"embeddable":true,"href":"https:\/\/www.europesays.com\/fr\/wp-json\/wp\/v2\/media\/328738"}],"wp:attachment":[{"href":"https:\/\/www.europesays.com\/fr\/wp-json\/wp\/v2\/media?parent=328737"}],"wp:term":[{"taxonomy":"category","embeddable":true,"href":"https:\/\/www.europesays.com\/fr\/wp-json\/wp\/v2\/categories?post=328737"},{"taxonomy":"post_tag","embeddable":true,"href":"https:\/\/www.europesays.com\/fr\/wp-json\/wp\/v2\/tags?post=328737"}],"curies":[{"name":"wp","href":"https:\/\/api.w.org\/{rel}","templated":true}]}}