{"id":328739,"date":"2025-08-19T06:46:11","date_gmt":"2025-08-19T06:46:11","guid":{"rendered":"https:\/\/www.europesays.com\/fr\/328739\/"},"modified":"2025-08-19T06:46:11","modified_gmt":"2025-08-19T06:46:11","slug":"adele-yon-revient-sur-le-succes-de-son-livre-phenomene-mon-vrai-nom-est-elisabeth","status":"publish","type":"post","link":"https:\/\/www.europesays.com\/fr\/328739\/","title":{"rendered":"Ad\u00e8le Yon revient sur le succ\u00e8s de son livre ph\u00e9nom\u00e8ne \u00ab\u00a0Mon vrai nom est Elisabeth\u00a0\u00bb"},"content":{"rendered":"<p class=\"ap-StoryElement ap-StoryElement--mb js-paywall-target ap-StoryText\">Avec un sang-froid redoutable et une intransigeante ma\u00eetrise du sujet, Ad\u00e8le Yon r\u00e9habilite la figure de son arri\u00e8re-grand-m\u00e8re, Betsy, celle qu&rsquo;on a fait passer pour \u00ab\u00a0folle\u00a0\u00bb, qu&rsquo;on a \u00e9loign\u00e9e sous pr\u00e9texte de \u00ab\u00a0p\u00e9ril en la demeure\u00a0\u00bb et enferm\u00e9e de 1950 \u00e0 1967, internement durant lequel elle est soumise \u00e0 des traitements d&rsquo;une grande brutalit\u00e9. N\u00e9 d&rsquo;un travail de recherche acad\u00e9mique qui aboutira \u00e0 une th\u00e8se, Mon vrai nom est Elisabeth s&rsquo;appuie sur la peur de la narratrice d&rsquo;\u00eatre un jour touch\u00e9e par la maladie de son a\u00efeule dont on pr\u00e9f\u00e8re, par une sorte de superstition interg\u00e9n\u00e9rationnelle, taire l&rsquo;histoire. Documents, archives, rencontres, r\u00e9f\u00e9rences scientifiques alimentent l&rsquo;ouvrage qui a d\u00e9pass\u00e9 le cercle des amateurs de litt\u00e9rature. \u00ab\u00a0C&rsquo;est dingue, s&rsquo;exclame Ad\u00e8le Yon quand on lui fait la remarque. Le livre est tr\u00e8s lu et tr\u00e8s partag\u00e9 dans des services de psychiatrie, il y a souvent des psychiatres qui viennent aux rencontres, et c&rsquo;est assez important que le livre soit aussi un outil que s&rsquo;approprient les psychiatres pour regarder un peu de c\u00f4t\u00e9\u00a0\u00bb. <\/p>\n<p><a href=\"https:\/\/www.moustique.be\/musique\/2025\/08\/18\/carton-plein-pour-le-festival-cabaret-vert-une-edition-record-avec-will-smith-theodora-dj-snake-et-de-plus-en-plus-de-spectateurs-belges-HTVUTO2TKRB7NCVPY456TZRHRA\/\" target=\"_blank\" rel=\"noopener noreferrer\" class=\"ap-StoryInterstitialLink ap-StoryElement ap-StoryElement--mb\">Carton plein pour le festival Cabaret Vert: une \u00e9dition record avec Will Smith, Theodora, DJ Snake et de plus en plus de spectateurs Belges<\/a><\/p>\n<p class=\"ap-StoryElement ap-StoryElement--mb ap-StoryText\"><b>\u00c0 partir de quel moment votre recherche acad\u00e9mique devient un projet litt\u00e9raire autour de la figure de votre arri\u00e8re-grand-m\u00e8re, Elisabeth?<\/b><\/p>\n<p class=\"ap-StoryElement ap-StoryElement--mb ap-StoryText\">C&rsquo;\u00e9tait d&rsquo;abord une n\u00e9cessit\u00e9 personnelle. Je d\u00e9cide que le projet aura une forme publique d&rsquo;abord quand je me rends compte que cette histoire n&rsquo;appartient pas au pass\u00e9, qu&rsquo;elle a encore des cons\u00e9quences sur ma famille. Ensuite, quand je me rends compte que les histoires d&rsquo;a\u00efeules psychiatris\u00e9es et cette peur de la maladie mentale concernent \u00e9norm\u00e9ment de personnes. \u00c0 ce moment-l\u00e0, je pr\u00e9pare ma th\u00e8se, je m\u00e8ne la chose en chercheuse et je me pose la question de savoir si je peux faire, \u00e0 la fois, une th\u00e8se, un texte \u00e0 destination de ma famille et un texte litt\u00e9raire. Un jour de mai 2024, je l&rsquo;envoie en m\u00eame temps \u00e0 des \u00e9diteurs, \u00e0 mes directeurs de th\u00e8se et aux cinq enfants encore en vie d&rsquo;\u00c9lisabeth.<\/p>\n<p class=\"ap-StoryElement ap-StoryElement--mb ap-StoryText\"><b>L&rsquo;\u00e9criture a-t-elle fluide ou plut\u00f4t combative ?<\/b><\/p>\n<p class=\"ap-StoryElement ap-StoryElement--mb ap-StoryText\">\u00c7a a \u00e9t\u00e9 tr\u00e8s combatif. C&rsquo;est un sujet tr\u00e8s intime\u2026 Plus je d\u00e9couvrais des choses, plus c&rsquo;\u00e9tait horrible, plus c&rsquo;\u00e9tait difficile de faire face. Et puis, j&rsquo;ai appris \u00e0 \u00e9crire de mani\u00e8re acad\u00e9mique. Je ne suis pas habitu\u00e9e \u00e0 dire \u00ab\u00a0je\u00a0\u00bb, \u00e0 faire attention aux \u00e9motions, \u00e0 la sensibilit\u00e9 \u2013 or, pour cette histoire, c&rsquo;\u00e9tait \u00e9videmment impossible de ne pas faire attention \u00e0 \u00e7a. C&rsquo;\u00e9tait tout un apprentissage d&rsquo;inclure cette dimension dans l&rsquo;\u00e9criture. Enfin, comme je suis tr\u00e8s pointilleuse et que je n&rsquo;avais jamais travaill\u00e9 sur un texte aussi long, je voulais que tout soit parfait \u2013 chaque mot, chaque phrase devaient exactement dire ce que je voulais dire.<\/p>\n<p class=\"ap-StoryElement ap-StoryElement--mb ap-StoryText\"><b>Le livre pointe la fa\u00e7on violente dont on malmenait, dans les ann\u00e9es 50, les femmes, consid\u00e9r\u00e9es comme \u00ab\u00a0instables\u00a0\u00bb, \u00ab\u00a0hors-normes\u00a0\u00bb, \u00ab\u00a0d\u00e9rangeantes\u00a0\u00bb. Cette culpabilit\u00e9 de la soci\u00e9t\u00e9 n&rsquo;est-elle pas inscrite dans le silence de votre famille?<\/b><\/p>\n<p class=\"ap-StoryElement ap-StoryElement--mb ap-StoryText\">Oui, mais ce que cache le silence autour d&rsquo;\u00c9lisabeth, c&rsquo;est que la responsabilit\u00e9 ne revient qu&rsquo;aux autres, elle est aussi \u00e0 l&rsquo;int\u00e9rieur de la famille. Dans la mythologie de la famille parfaite, il est difficile d&rsquo;imaginer que des membres de cette famille ont pu faire du mal ou \u00eatre responsables de traumas transmis de g\u00e9n\u00e9ration en g\u00e9n\u00e9ration. Les hommes de la famille sont porteurs d&rsquo;un certain type de comportement et ils trouvent des relais de ce comportement dans le monde m\u00e9dical et institutionnel. Le silence fait croire que notre famille est particuli\u00e8re, alors qu&rsquo;elle ne l&rsquo;est pas et qu&rsquo;elle partage la m\u00eame histoire de violences avec beaucoup d&rsquo;autres.<\/p>\n<p class=\"ap-StoryElement ap-StoryElement--mb ap-StoryText\"><b>En \u00e9voquant l&rsquo;histoire de votre arri\u00e8re-grand-m\u00e8re, vous \u00e9voquez aussi la r\u00e9alit\u00e9 de pratiques comme les \u00e9lectrochocs, la lobotomie\u2026 <\/b><\/p>\n<p class=\"ap-StoryElement ap-StoryElement--mb ap-StoryText\">Les \u00e9lectrochocs, c&rsquo;est ce qui a \u00e9t\u00e9 le plus document\u00e9, mais la lobotomie ou les cures de Sakel dont je parle aussi, je n&rsquo;avais pas imagin\u00e9 la violence inou\u00efe de ces traitements sur le corps, ni mesur\u00e9 leur port\u00e9e politique. Ces traitements font partie d&rsquo;un syst\u00e8me. Un syst\u00e8me qui inclut le fait qu&rsquo;Andr\u00e9 puisse d\u00e9cider qu&rsquo;on enl\u00e8ve une partie du cerveau de sa femme et qu&rsquo;elle soit mise \u00e0 l&rsquo;\u00e9cart pendant des ann\u00e9es. C&rsquo;est le m\u00eame syst\u00e8me qui d\u00e9cide qu&rsquo;une op\u00e9ration chirurgicale sur une femme parfaitement bien portante, ce n&rsquo;est pas un probl\u00e8me\u2026<\/p>\n<p class=\"ap-StoryElement ap-StoryElement--mb ap-StoryText\"><b>Comment analysez-vous l&rsquo;int\u00e9r\u00eat que suscite votre livre?<\/b><\/p>\n<p class=\"ap-StoryElement ap-StoryElement--mb ap-StoryText\">Au d\u00e9part, je pensais qu&rsquo;il \u00e9tait li\u00e9 \u00e0 ces questions des femmes psychiatris\u00e9es et de la mal\u00e9diction de la maladie mentale. Maintenant, je crois qu&rsquo;il est li\u00e9 \u00e0 quelque chose de plus large: comment on vit au pr\u00e9sent tendu vers un pass\u00e9 dont on ne conna\u00eet pas tout et vers un avenir o\u00f9 on est parfois responsable de r\u00e9gler des choses qu&rsquo;on ne conna\u00eet m\u00eame pas\u2026<\/p>\n<p class=\"ap-StoryElement ap-StoryElement--mb ap-StoryText\"><b>Avez-vous l&rsquo;impression que votre r\u00e9cit s&rsquo;inscrit dans ce courant de la lib\u00e9ration de la parole o\u00f9 se sont distingu\u00e9es Vanessa Springora avec <\/b><b>Le consentement<\/b><b> et Camille Kouchner avec <\/b><b>La grande familia<\/b><b>?<\/b><\/p>\n<p class=\"ap-StoryElement ap-StoryElement--mb ap-StoryText\">Je n&rsquo;ai pas \u00e9crit dans ce sens-l\u00e0, et par rapport \u00e0 Vanessa Springora, par exemple, je ne suis pas une victime. Ma parole est celle d&rsquo;une chercheuse, cette distance dans mon travail d&rsquo;\u00e9criture est fondamentale, elle me permet de g\u00e9n\u00e9rer un dispositif de r\u00e9flexion critique, et de ne pas parler que depuis ma souffrance. Apr\u00e8s, oui, mon livre permet \u00e0 ceux qui le lisent de s&rsquo;interroger sur certains comportements \u2013 ce n&rsquo;est pas forc\u00e9ment ce \u00e0 quoi je m&rsquo;attendais et ce que je souhaitais, mais en tout cas, le livre produit \u00e7a. Ca dit quelque chose des besoins de notre \u00e9poque, plus que de mon intention d&rsquo;\u00e9criture\u2026<\/p>\n<p class=\"ap-StoryElement ap-StoryElement--mb ap-StoryText\"><b>Quelles cons\u00e9quences le livre a-t-il eu sur votre cercle familial?<\/b><\/p>\n<p class=\"ap-StoryElement ap-StoryElement--mb ap-StoryText\">Le livre permettra aux prochaines g\u00e9n\u00e9rations de filles , et il y en a beaucoup dans ma famille, de ne plus porter le joug de cette h\u00e9r\u00e9dit\u00e9. Ca a permis de mieux donner la parole aux femmes, parole tr\u00e8s in\u00e9galement distribu\u00e9e dans ma famille. Depuis, ma grand-m\u00e8re ne supporte plus que mon grand-p\u00e8re lui coupe la parole\u2026 C&rsquo;est vrai, mais c&rsquo;est fou\u2026<\/p>\n<p class=\"ap-StoryElement ap-StoryElement--mb ap-StoryText\"><b>Comment sort-on d&rsquo;une telle exp\u00e9rience ? <\/b><\/p>\n<p class=\"ap-StoryElement ap-StoryElement--mb ap-StoryText\">Honn\u00eatement, je n&rsquo;en suis pas sortie. \u00c7a fait quatre mois que je porte la promo \u00e0 bout de bras\u2026 On commence \u00e0 me parler de la suite, d&rsquo;un nouveau texte, mais moi, je ne peux pas du tout y penser. J&rsquo;ai encore un chemin \u00e0 faire avec \u00c9lisabeth\u2026<\/p>\n<blockquote class=\"ap-StoryQuote ap-StoryQuote--blockquote\">\n<p class=\"ap-StoryQuote-text\">\u00ab\u00a0Les histoires d&rsquo;a\u00efeules psychiatris\u00e9es et cette peur de la maladie mentale concernent \u00e9norm\u00e9ment de personnes\u00a0\u00bb<\/p>\n<\/blockquote>\n<p class=\"ap-StoryElement ap-StoryElement--mb ap-StoryText\"><b>Mon vrai nom est \u00c9lisabeth, Ad\u00e8le Yon, \u00c9ditions du sous-sol, 379 p.<\/b><\/p>\n<p class=\"ap-StoryElement ap-StoryElement--mb ap-StoryText\">Intime Festival, du 27 au 31\/8. Ad\u00e8le Yon, le 30\/8 \u00e0 17h, Th\u00e9\u00e2tre de Namur, Grande salle. www.intime-festival.be<\/p>\n","protected":false},"excerpt":{"rendered":"Avec un sang-froid redoutable et une intransigeante ma\u00eetrise du sujet, Ad\u00e8le Yon r\u00e9habilite la figure de son arri\u00e8re-grand-m\u00e8re,&hellip;\n","protected":false},"author":2,"featured_media":328740,"comment_status":"","ping_status":"","sticky":false,"template":"","format":"standard","meta":{"footnotes":""},"categories":[1357],"tags":[9499,3623,1379,26388,29330,46603,58,59,15683,46604,1011,27,26393,46605,1230,1380,26395,9021,46606,46607,9023,9026,46608,31626,46609,27952,26405],"class_list":{"0":"post-328739","1":"post","2":"type-post","3":"status-publish","4":"format-standard","5":"has-post-thumbnail","7":"category-livres","8":"tag-adult","9":"tag-black","10":"tag-books","11":"tag-clothing","12":"tag-copy-space","13":"tag-darkness","14":"tag-divertissement","15":"tag-entertainment","16":"tag-fashion","17":"tag-footwear","18":"tag-fr","19":"tag-france","20":"tag-front-view","21":"tag-full-length","22":"tag-indoors","23":"tag-livres","24":"tag-looking-at-camera","25":"tag-one-person","26":"tag-performance-art","27":"tag-photo-shoot","28":"tag-photography","29":"tag-portrait","30":"tag-sitting","31":"tag-studio","32":"tag-studio-shot","33":"tag-women","34":"tag-young-adult"},"share_on_mastodon":{"url":"https:\/\/pubeurope.com\/@fr\/115054089718589743","error":""},"_links":{"self":[{"href":"https:\/\/www.europesays.com\/fr\/wp-json\/wp\/v2\/posts\/328739","targetHints":{"allow":["GET"]}}],"collection":[{"href":"https:\/\/www.europesays.com\/fr\/wp-json\/wp\/v2\/posts"}],"about":[{"href":"https:\/\/www.europesays.com\/fr\/wp-json\/wp\/v2\/types\/post"}],"author":[{"embeddable":true,"href":"https:\/\/www.europesays.com\/fr\/wp-json\/wp\/v2\/users\/2"}],"replies":[{"embeddable":true,"href":"https:\/\/www.europesays.com\/fr\/wp-json\/wp\/v2\/comments?post=328739"}],"version-history":[{"count":0,"href":"https:\/\/www.europesays.com\/fr\/wp-json\/wp\/v2\/posts\/328739\/revisions"}],"wp:featuredmedia":[{"embeddable":true,"href":"https:\/\/www.europesays.com\/fr\/wp-json\/wp\/v2\/media\/328740"}],"wp:attachment":[{"href":"https:\/\/www.europesays.com\/fr\/wp-json\/wp\/v2\/media?parent=328739"}],"wp:term":[{"taxonomy":"category","embeddable":true,"href":"https:\/\/www.europesays.com\/fr\/wp-json\/wp\/v2\/categories?post=328739"},{"taxonomy":"post_tag","embeddable":true,"href":"https:\/\/www.europesays.com\/fr\/wp-json\/wp\/v2\/tags?post=328739"}],"curies":[{"name":"wp","href":"https:\/\/api.w.org\/{rel}","templated":true}]}}