{"id":328741,"date":"2025-08-19T06:47:21","date_gmt":"2025-08-19T06:47:21","guid":{"rendered":"https:\/\/www.europesays.com\/fr\/328741\/"},"modified":"2025-08-19T06:47:21","modified_gmt":"2025-08-19T06:47:21","slug":"marianne-en-panique-un-avertissement-effrayant-a-la-sortie-de-sa-douche-demain-nous-appartient-25-aout-2025-episode-2016-resume-complet-dna","status":"publish","type":"post","link":"https:\/\/www.europesays.com\/fr\/328741\/","title":{"rendered":"Marianne en panique : un avertissement effrayant \u00e0 la sortie de sa douche &#8211; Demain nous appartient 25 ao\u00fbt 2025 (\u00e9pisode 2016 &#8211; r\u00e9sum\u00e9 complet DNA)"},"content":{"rendered":"<p><img fetchpriority=\"high\" decoding=\"async\" aria-describedby=\"caption-attachment-310617\" src=\"https:\/\/www.europesays.com\/fr\/wp-content\/uploads\/2025\/08\/dna-marianne-2016.jpg\" alt=\"Marianne paniqu\u00e9e sort de la douche et trouve le mot \u00ab D\u00e9gage \u00bb \u00e9crit sur le miroir dans Demain nous appartient \u00e9pisode 2016.\" width=\"1280\" height=\"720\" class=\"size-full wp-image-310617\"  \/><\/p>\n<p id=\"caption-attachment-310617\" class=\"wp-caption-text\">Marianne (Luce Mouchel)  sous le choc en d\u00e9couvrant le mot \u00ab D\u00e9gage \u00bb inscrit sur le miroir de sa salle de bains dans Demain nous appartient<\/p>\n<p>Tout ce qu\u2019il faut savoir sur l\u2019\u00e9pisode 2016 de Demain nous appartient du 25 ao\u00fbt 2025, tous les <strong>spoilers complets <\/strong>par rapport aux intrigues du jour \u00e0 S\u00e8te.<\/p>\n<p>Demain nous appartient en avance : Karim pr\u00eat pour un date avec Laurie<br \/>\n<img loading=\"lazy\" decoding=\"async\" aria-describedby=\"caption-attachment-310607\" src=\"data:image\/svg+xml,%3Csvg%20xmlns=\" http:=\"\" alt=\"Marianne et Christelle  avec Nordine DNA \" width=\"1200\" height=\"637\" class=\"size-full wp-image-310607\" data-lazy- data-lazy- data-lazy-src=\"https:\/\/www.europesays.com\/fr\/wp-content\/uploads\/2025\/08\/dna-2016cf.jpg\"\/><\/p>\n<p id=\"caption-attachment-310607\" class=\"wp-caption-text\">Marianne et Christelle au commissariat<\/p>\n<p><strong>Marianne<\/strong> vient voir Alain de bon matin, elle sonne \u00e0 la porte mais il ne r\u00e9pond pas. <strong>Marianne<\/strong> lui laisse un message pour savoir si lui aussi a entendu les <strong>cris effrayants pendant la nuit<\/strong>.<br \/>Quand elle revient dans sa maison, <strong>tous les livres de la biblioth\u00e8que sont par terre<\/strong> : une sc\u00e8ne troublante qui l\u2019inqui\u00e8te profond\u00e9ment.<\/p>\n<p><strong>Christelle<\/strong> annonce \u00e0 <strong>Sylvain<\/strong> qu\u2019<strong>Annie<\/strong> n\u2019est pas rentr\u00e9e de la nuit. Elle imagine le pire car elle n\u2019a pas donn\u00e9 de nouvelles. Christelle a peur qu\u2019<strong>Annie soit en danger<\/strong>. Sylvain pense au contraire qu\u2019Annie a dormi chez Alain.<\/p>\n<p><img loading=\"lazy\" decoding=\"async\" aria-describedby=\"caption-attachment-310615\" src=\"data:image\/svg+xml,%3Csvg%20xmlns=\" http:=\"\" alt=\"alain avec Sara et Nordine dna \" width=\"1200\" height=\"660\" class=\"size-full wp-image-310615\" data-lazy- data-lazy- data-lazy-src=\"https:\/\/www.europesays.com\/fr\/wp-content\/uploads\/2025\/08\/dna-2016vDV.jpg\"\/><\/p>\n<p id=\"caption-attachment-310615\" class=\"wp-caption-text\">Alain n\u2019a entendu aucun cri dans la nuit<\/p>\n<p><strong>Arthur Verges<\/strong> a envoy\u00e9 un SMS d\u2019excuse et a propos\u00e9 de rencontrer <strong>Victoire, Fred ou Aaron<\/strong>. Mais <strong>Aaron<\/strong> refuse cat\u00e9goriquement, il ne veut pas soulager la conscience d\u2019Arthur\u2026 de toute mani\u00e8re, <strong>\u00e7a ne lui ram\u00e8nera pas Simon<\/strong>.<\/p>\n<p><strong>Damien<\/strong> a couru 15 kms, il est \u00e0 fond et hyper motiv\u00e9. Il parle avec <strong>Karim<\/strong> de Laurie. <strong>Aurore<\/strong> s\u2019int\u00e9resse et veut savoir si Karim a conclu\u2026<\/p>\n<p>\u00c0 l\u2019h\u00f4pital, <strong>Marianne<\/strong> entend <strong>Christelle<\/strong> laisser un message \u00e0 Annie. Elle lui parle du cri qu\u2019elle a entendu cette nuit. Ensemble, elles d\u00e9cident d\u2019aller au commissariat.<\/p>\n<p><strong>Nordine<\/strong>Annie appelle sa s\u0153ur et explique que son t\u00e9l\u00e9phone \u00e9tait d\u00e9charg\u00e9.<br \/><strong>Marianne<\/strong> croise alors <strong>S\u00e9bastien<\/strong> et d\u00e9cide de lui parler directement de ces fameux cris. Il prend l\u2019affaire au s\u00e9rieux.<\/p>\n<p><img loading=\"lazy\" decoding=\"async\" aria-describedby=\"caption-attachment-310613\" src=\"data:image\/svg+xml,%3Csvg%20xmlns=\" http:=\"\" alt=\"karim dna \" width=\"1200\" height=\"646\" class=\"size-full wp-image-310613\" data-lazy- data-lazy- data-lazy-src=\"https:\/\/www.europesays.com\/fr\/wp-content\/uploads\/2025\/08\/dna-2016DV.jpg\"\/><\/p>\n<p id=\"caption-attachment-310613\" class=\"wp-caption-text\">Karim avoue tout \u00e0 Lou, il a un rencard<\/p>\n<p><strong>Sara et Nordine<\/strong> sont missionn\u00e9s pour interroger Alain au sujet de ces bruits nocturnes. Mais <strong>Alain nie avoir entendu quoi que ce soit<\/strong>.<\/p>\n<p><strong>Arthur<\/strong> dit \u00e0 <strong>Victoire et Fred<\/strong> qu\u2019il est disponible s\u2019ils veulent exprimer leur col\u00e8re ou leur tristesse. Il explique qu\u2019avec <strong>Joyce<\/strong>, ils n\u2019ont pas v\u00e9cu le deuil d\u2019Amandine de la m\u00eame fa\u00e7on. Arthur pr\u00e9cise qu\u2019il n\u2019en voulait pas \u00e0 <strong>Ludo<\/strong> d\u2019avoir quitt\u00e9 sa s\u0153ur. Il leur laisse sa carte, en rappelant qu\u2019il travaille aux halles et qu\u2019il est disponible s\u2019ils ont des questions.<\/p>\n<p><strong>Karim<\/strong> appelle <strong>Lou<\/strong> pour lui demander de garder Nina ce soir, car il a un d\u00eener pr\u00e9vu. Il lui avoue qu\u2019il a un rencard. Lou accepte avec plaisir.<\/p>\n<p><img loading=\"lazy\" decoding=\"async\" aria-describedby=\"caption-attachment-310611\" src=\"data:image\/svg+xml,%3Csvg%20xmlns=\" http:=\"\" alt=\"lou dna  \" width=\"1200\" height=\"634\" class=\"size-full wp-image-310611\" data-lazy- data-lazy- data-lazy-src=\"https:\/\/www.europesays.com\/fr\/wp-content\/uploads\/2025\/08\/dna-2016Dfgjpg.jpg\"\/><\/p>\n<p id=\"caption-attachment-310611\" class=\"wp-caption-text\">Lou s\u2019amuse avec Karim : elle veut savoir pourquoi elle doit lui prendre Nina ce soir \ud83d\ude09<\/p>\n<p>De retour chez elle, <strong>Marianne<\/strong> d\u00e9couvre son <strong>lampadaire de travers<\/strong> et sa <strong>chaise renvers\u00e9e<\/strong>. Elle se sent de plus en plus en ins\u00e9curit\u00e9. Heureusement, <strong>Alain d\u00e9barque<\/strong> et elle est soulag\u00e9e de le voir.<br \/>\nDemain nous appartient 28 ao\u00fbt 2025 : Marianne (Luce Mouchel) en panique chez elle<br \/>\n&#13;<br \/>\n<br \/><strong>Marianne<\/strong> confie \u00e0 Alain que ce <strong>cri myst\u00e9rieux<\/strong> l\u2019a rendue parano et que des choses \u00e9tranges se passent. Mais <strong>Alain<\/strong>, distrait par son t\u00e9l\u00e9phone, ne l\u2019\u00e9coute pas vraiment.<br \/><img loading=\"lazy\" decoding=\"async\" aria-describedby=\"caption-attachment-310601\" src=\"data:image\/svg+xml,%3Csvg%20xmlns=\" http:=\"\" alt=\"Damien et Karim DNA \" width=\"1200\" height=\"632\" class=\"size-full wp-image-310601\" data-lazy- data-lazy- data-lazy-src=\"https:\/\/www.europesays.com\/fr\/wp-content\/uploads\/2025\/08\/dna-2016ba.jpg\"\/><\/p>\n<p id=\"caption-attachment-310601\" class=\"wp-caption-text\">Damien est curieux de savoir si Karim a craqu\u00e9 pour Laurie ou pas<\/p>\n<p><strong>Arthur<\/strong> va voir <strong>Joyce<\/strong> au parloir : il lui dit qu\u2019il a parl\u00e9 \u00e0 son avocat. La seule solution pour diminuer sa peine est de plaider l\u2019<strong>irresponsabilit\u00e9 p\u00e9nale<\/strong>. Il lui demande de garder la m\u00eame version avec la police et le juge.<br \/>Arthur d\u00e9signe <strong>Ludo<\/strong> comme le vrai coupable, celui qui a \u00ab du sang sur les mains \u00bb, et affirme que <strong>Amandine serait fi\u00e8re de Joyce<\/strong>. Arthur valide tous ces crimes, contrairement \u00e0 ce qu\u2019il a fait semblant de faire croire un peu plus t\u00f4t \u00e0 Victoire et Fred.<br \/><img loading=\"lazy\" decoding=\"async\" aria-describedby=\"caption-attachment-310605\" src=\"data:image\/svg+xml,%3Csvg%20xmlns=\" http:=\"\" alt=\"Arthur dna \" width=\"1200\" height=\"624\" class=\"size-full wp-image-310605\" data-lazy- data-lazy- data-lazy-src=\"https:\/\/www.europesays.com\/fr\/wp-content\/uploads\/2025\/08\/dna-2016cd.jpg\"\/><\/p>\n<p id=\"caption-attachment-310605\" class=\"wp-caption-text\">Arthur Verges trop gentil avec Fred et Victoire<\/p>\n<p>Dans sa bo\u00eete \u00e0 gants, Arthur cache plusieurs <strong>poup\u00e9es de laine<\/strong>, identiques \u00e0 celles que Joyce d\u00e9posait sur les sc\u00e8nes de crime. Arthur le copycat ? le complice ?<\/p>\n<p><strong>Chlo\u00e9<\/strong> vient v\u00e9rifier la s\u00e9curit\u00e9 de la maison de Marianne, notamment les portes vitr\u00e9es. Elle pense que <strong>quelqu\u2019un s\u2019est introduit<\/strong> chez sa m\u00e8re. Marianne remercie Chlo\u00e9 d\u2019\u00eatre l\u00e0 : \u00ab Merci de t\u2019occuper de ta vieille m\u00e8re insupportable \u00bb.<\/p>\n<p><img loading=\"lazy\" decoding=\"async\" aria-describedby=\"caption-attachment-310609\" src=\"data:image\/svg+xml,%3Csvg%20xmlns=\" http:=\"\" alt=\"bart dna \" width=\"1200\" height=\"654\" class=\"size-full wp-image-310609\" data-lazy- data-lazy- data-lazy-src=\"https:\/\/www.europesays.com\/fr\/wp-content\/uploads\/2025\/08\/dna-2016Df.jpg\"\/><\/p>\n<p id=\"caption-attachment-310609\" class=\"wp-caption-text\">Bart apprend que Laurie a l\u00e2ch\u00e9 l\u2019affaire avec Damien<\/p>\n<p><strong>Karim et Laurie<\/strong> d\u00eenent au Spoon. Laurie pensait qu\u2019ils se contenteraient d\u2019un verre avant d\u2019aller chez lui. Elle avoue vouloir voir si le courant passe r\u00e9ellement entre eux. Karim accepte, il paie l\u2019addiction et direction son appart. <\/p>\n<p>Apr\u00e8s sa douche, <strong>Marianne d\u00e9couvre un mot \u00e9crit sur la bu\u00e9e du miroir : \u201cD\u00e9gage\u201d<\/strong>. Un avertissement gla\u00e7ant, qui lui en veut ?<\/p>\n<p>Que pensez-vous du nouvel \u00e9pisode de Demain nous appartient ? R\u00e9agissez en commentaire ! \ud83d\udcac Commentez les \u00e9pisodes sur <strong><a href=\"https:\/\/www.nouveautes-tele.com\/51124-forum-demain-nous-appartient-tf1.html\" rel=\"nofollow noopener\" target=\"_blank\"> le forum de Demain nous appartient<\/a><\/strong> chaque jour.<\/p>\n<p>\ud83d\udd1c Restez connect\u00e9s ! Le <strong>r\u00e9sum\u00e9 complet Demain nous appartient du mardi 26 ao\u00fbt 2025<\/strong> avec l\u2019\u00e9pisode 2017 arrive tr\u00e8s vite (publication vendredi) sur Nouveaut\u00e9s T\u00e9l\u00e9.<\/p>\n<p>Suivez  les <a href=\"https:\/\/www.nouveautes-tele.com\/61084-audience-demain-nous-appartient-tf1-du-lundi-au-vendredi.html\" rel=\"nofollow noopener\" target=\"_blank\"><strong>audiences DNA<\/strong><\/a> du lundi au vendredi. <\/p>\n<p>Fan de Demain nous appartient ? les s\u00e9ries \u00e0 ne pas manquer <\/p>\n<p>Si vous \u00eates accro \u00e0 Demain nous appartient, voici les s\u00e9ries qui vont s\u00fbrement devenir vos prochains coups de c\u0153ur !<\/p>\n<p><a href=\"https:\/\/www.nouveautes-tele.com\/118986-nouveau-feuilleton-sur-tf1.html\" rel=\"nofollow noopener\" target=\"_blank\"><strong>Ici tout commence<\/strong><\/a> \u00e0 18h30, l\u2019univers culinaire de TF1 avec Benjamin Baroche. <a href=\"https:\/\/www.nouveautes-tele.com\/86457-grand-soleil-le-guide-complet-du-feuilleton-france-2-rentree-2018.html\" rel=\"nofollow noopener\" target=\"_blank\"><strong>Un si grand soleil<\/strong><\/a> \u00e0 20h45 juste avant le prime-time sur France 3. <a href=\"https:\/\/www.nouveautes-tele.com\/38439-plus-belle-la-vie-le-guide-des-resumes-et-spoilers.html\" rel=\"nofollow noopener\" target=\"_blank\"><strong>Plus belle la vie sur TF1<\/strong><\/a> \u00e0 13h50\u2026 et la vie est encore plus belle ! Et d\u00e8s cet \u00e9t\u00e9, ne manquez pas deux nouveaut\u00e9s :<br \/><a href=\"https:\/\/www.nouveautes-tele.com\/283724-tout-pour-la-lumiere-tf1-decouvrez-ce-casting-complet-inattendu-liste-des-acteurs.html\" rel=\"nofollow noopener\" target=\"_blank\"><strong>Tout pour la lumi\u00e8re<\/strong><\/a> sur TF1 d\u00e8s le 16 juin \u00e0 18H, et <a href=\"https:\/\/www.nouveautes-tele.com\/288115-nouveau-jour-sur-m6-feuilleton.html\" rel=\"nofollow noopener\" target=\"_blank\"><strong>Nouveau jour<\/strong><\/a> sur M6 d\u00e8s le 30 juin \u00e0 20H35.<br \/>-&gt; N&rsquo;h\u00e9sitez pas \u00e0 nous suivre sur <a href=\"https:\/\/whatsapp.com\/channel\/0029Vaff4LEFcowCVHrXqx17\" target=\"_blank\" rel=\"noopener nofollow\"><strong>notre cha\u00eene WhatsApp<\/strong><\/a> pour ne rien manquer des derni\u00e8res actualit\u00e9s de Nouveaut\u00e9s-T\u00e9l\u00e9. &#13;<br \/>\n&#13;\n<\/p>\n<p>                          <img loading=\"lazy\" decoding=\"async\" width=\"512\" height=\"512\" src=\"data:image\/svg+xml,%3Csvg%20xmlns=\" http:=\"\" alt=\"Logo de Nouveaut\u00e9 t\u00e9l\u00e9\" data-lazy-src=\"https:\/\/www.europesays.com\/fr\/wp-content\/uploads\/2025\/06\/nt-logo.png\"\/><\/p>\n<p>\t\t\t  Isabelle Corteilles<\/p>\n<p>Titou, passionn\u00e9e de m\u00e9dias et incollable sur l\u2019actualit\u00e9 des s\u00e9ries t\u00e9l\u00e9. De la g\u00e9n\u00e9ration Dawson\u2019s Creek et Sous le Soleil, je navigue aujourd\u2019hui entre le Spoon de DNA, les marais salants d\u2019ITC, le Mistral de PBLV, le Com\u00e8te de TP2L, la Pe\u00f1a Loca de Nouveau Jour et les Sauvages d\u2019Un Si Grand Soleil, pour ne rien rater des derni\u00e8res intrigues et indiscr\u00e9tions.<\/p>\n","protected":false},"excerpt":{"rendered":"Marianne (Luce Mouchel) sous le choc en d\u00e9couvrant le mot \u00ab D\u00e9gage \u00bb inscrit sur le miroir de&hellip;\n","protected":false},"author":2,"featured_media":328742,"comment_status":"","ping_status":"","sticky":false,"template":"","format":"standard","meta":{"footnotes":""},"categories":[1356],"tags":[58,59,1011,27,252,1364],"class_list":{"0":"post-328741","1":"post","2":"type-post","3":"status-publish","4":"format-standard","5":"has-post-thumbnail","7":"category-television","8":"tag-divertissement","9":"tag-entertainment","10":"tag-fr","11":"tag-france","12":"tag-television","13":"tag-tv"},"share_on_mastodon":{"url":"https:\/\/pubeurope.com\/@fr\/115054093540867140","error":""},"_links":{"self":[{"href":"https:\/\/www.europesays.com\/fr\/wp-json\/wp\/v2\/posts\/328741","targetHints":{"allow":["GET"]}}],"collection":[{"href":"https:\/\/www.europesays.com\/fr\/wp-json\/wp\/v2\/posts"}],"about":[{"href":"https:\/\/www.europesays.com\/fr\/wp-json\/wp\/v2\/types\/post"}],"author":[{"embeddable":true,"href":"https:\/\/www.europesays.com\/fr\/wp-json\/wp\/v2\/users\/2"}],"replies":[{"embeddable":true,"href":"https:\/\/www.europesays.com\/fr\/wp-json\/wp\/v2\/comments?post=328741"}],"version-history":[{"count":0,"href":"https:\/\/www.europesays.com\/fr\/wp-json\/wp\/v2\/posts\/328741\/revisions"}],"wp:featuredmedia":[{"embeddable":true,"href":"https:\/\/www.europesays.com\/fr\/wp-json\/wp\/v2\/media\/328742"}],"wp:attachment":[{"href":"https:\/\/www.europesays.com\/fr\/wp-json\/wp\/v2\/media?parent=328741"}],"wp:term":[{"taxonomy":"category","embeddable":true,"href":"https:\/\/www.europesays.com\/fr\/wp-json\/wp\/v2\/categories?post=328741"},{"taxonomy":"post_tag","embeddable":true,"href":"https:\/\/www.europesays.com\/fr\/wp-json\/wp\/v2\/tags?post=328741"}],"curies":[{"name":"wp","href":"https:\/\/api.w.org\/{rel}","templated":true}]}}