{"id":328743,"date":"2025-08-19T06:48:10","date_gmt":"2025-08-19T06:48:10","guid":{"rendered":"https:\/\/www.europesays.com\/fr\/328743\/"},"modified":"2025-08-19T06:48:10","modified_gmt":"2025-08-19T06:48:10","slug":"julien-clerc-avoue-etre-un-pietre-grand-pere","status":"publish","type":"post","link":"https:\/\/www.europesays.com\/fr\/328743\/","title":{"rendered":"Julien Clerc avoue \u00eatre un pi\u00e8tre grand-p\u00e8re"},"content":{"rendered":"<p>\u00c0 77 ans, Julien Clerc n&rsquo;est pas \u00e0 l&rsquo;aise dans son r\u00f4le de papy. Dans le portrait de la semaine de \u00abSept \u00e0 Huit\u00bb sur TF1, dimanche 17 ao\u00fbt, la star de la chanson confie qu&rsquo;il a \u00e9t\u00e9 peu disponible pour ses deux petits-fils, Antoine, n\u00e9 en 2007 de Jeanne, et L\u00e9on, n\u00e9 en 2020 de Vanille. \u00abVous savez, m\u00eame mes petits-enfants, je ne suis pas suffisamment proche d&rsquo;eux\u00bb, avoue-t-il. Et de constater: \u00abJe pense que je suis un pi\u00e8tre grand-p\u00e8re.\u00bb<\/p>\n<p>Le chanteur de \u00abCe n&rsquo;est rien\u00bb reconna\u00eet volontiers qu&rsquo;il n&rsquo;a pas la fibre grand-paternelle, \u00e0 la diff\u00e9rence de certains de ses amis. \u00abJe n&rsquo;ai pas, par exemple et je m&rsquo;en excuse beaucoup, ce truc qu&rsquo;ont certains de mes copains qui sont des grands-papas g\u00e2teaux\u00bb, dit-il avant d&rsquo;avancer une explication: \u00abMoi, je suis encore un p\u00e8re, mon dernier fils a 17 ans, pr\u00e9cise-t-il, donc je pense que le statut de grand-p\u00e8re en a souffert.\u00bb<\/p>\n<p>L&rsquo;a\u00een\u00e9 de ses petits-fils et son benjamin, L\u00e9onard, ont pratiquement le m\u00eame \u00e2ge.<\/p>\n<p>Julien Clerc a reconnu \u00e9galement n&rsquo;avoir pas non plus \u00e9t\u00e9 un p\u00e8re tr\u00e8s disponible. \u00abConcernant mes propres enfants, je n&rsquo;ai jamais \u00e9t\u00e9 capable de jouer avec eux, mais malgr\u00e9 tout, nous sommes une famille\u00bb, conclut-il.<\/p>\n","protected":false},"excerpt":{"rendered":"\u00c0 77 ans, Julien Clerc n&rsquo;est pas \u00e0 l&rsquo;aise dans son r\u00f4le de papy. Dans le portrait de&hellip;\n","protected":false},"author":2,"featured_media":328744,"comment_status":"","ping_status":"","sticky":false,"template":"","format":"standard","meta":{"footnotes":""},"categories":[1355],"tags":[58,59,1011,27,1361,873],"class_list":{"0":"post-328743","1":"post","2":"type-post","3":"status-publish","4":"format-standard","5":"has-post-thumbnail","7":"category-musique","8":"tag-divertissement","9":"tag-entertainment","10":"tag-fr","11":"tag-france","12":"tag-music","13":"tag-musique"},"share_on_mastodon":{"url":"https:\/\/pubeurope.com\/@fr\/115054097518131308","error":""},"_links":{"self":[{"href":"https:\/\/www.europesays.com\/fr\/wp-json\/wp\/v2\/posts\/328743","targetHints":{"allow":["GET"]}}],"collection":[{"href":"https:\/\/www.europesays.com\/fr\/wp-json\/wp\/v2\/posts"}],"about":[{"href":"https:\/\/www.europesays.com\/fr\/wp-json\/wp\/v2\/types\/post"}],"author":[{"embeddable":true,"href":"https:\/\/www.europesays.com\/fr\/wp-json\/wp\/v2\/users\/2"}],"replies":[{"embeddable":true,"href":"https:\/\/www.europesays.com\/fr\/wp-json\/wp\/v2\/comments?post=328743"}],"version-history":[{"count":0,"href":"https:\/\/www.europesays.com\/fr\/wp-json\/wp\/v2\/posts\/328743\/revisions"}],"wp:featuredmedia":[{"embeddable":true,"href":"https:\/\/www.europesays.com\/fr\/wp-json\/wp\/v2\/media\/328744"}],"wp:attachment":[{"href":"https:\/\/www.europesays.com\/fr\/wp-json\/wp\/v2\/media?parent=328743"}],"wp:term":[{"taxonomy":"category","embeddable":true,"href":"https:\/\/www.europesays.com\/fr\/wp-json\/wp\/v2\/categories?post=328743"},{"taxonomy":"post_tag","embeddable":true,"href":"https:\/\/www.europesays.com\/fr\/wp-json\/wp\/v2\/tags?post=328743"}],"curies":[{"name":"wp","href":"https:\/\/api.w.org\/{rel}","templated":true}]}}