{"id":328755,"date":"2025-08-19T06:54:10","date_gmt":"2025-08-19T06:54:10","guid":{"rendered":"https:\/\/www.europesays.com\/fr\/328755\/"},"modified":"2025-08-19T06:54:10","modified_gmt":"2025-08-19T06:54:10","slug":"ils-partagent-leurs-conseils-pour-eviter-les-mauvaises-surprises-sur-vos-trimestres-de-retraite-oublies","status":"publish","type":"post","link":"https:\/\/www.europesays.com\/fr\/328755\/","title":{"rendered":"Ils partagent leurs conseils pour \u00e9viter les mauvaises surprises sur vos trimestres de retraite oubli\u00e9s"},"content":{"rendered":"<p>En France, la question des trimestres oubli\u00e9s \u00e0 la retraite n&rsquo;est plus un simple cas isol\u00e9 : elle est devenue le cauchemar discret de nombreux futurs retrait\u00e9s. Laisser filer un ou plusieurs trimestres, c&rsquo;est risquer une d\u00e9cote durable, voire retarder toute demande de d\u00e9part \u00e0 la retraite. Pourtant, derri\u00e8re cette angoisse partag\u00e9e, il existe des moyens concrets pour s&rsquo;en pr\u00e9munir. Des retrait\u00e9s et salari\u00e9s r\u00e9cemment confront\u00e9s \u00e0 cette m\u00e9saventure livrent leurs conseils et astuces afin de ne pas se faire pi\u00e9ger, et d&rsquo;aborder la derni\u00e8re ligne droite de la carri\u00e8re avec <strong>s\u00e9r\u00e9nit\u00e9<\/strong>. D\u00e9codage et solutions concr\u00e8tes pour ne plus jamais subir ces mauvaises surprises\u2026<\/p>\n<p>Les trimestres oubli\u00e9s, un pi\u00e8ge plus courant qu&rsquo;on ne le pense<br \/>\n Comment ces \u00ab\u00a0trous\u00a0\u00bb dans votre carri\u00e8re se forment sans que vous vous en rendiez compte<\/p>\n<p>Absence d&rsquo;un bulletin de salaire d&rsquo;un job d&rsquo;\u00e9t\u00e9 d&rsquo;il y a trente ans, p\u00e9riodes de stage non prises en compte, petits contrats pass\u00e9s inaper\u00e7us durant les ann\u00e9es 80\u2026 Les occasions de voir des trimestres \u00ab\u00a0s&rsquo;\u00e9vaporer\u00a0\u00bb de son relev\u00e9 sont plus nombreuses qu&rsquo;on ne l&rsquo;imagine. <strong>Un Fran\u00e7ais sur sept<\/strong> d\u00e9couvre un jour des trimestres manquants, parfois alors qu&rsquo;il pensait partir \u00e0 la retraite sans difficult\u00e9. Ces oublis surviennent souvent lorsque les cotisations n&rsquo;ont pas \u00e9t\u00e9 d\u00e9clar\u00e9es correctement, que l&rsquo;on a chang\u00e9 d&#8217;employeur ou que l&rsquo;administration peine \u00e0 coordonner plusieurs r\u00e9gimes.<\/p>\n<p> Les cons\u00e9quences financi\u00e8res des erreurs au moment de la retraite<\/p>\n<p>Des cas fr\u00e9quents montrent que des assur\u00e9s ont perdu des montants consid\u00e9rables \u2013 jusqu&rsquo;\u00e0 <strong>6 000 euros<\/strong> de ressources pendant l&rsquo;attente d&rsquo;une r\u00e9gularisation \u2013 ou ont \u00e9t\u00e9 contraints de prolonger leur activit\u00e9 plusieurs mois \u00e0 cause de trimestres \u00ab\u00a0fant\u00f4mes\u00a0\u00bb. Un d\u00e9tail apparemment anodin mais qui p\u00e8se lourd dans le calcul du montant de la <a href=\"https:\/\/journaldesseniors.20minutes.fr\/actualite\/revalorisation-des-retraites-au-1er-septembre-2024-combien-allez-vous-toucher-et-sous-quelles-conditions\/\" target=\"_blank\" rel=\"noopener\">pension<\/a>, certains constatant jusqu&rsquo;\u00e0 50 euros de moins chaque mois sur leur versement \u00e0 vie. La vigilance s&rsquo;impose donc d\u00e8s maintenant.<\/p>\n<p> Rep\u00e9rer les anomalies et anticiper sur son relev\u00e9 de carri\u00e8re<br \/>\nD\u00e9coder son relev\u00e9 de carri\u00e8re, rep\u00e9rer les signaux d&rsquo;alerte avant qu&rsquo;il ne soit trop tard<\/p>\n<p>Premi\u00e8re \u00e9tape cl\u00e9 : se familiariser avec la lecture du fameux \u00ab relev\u00e9 de carri\u00e8re \u00bb. Ce document, accessible via le site officiel de l&rsquo;Assurance retraite, recense l&rsquo;ensemble des p\u00e9riodes valid\u00e9es. Une ann\u00e9e incompl\u00e8te ? Un intitul\u00e9 manquant ou une r\u00e9mun\u00e9ration anormalement basse ? <strong>Tout \u00e9cart doit servir de signal d&rsquo;alarme<\/strong> et m\u00e9rite une v\u00e9rification imm\u00e9diate.<\/p>\n<p>Les d\u00e9marches \u00e0 entreprendre d\u00e8s les premiers doutes : \u00eatre proactif, c&rsquo;est possible<\/p>\n<p>D\u00e8s la moindre incompr\u00e9hension, il est vital de ne pas attendre. Un courrier explicatif accompagn\u00e9 des justificatifs (contrat de travail, fiches de paie, attestations P\u00f4le emploi\u2026) adress\u00e9 \u00e0 la caisse de retraite peut suffire \u00e0 r\u00e9tablir ses droits. Plus la d\u00e9marche est anticip\u00e9e, moins le traitement sera long et stressant. <strong>Conseil essentiel<\/strong> : ne jamais jeter ses bulletins de salaire, m\u00eame les plus anciens !<\/p>\n<p>Bien d\u00e9fendre ses droits face aux caisses de retraite : mode d&#8217;emploi<br \/>\nPr\u00e9parer un dossier en b\u00e9ton : les pi\u00e8ces \u00e0 ne jamais n\u00e9gliger<\/p>\n<p>Pour donner du poids \u00e0 sa demande et acc\u00e9l\u00e9rer la r\u00e9gularisation, il ne faut rien laisser au hasard :<\/p>\n<ul>\n<li>Bulletins de salaire couvrant la p\u00e9riode contest\u00e9e<\/li>\n<li>Contrat de travail \u2013 id\u00e9al pour retrouver l&#8217;employeur concern\u00e9<\/li>\n<li>Attestation de l&#8217;employeur si les bulletins sont perdus (ou attestation sur l&rsquo;honneur en dernier recours)<\/li>\n<li>Correspondance ou documents administratifs prouvant l&rsquo;activit\u00e9<\/li>\n<li>Le cas \u00e9ch\u00e9ant, preuve d&rsquo;indemnisation par France Travail (ex-P\u00f4le emploi) et demande d&rsquo;attestation \u00ab ch\u00f4mage indemnis\u00e9 : r\u00e9gularisation de carri\u00e8re \u00bb<\/li>\n<\/ul>\n<p>Sans au moins l&rsquo;un de ces justificatifs, <strong>la validation des trimestres devient mission quasi impossible<\/strong>. Anticiper, archiver et recouper les informations reste la strat\u00e9gie gagnante.<\/p>\n<p> Les phrases-cl\u00e9s pour se faire entendre et obtenir des r\u00e9ponses concr\u00e8tes<\/p>\n<p>Quand la m\u00e9canique administrative semble gripp\u00e9e, il est judicieux d&#8217;employer des formulations pr\u00e9cises : \u00ab Merci de bien vouloir v\u00e9rifier la prise en compte de la p\u00e9riode\u2026 \u00bb, \u00ab Je vous prie de r\u00e9gulariser ma carri\u00e8re au titre de\u2026 \u00bb, ou \u00ab Je sollicite la validation de mes droits sur la base des pi\u00e8ces jointes\u2026 \u00bb. Un ton <strong>ferme mais courtois<\/strong> porte souvent ses fruits, surtout si la demande est solidement document\u00e9e.<\/p>\n<p>S&rsquo;appuyer sur des alli\u00e9s : experts, r\u00e9seaux et administrations au service des assur\u00e9s<br \/>\n Comment se faire accompagner gratuitement ou \u00e0 moindre co\u00fbt<\/p>\n<p>En cas de doute ou de blocage, des relais existent. Les <strong>centres d&rsquo;information retraite<\/strong> r\u00e9gionaux proposent des rendez-vous gratuits, tout comme certaines mairies ou maisons France Services. Les syndicats ou associations sp\u00e9cialis\u00e9es ma\u00eetrisent parfaitement les proc\u00e9dures administratives et permettent souvent de d\u00e9bloquer des situations complexes en quelques jours.<\/p>\n<p>Le pouvoir du collectif : associations, syndicats et forums, des atouts insoup\u00e7onn\u00e9s<\/p>\n<p>Participer \u00e0 des groupes d&rsquo;entraide sur Internet ou solliciter son r\u00e9seau local peut ouvrir l&rsquo;acc\u00e8s \u00e0 des conseils pratiques, des mod\u00e8les de lettres, et m\u00eame la relecture de son dossier par des personnes exp\u00e9riment\u00e9es. L&rsquo;effet boule de neige est r\u00e9el : une information d\u00e9couverte sur un forum peut r\u00e9v\u00e9ler une faille dans son propre dossier. <strong>L&rsquo;intelligence collective<\/strong> devient ainsi un levier puissant pour retrouver des trimestres oubli\u00e9s.<\/p>\n<p>Pr\u00e9venir plut\u00f4t que gu\u00e9rir : habitudes et astuces pour une retraite sans mauvaise surprise<br \/>\n Les rendez-vous \u00e0 ne pas manquer pour suivre sa carri\u00e8re<\/p>\n<p>Faire le point tous les cinq ans sur son relev\u00e9 de carri\u00e8re, demander une estimation indicative globale d\u00e8s 55 ans, pr\u00e9parer un bilan avec un conseiller \u00e0 l&rsquo;approche de la retraite\u2026 <strong>Ces \u00e9tapes \u00e9vitent bien des d\u00e9convenues<\/strong>. Un calendrier simple \u00e0 respecter qui peut repr\u00e9senter un gain financier consid\u00e9rable \u00e0 terme.<\/p>\n<p> Les bons r\u00e9flexes \u00e0 transmettre pour prot\u00e9ger durablement sa retraite<\/p>\n<p>Archiver soigneusement ses contrats, bulletins de salaire et attestations. Consulter r\u00e9guli\u00e8rement son espace personnel sur l&rsquo;Assurance retraite. Sensibiliser ses proches au fait qu&rsquo;un oubli d&rsquo;un trimestre peut repr\u00e9senter plusieurs milliers d&rsquo;euros perdus ! Ces habitudes, <strong>simples mais efficaces<\/strong> sur la dur\u00e9e, constituent le meilleur rempart contre les mauvaises surprises futures.<\/p>\n<p>La probl\u00e9matique des trimestres oubli\u00e9s met en lumi\u00e8re l&rsquo;importance cruciale de la vigilance dans la pr\u00e9paration de sa retraite. Prendre les devants, questionner les incoh\u00e9rences, s&rsquo;entourer de personnes comp\u00e9tentes et d\u00e9velopper une discipline administrative rigoureuse garantit une tranquillit\u00e9 d&rsquo;esprit pour les ann\u00e9es \u00e0 venir. La pr\u00e9vention et l&rsquo;anticipation restent les meilleures armes pour s&rsquo;assurer que tous ses trimestres sont correctement comptabilis\u00e9s.<\/p>\n","protected":false},"excerpt":{"rendered":"En France, la question des trimestres oubli\u00e9s \u00e0 la retraite n&rsquo;est plus un simple cas isol\u00e9 : elle&hellip;\n","protected":false},"author":2,"featured_media":328756,"comment_status":"","ping_status":"","sticky":false,"template":"","format":"standard","meta":{"footnotes":""},"categories":[6],"tags":[35,33,34,1011,27,56],"class_list":{"0":"post-328755","1":"post","2":"type-post","3":"status-publish","4":"format-standard","5":"has-post-thumbnail","7":"category-economie","8":"tag-business","9":"tag-economie","10":"tag-economy","11":"tag-fr","12":"tag-france","13":"tag-push"},"share_on_mastodon":{"url":"https:\/\/pubeurope.com\/@fr\/115054121101673997","error":""},"_links":{"self":[{"href":"https:\/\/www.europesays.com\/fr\/wp-json\/wp\/v2\/posts\/328755","targetHints":{"allow":["GET"]}}],"collection":[{"href":"https:\/\/www.europesays.com\/fr\/wp-json\/wp\/v2\/posts"}],"about":[{"href":"https:\/\/www.europesays.com\/fr\/wp-json\/wp\/v2\/types\/post"}],"author":[{"embeddable":true,"href":"https:\/\/www.europesays.com\/fr\/wp-json\/wp\/v2\/users\/2"}],"replies":[{"embeddable":true,"href":"https:\/\/www.europesays.com\/fr\/wp-json\/wp\/v2\/comments?post=328755"}],"version-history":[{"count":0,"href":"https:\/\/www.europesays.com\/fr\/wp-json\/wp\/v2\/posts\/328755\/revisions"}],"wp:featuredmedia":[{"embeddable":true,"href":"https:\/\/www.europesays.com\/fr\/wp-json\/wp\/v2\/media\/328756"}],"wp:attachment":[{"href":"https:\/\/www.europesays.com\/fr\/wp-json\/wp\/v2\/media?parent=328755"}],"wp:term":[{"taxonomy":"category","embeddable":true,"href":"https:\/\/www.europesays.com\/fr\/wp-json\/wp\/v2\/categories?post=328755"},{"taxonomy":"post_tag","embeddable":true,"href":"https:\/\/www.europesays.com\/fr\/wp-json\/wp\/v2\/tags?post=328755"}],"curies":[{"name":"wp","href":"https:\/\/api.w.org\/{rel}","templated":true}]}}