{"id":328757,"date":"2025-08-19T06:55:09","date_gmt":"2025-08-19T06:55:09","guid":{"rendered":"https:\/\/www.europesays.com\/fr\/328757\/"},"modified":"2025-08-19T06:55:09","modified_gmt":"2025-08-19T06:55:09","slug":"apres-le-sommet-a-washington-emmanuel-macron-appelle-a-une-paix-solide-et-durable","status":"publish","type":"post","link":"https:\/\/www.europesays.com\/fr\/328757\/","title":{"rendered":"apr\u00e8s le sommet \u00e0 Washington, Emmanuel Macron appelle \u00e0 une \u00ab\u00a0paix solide et durable\u00a0\u00bb"},"content":{"rendered":"<p>Aujourd&rsquo;hui \u00e0 08h48<\/p>\n<p>Kiev a offert de se fournir en armes am\u00e9ricaines pour 90 milliards de dollars<\/p>\n<p>Alors que la question des garanties de s\u00e9curit\u00e9 ont \u00e9t\u00e9 au coeur du sommet \u00e0 la Maison Blanche, Volodymyr Zelensky a annonc\u00e9 que Kiev avait offert de se fournir en armes am\u00e9ricaines pour 90 milliards de dollars.<\/p>\n<p>De son c\u00f4t\u00e9, le <a href=\"https:\/\/www.ft.com\/content\/8dad9c67-59da-4f38-b43a-3d6ba5f1df57\" target=\"_blank\" class=\"external_link\" rel=\"nofollow noopener\">Financial Times<\/a> \u00e9voque lui un budget de 100 milliards financ\u00e9s par les Europ\u00e9ens.<\/p>\n<p>Aujourd&rsquo;hui \u00e0 08h38<\/p>\n<p>\u00ab\u00a0Ce sera un pays neutre\u00a0\u00bb: vers une r\u00e9union Poutine-Zelensky en Europe?<\/p>\n<p>La rencontre entre Volodymyr Zelensky et Vladimir Poutine devrait avoir lieu en Europe, a indiqu\u00e9 le pr\u00e9sident fran\u00e7ais Emmanuel Macron qui plaide pour qu&rsquo;elle se tienne \u00e0 Gen\u00e8ve.<\/p>\n<p>\u00ab\u00a0Plus qu&rsquo;une hypoth\u00e8se, c&rsquo;est m\u00eame la volont\u00e9 collective\u00a0\u00bb, a d\u00e9clar\u00e9 Emmanuel Macron dans un entretien diffus\u00e9 sur LCI, interrog\u00e9 sur la tenue en Europe de cette rencontre annonc\u00e9e \u00e0 l&rsquo;issue de la r\u00e9union \u00e0 Washington entre Donald Trump et plusieurs dirigeants europ\u00e9ens.<\/p>\n<blockquote class=\"embed embed_quote\"><p>\u00ab\u00a0Ce sera un pays neutre, et donc peut-\u00eatre la Suisse, je plaide pour Gen\u00e8ve, ou un autre pays. La derni\u00e8re fois qu&rsquo;il y a eu des discussions bilat\u00e9rales, c&rsquo;\u00e9tait \u00e0 Istanbul\u00a0\u00bb, a-t-il rappel\u00e9.<\/p><\/blockquote>\n<p>Aujourd&rsquo;hui \u00e0 08h22<\/p>\n<p>Ce qu&rsquo;il faut retenir du sommet entre Donald Trump, Volodymyr Zelensky et les dirigeants europ\u00e9ens<\/p>\n<p>Trois jours apr\u00e8s sa rencontre avec Vladimir Poutine en Alaska, le pr\u00e9sident am\u00e9ricain Donald Trump a tenu hier depuis la Maison Blanche un sommet sur l&rsquo;Ukraine et rencontr\u00e9 le pr\u00e9sident Volodymyr Zelensky.<\/p>\n<p>Les principaux leaders europ\u00e9ens, dont Emmanuel Macron, le chancelier allemand Friedrich Merz, le Premier ministre britannique Keir Starmer ou la pr\u00e9sidente de la Commission europ\u00e9enne Von der Leyen, ont aussi fait le d\u00e9placement, avec \u00e0 la cl\u00e9 une \u00ab\u00a0journ\u00e9e importante\u00a0\u00bb et \u00ab\u00a0un bon r\u00e9sultat\u00a0\u00bb selon ces derniers.<\/p>\n<p><a href=\"https:\/\/www.bfmtv.com\/international\/europe\/ukraine\/rencontre-poutine-zelensky-garanties-de-securite-ce-qu-il-faut-retenir-du-sommet-entre-donald-trump-volodymyr-zelensky-et-les-dirigeants-europeens_AN-202508190124.html\" title=\"Rencontre Poutine-Zelensky, garanties de s\u00e9curit\u00e9... Ce qu&#039;il faut retenir du sommet entre Donald Trump, Volodymyr Zelensky et les dirigeants europ\u00e9ens\" class=\"internal_link\" rel=\"nofollow noopener\" target=\"_blank\">Voici ce qu&rsquo;il faut en retenir<\/a>.<\/p>\n<p>Aujourd&rsquo;hui \u00e0 08h09<\/p>\n<p>Pour Emmanuel Macron, \u00ab\u00a0la Russie est devenue durablement une puissance de d\u00e9stabilisation\u00a0\u00bb<\/p>\n<p>Le chef de l&rsquo;\u00c9tat a alert\u00e9 ce matin sur la menace russe pour l&rsquo;Europe. \u00ab\u00a0Je pense que la Russie est devenue durablement une puissance de d\u00e9stabilisation et une menace potentielle pour beaucoup d&rsquo;entre nous\u00a0\u00bb, a-t-il d\u00e9clar\u00e9 dans une interview exclusive \u00e0 TF1-LCI.<\/p>\n<p>\u00ab\u00a0Le pr\u00e9sident Poutine a rarement tenu ses engagements. (&#8230;) Il a cherch\u00e9 \u00e0 revoir les fronti\u00e8res pour \u00e9tendre son pouvoir\u00a0\u00bb, ajoute-t-il.<\/p>\n<p>\u00ab\u00a0Y compris pour sa propre survie, il a besoin de continuer de manger. C&rsquo;est un pr\u00e9dateur, c&rsquo;est un ogre \u00e0 nos portes. Je ne dis pas que d\u00e8s demain c&rsquo;est la France qui sera attaqu\u00e9e, mais c&rsquo;est une menace pour les Europ\u00e9ens\u00a0\u00bb, insiste Emmanuel Macron.<\/p>\n<p>Aujourd&rsquo;hui \u00e0 07h28<\/p>\n<p>Donald Trump a confi\u00e9 \u00e0 Emmanuel Macron que Vladimir Poutine \u00ab\u00a0veut conclure un accord\u00a0\u00bb pour lui<\/p>\n<p>Dans une s\u00e9quence capt\u00e9e par nos confr\u00e8res de CNN, Donald Trump a confi\u00e9 \u00e0 Emmanuel Macron que \u00ab\u00a0Vladimir Poutine veut un accord pour (lui)\u00a0\u00bb sur la guerre en Ukraine.<\/p>\n<p>\u00ab\u00a0Je pense qu&rsquo;il veut conclure un accord pour moi, vous comprenez? Aussi fou que cela puisse para\u00eetre\u00a0\u00bb, a lanc\u00e9 discr\u00e8tement le milliardaire am\u00e9ricain.<\/p>\n<p>Plus de d\u00e9tails sur cet \u00e9change entre le chef de l&rsquo;\u00c9tat fran\u00e7ais et le pr\u00e9sident am\u00e9ricain dans <a href=\"https:\/\/www.bfmtv.com\/international\/amerique-nord\/etats-unis\/donald-trump\/vladimir-poutine-veut-un-accord-pour-moi-la-confidence-de-donald-trump-a-emmanuel-macron-sur-la-guerre-en-ukraine_AN-202508180541.html\" title=\"&quot;Vladimir Poutine veut un accord pour moi&quot;: la confidence de Donald Trump \u00e0 Emmanuel Macron sur la guerre en Ukraine\" class=\"internal_link\" rel=\"nofollow noopener\" target=\"_blank\">notre article complet<\/a>.<\/p>\n<p>Aujourd&rsquo;hui \u00e0 07h23<\/p>\n<p>Friedrich Merz estime que l&rsquo;Ukraine ne devrait pas \u00eatre contrainte \u00e0 faire des concessions territoriales<\/p>\n<p>Le chancelier allemand Friedrich Merz a estim\u00e9 lundi \u00e0 Washington que l&rsquo;Ukraine ne devrait pas \u00eatre contrainte de faire des concessions territoriales dans le cadre d&rsquo;un \u00e9ventuel accord de paix avec la Russie, comme le demande Vladimir Poutine.<\/p>\n<blockquote class=\"embed embed_quote\"><p>\u00ab\u00a0La demande russe visant \u00e0 ce que Kiev renonce aux parties libres du Donbass correspond, pour parler franchement, \u00e0 une proposition visant \u00e0 ce que les \u00c9tats-Unis renoncent \u00e0 la Floride\u00a0\u00bb, a-t-il d\u00e9clar\u00e9.<\/p><\/blockquote>\n<p>La question territoriale n&rsquo;a pas \u00e9t\u00e9 abord\u00e9e directement lors des discussions, ont confirm\u00e9 plusieurs dirigeants europ\u00e9ens.<\/p>\n<p>Aujourd&rsquo;hui \u00e0 07h05<\/p>\n<p>Volodymyr Zelensky remercie Melania Trump pour \u00ab\u00a0sa compassion et sa lettre \u00e0 Vladimir Poutine\u00a0\u00bb<\/p>\n<p>Le pr\u00e9sident ukrainien a tenu \u00e0 remercier la Premi\u00e8re dame des \u00c9tats-Unis Melania Trump pour sa lettre \u00e0 Vladimir Poutine dans laquelle elle \u00e9voque \u00ab\u00a0l&rsquo;un des probl\u00e8mes les plus douloureux et les plus difficiles de cette guerre: l&rsquo;enl\u00e8vement d&rsquo;enfants ukrainiens par la Russie\u00a0\u00bb.<\/p>\n<p>\u00ab\u00a0Sa voix compte, et son soutien donne de la force \u00e0 cette cause\u00a0\u00bb, poursuit Volodymyr Zelensky sur X, indiquant qu&rsquo;il a demand\u00e9 au pr\u00e9sident des \u00c9tats-Unis de lui transmettre une lettre de remerciement \u00e9crite de la main de la Premi\u00e8re dame ukrainienne.<\/p>\n<p>Aujourd&rsquo;hui \u00e0 06h56<\/p>\n<p>Donald Trump a assur\u00e9 qu&rsquo;il allait \u00ab\u00a0commencer les pr\u00e9paratifs\u00a0\u00bb d&rsquo;un sommet Zelensky-Poutine<\/p>\n<p>Donald Trump s&rsquo;est f\u00e9licit\u00e9 d&rsquo;une \u00ab\u00a0tr\u00e8s bonne\u00a0\u00bb r\u00e9union avec Volodymyr Zelensky et plusieurs chefs d&rsquo;\u00c9tat et de gouvernement europ\u00e9ens et a assur\u00e9 qu&rsquo;il allait \u00ab\u00a0commencer les pr\u00e9paratifs\u00a0\u00bb d&rsquo;un sommet Zelensky-Poutine.<\/p>\n<p>Selon Emmanuel Macron, un sommet bilat\u00e9ral ou trilat\u00e9ral (avec les \u00c9tats-Unis) pourra notamment aborder la question des concessions territoriales \u00e9ventuelles de l&rsquo;Ukraine \u00e0 l&rsquo;\u00e9gard de la Russie, un sujet qui n&rsquo;a pas \u00e9t\u00e9 discut\u00e9 \u00e0 Washington ce lundi.<\/p>\n<p>Aujourd&rsquo;hui \u00e0 06h47<\/p>\n<p>Une r\u00e9union entre les 27 dirigeants de l&rsquo;Union europ\u00e9enne pr\u00e9vue<\/p>\n<p>Les 27 dirigeants de l&rsquo;UE tiendront aujourd&rsquo;hui une visioconf\u00e9rence \u00ab\u00a0afin de faire le point\u00a0\u00bb sur les r\u00e9unions organis\u00e9es lundi \u00e0 la Maison Blanche et consacr\u00e9es \u00e0 l&rsquo;Ukraine, a annonc\u00e9 le pr\u00e9sident du Conseil europ\u00e9en, Antonio Costa.<\/p>\n<p>\u00ab\u00a0Avec les \u00c9tats-Unis, l&rsquo;Union europ\u00e9enne continuera d&rsquo;\u0153uvrer en faveur d&rsquo;une paix durable, qui pr\u00e9serve les int\u00e9r\u00eats vitaux de l&rsquo;Ukraine et de l&rsquo;Europe en mati\u00e8re de s\u00e9curit\u00e9\u00a0\u00bb, a affirm\u00e9 sur le r\u00e9seau social X le dirigeant, qui pr\u00e9side l&rsquo;institution r\u00e9unissant les chefs d&rsquo;\u00c9tat et de gouvernement de l&rsquo;UE.<\/p>\n<p>Aujourd&rsquo;hui \u00e0 06h44<\/p>\n<p>Les Occidentaux vont \u00ab\u00a0formaliser\u00a0\u00bb les garanties de s\u00e9curit\u00e9 pour l&rsquo;Ukraine \u00ab\u00a0d&rsquo;ici dix jours\u00a0\u00bb, assure Volodymyr Zelensky<\/p>\n<p><a href=\"https:\/\/www.bfmtv.com\/international\/europe\/ukraine\/volodymyr-zelensky-assure-que-les-occidentaux-vont-formaliser-les-garanties-de-securite-pour-l-ukraine-d-ici-dix-jours_AD-202508190104.html\" title=\"Volodymyr Zelensky assure que les Occidentaux vont &quot;formaliser&quot; les garanties de s\u00e9curit\u00e9 pour l&#039;Ukraine &quot;d&#039;ici dix jours&quot;\" class=\"internal_link\" rel=\"nofollow noopener\" target=\"_blank\">Les alli\u00e9s occidentaux de Kiev vont formaliser \u00ab\u00a0d&rsquo;ici dix jours\u00a0\u00bb<\/a> les garanties de s\u00e9curit\u00e9 pour l&rsquo;Ukraine afin de pr\u00e9venir toute nouvelle attaque russe sur ce pays en cas d&rsquo;accord de paix avec Moscou, a d\u00e9clar\u00e9 ce lundi \u00e0 Washington le pr\u00e9sident ukrainien Volodymyr Zelensky.<\/p>\n<p>\u00ab\u00a0Il est important que les \u00c9tats-Unis donnent un signal clair qu&rsquo;ils feront partie des pays qui assisteront, coordonneront, et seront aussi des participants dans les garanties de s\u00e9curit\u00e9 pour l&rsquo;Ukraine\u00a0\u00bb, a-t-il ajout\u00e9. \u00ab\u00a0Je pense que \u00e7a c&rsquo;est un grand pas en avant.\u00a0\u00bb<\/p>\n<p>Aujourd&rsquo;hui \u00e0 06h22<\/p>\n<p>Emmanuel Macron veut \u00ab\u00a0maintenir la pression sur la Russie\u00a0\u00bb tant que \u00ab\u00a0la paix n&rsquo;aura pas \u00e9t\u00e9 \u00e9tablie\u00a0\u00bb<\/p>\n<p>Dans un message post\u00e9 t\u00f4t ce matin sur X, Emmanuel Macron a indiqu\u00e9 sa volont\u00e9 de continuer \u00e0 \u00a0\u00bb unir les efforts \u00ab\u00a0pour une paix solide et durable\u00a0\u00bb.<\/p>\n<p>\u00ab\u00a0Cette paix passera n\u00e9cessairement par l&rsquo;octroi \u00e0 l&rsquo;Ukraine de garanties de s\u00e9curit\u00e9 robustes, sur lesquelles nous avons d\u00e9cid\u00e9 de travailler tr\u00e8s concr\u00e8tement avec les \u00c9tats-Unis\u00a0\u00bb, a-t-il soulign\u00e9.<\/p>\n<blockquote class=\"embed embed_quote\"><p>Le pr\u00e9sident fran\u00e7ais a soulign\u00e9 vouloir \u00ab\u00a0maintenir la pression sur la Russie\u00a0\u00bb tant que \u00ab\u00a0la paix n&rsquo;aura pas \u00e9t\u00e9 \u00e9tablie\u00a0\u00bb.<\/p><\/blockquote>\n<p>Aujourd&rsquo;hui \u00e0 06h17<\/p>\n<p>Apr\u00e8s le sommet \u00e0 Washington, vers une rencontre entre Poutine et Zelensky<\/p>\n<p>Bonjour \u00e0 toutes et tous et bienvenue dans ce direct consacr\u00e9 \u00e0 la guerre en Ukraine. Lors du sommet qui s&rsquo;est tenu hier \u00e0 Washington, la tenue d&rsquo;une prochaine rencontre entre Vladimir Poutine et Volodymyr Zelensky est \u00ab\u00a0act\u00e9e\u00a0\u00bb, selon Emmanuel Macron.<\/p>\n<p>La rencontre entre les deux dirigeants devrait avoir lieu \u00ab\u00a0d&rsquo;ici deux semaines\u00a0\u00bb, selon le chancelier allemand Friedrich Merz.<\/p>\n","protected":false},"excerpt":{"rendered":"Aujourd&rsquo;hui \u00e0 08h48 Kiev a offert de se fournir en armes am\u00e9ricaines pour 90 milliards de dollars Alors&hellip;\n","protected":false},"author":2,"featured_media":328758,"comment_status":"","ping_status":"","sticky":false,"template":"","format":"standard","meta":{"footnotes":""},"categories":[5],"tags":[11,1011,27,14,12,28],"class_list":{"0":"post-328757","1":"post","2":"type-post","3":"status-publish","4":"format-standard","5":"has-post-thumbnail","7":"category-international","8":"tag-actualites","9":"tag-fr","10":"tag-france","11":"tag-international","12":"tag-news","13":"tag-world"},"share_on_mastodon":{"url":"https:\/\/pubeurope.com\/@fr\/115054125094071863","error":""},"_links":{"self":[{"href":"https:\/\/www.europesays.com\/fr\/wp-json\/wp\/v2\/posts\/328757","targetHints":{"allow":["GET"]}}],"collection":[{"href":"https:\/\/www.europesays.com\/fr\/wp-json\/wp\/v2\/posts"}],"about":[{"href":"https:\/\/www.europesays.com\/fr\/wp-json\/wp\/v2\/types\/post"}],"author":[{"embeddable":true,"href":"https:\/\/www.europesays.com\/fr\/wp-json\/wp\/v2\/users\/2"}],"replies":[{"embeddable":true,"href":"https:\/\/www.europesays.com\/fr\/wp-json\/wp\/v2\/comments?post=328757"}],"version-history":[{"count":0,"href":"https:\/\/www.europesays.com\/fr\/wp-json\/wp\/v2\/posts\/328757\/revisions"}],"wp:featuredmedia":[{"embeddable":true,"href":"https:\/\/www.europesays.com\/fr\/wp-json\/wp\/v2\/media\/328758"}],"wp:attachment":[{"href":"https:\/\/www.europesays.com\/fr\/wp-json\/wp\/v2\/media?parent=328757"}],"wp:term":[{"taxonomy":"category","embeddable":true,"href":"https:\/\/www.europesays.com\/fr\/wp-json\/wp\/v2\/categories?post=328757"},{"taxonomy":"post_tag","embeddable":true,"href":"https:\/\/www.europesays.com\/fr\/wp-json\/wp\/v2\/tags?post=328757"}],"curies":[{"name":"wp","href":"https:\/\/api.w.org\/{rel}","templated":true}]}}