{"id":328759,"date":"2025-08-19T06:56:10","date_gmt":"2025-08-19T06:56:10","guid":{"rendered":"https:\/\/www.europesays.com\/fr\/328759\/"},"modified":"2025-08-19T06:56:10","modified_gmt":"2025-08-19T06:56:10","slug":"la-moitie-des-habitants-de-limmeuble-doivent-etre-reloges","status":"publish","type":"post","link":"https:\/\/www.europesays.com\/fr\/328759\/","title":{"rendered":"la moiti\u00e9 des habitants de l&rsquo;immeuble doivent \u00eatre relog\u00e9s"},"content":{"rendered":"<p itemprop=\"description\"><strong>R\u00e9veil brutal dans la nuit de dimanche \u00e0 lundi pour les habitants de l&rsquo;avenue de la Division Leclerc \u00e0 V\u00e9nissieux.<\/strong><\/p>\n<p><strong>Mise \u00e0 jour \u00e0 11h <\/strong>: La pr\u00e9fecture du Rh\u00f4ne a fait un point \u00e0 11h sur la situation \u00e0 V\u00e9nissieux. Si cela \u00ab\u00a0devra \u00eatre confirm\u00e9 par l&rsquo;enqu\u00eate\u00a0\u00bb, elle a soutenu que \u00ab\u00a0l&rsquo;explosion serait due au gaz\u00a0\u00bb.<\/p>\n<p>La victime \u00e9tait un homme \u00e2g\u00e9 d&rsquo;environ 70 ans. Ce sont 18 personnes qui ont \u00e9t\u00e9 pris en charge en urgence relative apr\u00e8s avoir \u00e9t\u00e9 incommod\u00e9es par les fum\u00e9es, et 9 personnes ont \u00e9t\u00e9 hospitalis\u00e9es pour des v\u00e9rifications.<\/p>\n<p>Environ 150 riverains ont \u00e9t\u00e9 \u00e9vacu\u00e9s et regroup\u00e9s dans un centre communal Maison de l&rsquo;Enfance.<\/p>\n<p>La moiti\u00e9 des occupants de l&rsquo;immeuble vont pouvoir retrouver leur logement dans la journ\u00e9e une fois les v\u00e9rifications pour s&rsquo;assurer de la solidit\u00e9 de l&rsquo;\u00e9difice effectu\u00e9s. La mairie de V\u00e9nissieux pilote une op\u00e9ration de relogement pour le reste des r\u00e9sidents.<\/p>\n<p><strong>Article initial <\/strong>: Une violente explosion s&rsquo;est produite dans un appartement situ\u00e9 au n\u00b09, aux alentours de 3h30 du matin, projetant de nombreux d\u00e9bris dans la rue.<\/p>\n<p>Les pompiers sont intervenus pour venir \u00e0 bout des flammes.<\/p>\n<p>On d\u00e9plore au moins un mort et une quinzaine de bless\u00e9s. Les riverains pris en charge par les secours l&rsquo;ont \u00e9t\u00e9 essentiellement apr\u00e8s des inhalations de fum\u00e9es.<\/p>\n<p>La personne d\u00e9c\u00e9d\u00e9e \u00e9tait l&rsquo;occupant du logement souffl\u00e9, son corps calcin\u00e9 a \u00e9t\u00e9 d\u00e9couvert lorsque les soldats du feu sont entr\u00e9s dans son appartement ravag\u00e9. Selon les premiers t\u00e9moignages, l&rsquo;homme s&rsquo;\u00e9tait install\u00e9 r\u00e9cemment aux Minguettes.<\/p>\n<p>Les pompiers sont toujours sur place ce lundi matin, notamment pour analyser la structure de la fa\u00e7ade. Une op\u00e9ration de nettoyage de la chauss\u00e9e a \u00e9galement \u00e9t\u00e9 initi\u00e9e.<\/p>\n<p>L&rsquo;origine de l&rsquo;explosion est encore inconnue, une enqu\u00eate a \u00e9t\u00e9 ouverte afin d&rsquo;\u00e9claircir les circonstance du drame. Il semblerait qu&rsquo;il s&rsquo;agisse de l&rsquo;explosion d&rsquo;une bonbonne de gaz.<\/p>\n<blockquote class=\"twitter-tweet\"><p>&#13;<\/p>\n<p dir=\"ltr\" lang=\"fr\">Importante explosion dans un appartement \u00e0 V\u00e9nissieux <a href=\"https:\/\/twitter.com\/hashtag\/Venissieux?src=hash&amp;ref_src=twsrc%5Etfw\" rel=\"nofollow noopener\" target=\"_blank\">#Venissieux<\/a> <a href=\"https:\/\/t.co\/q7YpJb2TOY\" rel=\"nofollow\">pic.twitter.com\/q7YpJb2TOY<\/a><\/p>\n<p>&#13;<br \/>\n\u2014 Erreur 404 (@Erreur455769746) <a href=\"https:\/\/twitter.com\/Erreur455769746\/status\/1957277928980357471?ref_src=twsrc%5Etfw\" rel=\"nofollow noopener\" target=\"_blank\">August 18, 2025<\/a><\/p><\/blockquote>\n<blockquote class=\"twitter-tweet\"><p>&#13;<\/p>\n<p dir=\"ltr\" lang=\"fr\">Une violente explosion aurait d\u00e9truit un appartement \u00e0 V\u00e9nissieux dans la nuit.<a href=\"https:\/\/twitter.com\/hashtag\/PANDALIVE?src=hash&amp;ref_src=twsrc%5Etfw\" rel=\"nofollow noopener\" target=\"_blank\">#PANDALIVE<\/a> <a href=\"https:\/\/t.co\/zqBziVYF6n\" rel=\"nofollow\">pic.twitter.com\/zqBziVYF6n<\/a><\/p>\n<p>&#13;<br \/>\n\u2014 PANDALIVE (@pandalive93) <a href=\"https:\/\/twitter.com\/pandalive93\/status\/1957296808540938529?ref_src=twsrc%5Etfw\" rel=\"nofollow noopener\" target=\"_blank\">August 18, 2025<\/a><\/p><\/blockquote>\n<p>\t\t  <script async src=\"https:\/\/platform.twitter.com\/widgets.js\" charset=\"utf-8\"><\/script><\/p>\n","protected":false},"excerpt":{"rendered":"R\u00e9veil brutal dans la nuit de dimanche \u00e0 lundi pour les habitants de l&rsquo;avenue de la Division Leclerc&hellip;\n","protected":false},"author":2,"featured_media":328760,"comment_status":"","ping_status":"","sticky":false,"template":"","format":"standard","meta":{"footnotes":""},"categories":[4],"tags":[1111,11,2813,2190,1109,251,1112,2811,118,1011,27,1922,1110,1114,2428,2810,12,241,316,25,2812,517,800],"class_list":{"0":"post-328759","1":"post","2":"type-post","3":"status-publish","4":"format-standard","5":"has-post-thumbnail","7":"category-france","8":"tag-actu","9":"tag-actualites","10":"tag-article","11":"tag-asvel","12":"tag-breves","13":"tag-culture","14":"tag-depeches","15":"tag-economique","16":"tag-faits-divers","17":"tag-fr","18":"tag-france","19":"tag-info","20":"tag-informations","21":"tag-infos","22":"tag-lyon","23":"tag-lyonmag","24":"tag-news","25":"tag-ol","26":"tag-politique","27":"tag-republique-francaise","28":"tag-sociale","29":"tag-sport","30":"tag-transports"},"share_on_mastodon":{"url":"https:\/\/pubeurope.com\/@fr\/115054128953864042","error":""},"_links":{"self":[{"href":"https:\/\/www.europesays.com\/fr\/wp-json\/wp\/v2\/posts\/328759","targetHints":{"allow":["GET"]}}],"collection":[{"href":"https:\/\/www.europesays.com\/fr\/wp-json\/wp\/v2\/posts"}],"about":[{"href":"https:\/\/www.europesays.com\/fr\/wp-json\/wp\/v2\/types\/post"}],"author":[{"embeddable":true,"href":"https:\/\/www.europesays.com\/fr\/wp-json\/wp\/v2\/users\/2"}],"replies":[{"embeddable":true,"href":"https:\/\/www.europesays.com\/fr\/wp-json\/wp\/v2\/comments?post=328759"}],"version-history":[{"count":0,"href":"https:\/\/www.europesays.com\/fr\/wp-json\/wp\/v2\/posts\/328759\/revisions"}],"wp:featuredmedia":[{"embeddable":true,"href":"https:\/\/www.europesays.com\/fr\/wp-json\/wp\/v2\/media\/328760"}],"wp:attachment":[{"href":"https:\/\/www.europesays.com\/fr\/wp-json\/wp\/v2\/media?parent=328759"}],"wp:term":[{"taxonomy":"category","embeddable":true,"href":"https:\/\/www.europesays.com\/fr\/wp-json\/wp\/v2\/categories?post=328759"},{"taxonomy":"post_tag","embeddable":true,"href":"https:\/\/www.europesays.com\/fr\/wp-json\/wp\/v2\/tags?post=328759"}],"curies":[{"name":"wp","href":"https:\/\/api.w.org\/{rel}","templated":true}]}}