{"id":328765,"date":"2025-08-19T06:59:23","date_gmt":"2025-08-19T06:59:23","guid":{"rendered":"https:\/\/www.europesays.com\/fr\/328765\/"},"modified":"2025-08-19T06:59:23","modified_gmt":"2025-08-19T06:59:23","slug":"tags-racistes-antisemites-et-islamophobes-a-saint-etienne-de-vives-reactions","status":"publish","type":"post","link":"https:\/\/www.europesays.com\/fr\/328765\/","title":{"rendered":"tags \u00ab\u00a0racistes, antis\u00e9mites et islamophobes\u00a0\u00bb \u00e0 Saint-Etienne, de vives r\u00e9actions"},"content":{"rendered":"<p class=\"article__intro\">Indignation \u00e0 la mairie de Saint-Etienne. Des inscriptions \u00ab\u00a0racistes, antis\u00e9mites et islamophobes\u00a0\u00bb ont \u00e9t\u00e9 d\u00e9couvertes sur plusieurs b\u00e2timents du centre-ville. Le maire Ga\u00ebl Perdriau \u00ab\u00a0condamne avec la plus grande fermet\u00e9 ces actes odieux et d&rsquo;une grande l\u00e2chet\u00e9\u00a0\u00bb.<\/p>\n<p>\n      La Quotidienne Soci\u00e9t\u00e9\n    <\/p>\n<p>\n      De la vie quotidienne aux grands enjeux, recevez tous les jours les sujets qui font la soci\u00e9t\u00e9 locale, comme la justice, l\u2019\u00e9ducation, la sant\u00e9 et la famille.\n    <\/p>\n<p>    France T\u00e9l\u00e9visions utilise votre adresse e-mail afin de vous envoyer la newsletter \u00ab\u00a0La Quotidienne Soci\u00e9t\u00e9\u00a0\u00bb. Vous pouvez vous d\u00e9sinscrire \u00e0 tout moment via le lien en bas de cette newsletter. <a target=\"_blank\" href=\"https:\/\/www.francetelevisions.fr\/groupe\/confidentialite\/politique-de-confidentialite\/politique-de-confidentialite-de-france-televisions-6503\" rel=\"nofollow noopener\">Notre politique de confidentialit\u00e9<\/a><\/p>\n<p>Dans un communiqu\u00e9 diffus\u00e9 dimanche soir, 17 ao\u00fbt, la mairie de Saint-Etienne par la voix du maire Ga\u00ebl Perdriau a r\u00e9agi apr\u00e8s la d\u00e9couverte de plusieurs inscriptions \u00ab\u00a0racistes, antis\u00e9mites, islamophobes\u00a0\u00bb sur des b\u00e2timents de la ville.\u00a0Ces inscriptions trac\u00e9es au feutre ont \u00e9t\u00e9 d\u00e9couvertes un peu plus t\u00f4t dans l&rsquo;apr\u00e8s-midi devant l\u2019H\u00f4tel de ville, sur des colonnes de la cath\u00e9drale Saint-Charles, place Jean-Jaur\u00e8s, ainsi que sur le b\u00e2timent du palais de Justice.<\/p>\n<p>\u00ab\u00a0Rien n\u2019est plus \u00e9tranger \u00e0 notre ville de Saint-Etienne que le racisme, l\u2019antis\u00e9mitisme et l\u2019islamophobie\u00a0\u00bb, r\u00e9agi le maire Ga\u00ebl Perdriau qui \u00ab\u00a0condamne avec la plus grande fermet\u00e9 ces actes odieux d&rsquo;une grande l\u00e2chet\u00e9\u00a0\u00bb.\u00a0<\/p>\n<\/p>\n<blockquote class=\"ftvi_content_quote\">\n<p class=\"ftvi_citation_quote\">Je ne connais qu\u2019une seule communaut\u00e9 \u00e0 Saint-Etienne\u00a0: celle des St\u00e9phanoises et des St\u00e9phanois.<\/p>\n<p>Ga\u00ebl Perdriau<\/p>\n<p class=\"ftvi_citation_source\">Maire (SE) Saint-Etienne<\/p>\n<\/blockquote>\n<p>\u00ab\u00a0En toute circonstance, nous ne devons pas rester silencieux et condamner sans rel\u00e2che et sans faiblesse, cette haine de l\u2019autre d\u2019o\u00f9 qu\u2019elle vienne, qui fait le lit des populismes\u00a0\u00bb, poursuit l&rsquo;\u00e9dile.<\/p>\n<p>Une enqu\u00eate est en cours pour faire la lumi\u00e8re sur ces actes. La ville de Saint-Etienne indique qu&rsquo;elle mettra \u00e0 disposition des enqu\u00eateurs de la police nationale les images de vid\u00e9osurveillance afin d&rsquo;identifier les auteurs de ces inscriptions. La mairie assure \u00e9galement qu&rsquo;elle va porter plainte, \u00ab\u00a0comme elle le fait syst\u00e9matiquement lors de d\u00e9gradations de l&rsquo;espace public\u00a0\u00bb.<\/p>\n<p>Enfin, la mairie entend effacer rapidement \u00ab\u00a0ces inscriptions racistes et abjectes\u00a0\u00bb.<\/p>\n<p>\u00ab\u00a0Haine et division\u00a0\u00bb<\/p>\n<p>Le collectif Saint-Etienne Ensemble 2026 a \u00e9galement fait part de son indignation. \u00ab\u00a0Nous n&rsquo;accepterons jamais de tels actes de vandalisme qui propagent la haine et la division\u00a0\u00bb, \u00e9crit le collectif sur le r\u00e9seau social X au lendemain de cette d\u00e9couverte. \u00ab\u00a0Ces messages de haine n\u2019ont pas leur place dans notre soci\u00e9t\u00e9 et vont \u00e0 l\u2019encontre des valeurs de respect et de dignit\u00e9 que nous d\u00e9fendons\u00a0\u00bb, indique le texte.<\/p>\n<blockquote class=\"twitter-tweet\">\n<p dir=\"ltr\" lang=\"fr\">Nous n\u2019accepterons jamais de tels actes de vandalisme qui propagent la haine et la division. Nous souhaitons que les auteurs soient rapidement identifi\u00e9s et sanctionn\u00e9s avec la plus grande fermet\u00e9.<br \/>Mercredi dernier, l\u2019arbre en hommage \u00e0 <a href=\"https:\/\/twitter.com\/hashtag\/llanHalimi?src=hash&amp;ref_src=twsrc%5Etfw\" rel=\"nofollow noopener\" target=\"_blank\">#llanHalimi<\/a> a \u00e9t\u00e9 tron\u00e7onn\u00e9. 1\/2 <a href=\"https:\/\/t.co\/Crh0bwde2j\" rel=\"nofollow\">https:\/\/t.co\/Crh0bwde2j<\/a><\/p>\n<p>\u2014 Collectif Saint-\u00c9tienne Ensemble 2026 (@saint_2026) <a href=\"https:\/\/twitter.com\/saint_2026\/status\/1957343638389764394?ref_src=twsrc%5Etfw\" rel=\"nofollow noopener\" target=\"_blank\">August 18, 2025<\/a><\/p><\/blockquote>\n<p>Le collectif souhaite enfin \u00ab\u00a0que les auteurs soient rapidement identifi\u00e9s et sanctionn\u00e9s avec la plus grande fermet\u00e9\u00a0\u00bb.<\/p>\n<p>  <script async src=\"https:\/\/platform.twitter.com\/widgets.js\" charset=\"utf-8\"><\/script><\/p>\n","protected":false},"excerpt":{"rendered":"Indignation \u00e0 la mairie de Saint-Etienne. Des inscriptions \u00ab\u00a0racistes, antis\u00e9mites et islamophobes\u00a0\u00bb ont \u00e9t\u00e9 d\u00e9couvertes sur plusieurs b\u00e2timents&hellip;\n","protected":false},"author":2,"featured_media":328766,"comment_status":"","ping_status":"","sticky":false,"template":"","format":"standard","meta":{"footnotes":""},"categories":[9653],"tags":[1111,11,2430,1777,674,1011,27,12,25,4001],"class_list":{"0":"post-328765","1":"post","2":"type-post","3":"status-publish","4":"format-standard","5":"has-post-thumbnail","7":"category-saint-etienne","8":"tag-actu","9":"tag-actualites","10":"tag-auvergne-rhone-alpes","11":"tag-eu","12":"tag-europe","13":"tag-fr","14":"tag-france","15":"tag-news","16":"tag-republique-francaise","17":"tag-saint-etienne"},"share_on_mastodon":{"url":"https:\/\/pubeurope.com\/@fr\/115054140622756157","error":""},"_links":{"self":[{"href":"https:\/\/www.europesays.com\/fr\/wp-json\/wp\/v2\/posts\/328765","targetHints":{"allow":["GET"]}}],"collection":[{"href":"https:\/\/www.europesays.com\/fr\/wp-json\/wp\/v2\/posts"}],"about":[{"href":"https:\/\/www.europesays.com\/fr\/wp-json\/wp\/v2\/types\/post"}],"author":[{"embeddable":true,"href":"https:\/\/www.europesays.com\/fr\/wp-json\/wp\/v2\/users\/2"}],"replies":[{"embeddable":true,"href":"https:\/\/www.europesays.com\/fr\/wp-json\/wp\/v2\/comments?post=328765"}],"version-history":[{"count":0,"href":"https:\/\/www.europesays.com\/fr\/wp-json\/wp\/v2\/posts\/328765\/revisions"}],"wp:featuredmedia":[{"embeddable":true,"href":"https:\/\/www.europesays.com\/fr\/wp-json\/wp\/v2\/media\/328766"}],"wp:attachment":[{"href":"https:\/\/www.europesays.com\/fr\/wp-json\/wp\/v2\/media?parent=328765"}],"wp:term":[{"taxonomy":"category","embeddable":true,"href":"https:\/\/www.europesays.com\/fr\/wp-json\/wp\/v2\/categories?post=328765"},{"taxonomy":"post_tag","embeddable":true,"href":"https:\/\/www.europesays.com\/fr\/wp-json\/wp\/v2\/tags?post=328765"}],"curies":[{"name":"wp","href":"https:\/\/api.w.org\/{rel}","templated":true}]}}