{"id":328768,"date":"2025-08-19T07:05:16","date_gmt":"2025-08-19T07:05:16","guid":{"rendered":"https:\/\/www.europesays.com\/fr\/328768\/"},"modified":"2025-08-19T07:05:16","modified_gmt":"2025-08-19T07:05:16","slug":"les-internationaux-clermontois-absents-contre-brive-mais-alignes-contre-toulon","status":"publish","type":"post","link":"https:\/\/www.europesays.com\/fr\/328768\/","title":{"rendered":"Les internationaux Clermontois absents contre Brive mais align\u00e9s contre Toulon !"},"content":{"rendered":"<p>Les internationaux clermontois ont retrouv\u00e9 leurs partenaires ce lundi.<\/p>\n<p>Fra\u00eechement revenus de la tourn\u00e9e en Nouvelle-Z\u00e9lande avec le XV de France, Baptiste Jauneau, L\u00e9on Darricarr\u00e8re, Killian Tixeront et Giorgi Akhaladze ont imm\u00e9diatement particip\u00e9 aux s\u00e9ances intenses avec leurs co\u00e9quipiers, ce lundi.<\/p>\n<p>En revanche, <a href=\"https:\/\/www.lamontagne.fr\/clermont-ferrand-63000\/sports\/enthousiasme-programme-adapte-et-cohesion-les-internationaux-ont-repris-avec-l-asm-clermont_14735806\/\" rel=\"nofollow noopener\" target=\"_blank\">La Montagne<\/a> indique que R\u00e9gis Montagne, touch\u00e9 \u00e0 la cheville, est rest\u00e9 pr\u00e9serv\u00e9.<\/p>\n<p><strong>Le manager de l\u2019ASM, Christophe Urios a fait un point :<\/strong><\/p>\n<p>\u00ab J\u2019ai trouv\u00e9 des joueurs plut\u00f4t contents de reprendre avec le groupe et de retrouver leurs partenaires. Ils ont \u00e9videmment un programme un peu diff\u00e9rent. L\u2019id\u00e9e, c\u2019est de les remettre progressivement dans le rugby pour qu\u2019ils puissent toucher \u00e0 ce que l\u2019on a fait \u00e9voluer. En parall\u00e8le, ils doivent effectuer un travail de fond afin de tenir sur les neuf premiers matchs. En gros, ils sont 70 % avec nous et 30 % sur des ateliers physiques. \u00bb<\/p>\n<p>Les Bleus de l\u2019ASM ne joueront pas contre Brive vendredi, mais devraient \u00eatre align\u00e9s la semaine suivante face \u00e0 Toulon, \u00e0 Issoire.<\/p>\n<p><strong>Jauneau \u2013 Plummer, une entente \u00e0 construire<\/strong><\/p>\n<p>Lors des s\u00e9ances collectives, Baptiste Jauneau a \u00e9chang\u00e9 ses premi\u00e8res passes avec Harry Plummer, le demi d\u2019ouverture n\u00e9o-z\u00e9landais arriv\u00e9 cet \u00e9t\u00e9.<\/p>\n<p><strong>Urios s\u2019est confi\u00e9 sur le sujet :\u00a0<\/strong><\/p>\n<p>\u00ab Baptiste doit pour le moment travailler physiquement. Mais en m\u00eame temps, nous avons besoin de trouver rapidement de la synchronisation. Il doit \u00e9galement apprendre \u00e0 se conna\u00eetre davantage avec Harry. Entre eux, les choses se joueront sur le terrain mais aussi en dehors. Ils doivent d\u00e9velopper de forts automatismes. <\/p>\n<p>Lorsque Harry est venu en novembre, lors de sa signature, Baptiste avait \u00e9norm\u00e9ment particip\u00e9 \u00e0 cette journ\u00e9e. Nous sommes dans la continuit\u00e9. Leur connexion sera essentielle, tout comme avec Irae, qui est tr\u00e8s performant \u00e0 ce poste. \u00bb<\/p>\n<p>En pleine nature, au Chambon-sur-Lignon, le duo Jauneau\u2013Plummer dispose du cadre id\u00e9al pour poser les bases d\u2019une association qui pourrait peser lourd dans la saison clermontoise.<\/p>\n","protected":false},"excerpt":{"rendered":"Les internationaux clermontois ont retrouv\u00e9 leurs partenaires ce lundi. Fra\u00eechement revenus de la tourn\u00e9e en Nouvelle-Z\u00e9lande avec le&hellip;\n","protected":false},"author":2,"featured_media":328769,"comment_status":"","ping_status":"","sticky":false,"template":"","format":"standard","meta":{"footnotes":""},"categories":[9619],"tags":[1111,11,1777,674,1011,27,12,882,25,2310],"class_list":{"0":"post-328768","1":"post","2":"type-post","3":"status-publish","4":"format-standard","5":"has-post-thumbnail","7":"category-toulon","8":"tag-actu","9":"tag-actualites","10":"tag-eu","11":"tag-europe","12":"tag-fr","13":"tag-france","14":"tag-news","15":"tag-provence-alpes-cote-dazur","16":"tag-republique-francaise","17":"tag-toulon"},"share_on_mastodon":{"url":"https:\/\/pubeurope.com\/@fr\/115054164318569841","error":""},"_links":{"self":[{"href":"https:\/\/www.europesays.com\/fr\/wp-json\/wp\/v2\/posts\/328768","targetHints":{"allow":["GET"]}}],"collection":[{"href":"https:\/\/www.europesays.com\/fr\/wp-json\/wp\/v2\/posts"}],"about":[{"href":"https:\/\/www.europesays.com\/fr\/wp-json\/wp\/v2\/types\/post"}],"author":[{"embeddable":true,"href":"https:\/\/www.europesays.com\/fr\/wp-json\/wp\/v2\/users\/2"}],"replies":[{"embeddable":true,"href":"https:\/\/www.europesays.com\/fr\/wp-json\/wp\/v2\/comments?post=328768"}],"version-history":[{"count":0,"href":"https:\/\/www.europesays.com\/fr\/wp-json\/wp\/v2\/posts\/328768\/revisions"}],"wp:featuredmedia":[{"embeddable":true,"href":"https:\/\/www.europesays.com\/fr\/wp-json\/wp\/v2\/media\/328769"}],"wp:attachment":[{"href":"https:\/\/www.europesays.com\/fr\/wp-json\/wp\/v2\/media?parent=328768"}],"wp:term":[{"taxonomy":"category","embeddable":true,"href":"https:\/\/www.europesays.com\/fr\/wp-json\/wp\/v2\/categories?post=328768"},{"taxonomy":"post_tag","embeddable":true,"href":"https:\/\/www.europesays.com\/fr\/wp-json\/wp\/v2\/tags?post=328768"}],"curies":[{"name":"wp","href":"https:\/\/api.w.org\/{rel}","templated":true}]}}