{"id":328772,"date":"2025-08-19T07:07:10","date_gmt":"2025-08-19T07:07:10","guid":{"rendered":"https:\/\/www.europesays.com\/fr\/328772\/"},"modified":"2025-08-19T07:07:10","modified_gmt":"2025-08-19T07:07:10","slug":"transfert-top-14-gros-coup-de-montpellier-qui-prolonge-lenni-nouchi","status":"publish","type":"post","link":"https:\/\/www.europesays.com\/fr\/328772\/","title":{"rendered":"Transfert \/ Top 14 \u2013 Gros coup de Montpellier qui prolonge Lenni Nouchi"},"content":{"rendered":"<p>\n                Montpellier a frapp\u00e9 fort sur le march\u00e9 des mutations. Les Cistes ont act\u00e9 la prolongation du troisi\u00e8me ligne international Lenni Nouchi pourtant courtis\u00e9.\n            <\/p>\n<p>Nous vous l\u2019annoncions, <strong><a href=\"https:\/\/www.rugbyrama.fr\/2025\/08\/15\/transferts-top-14-montpellier-ou-toulon-verdict-imminent-pour-lenni-nouchi-12876351.php\" target=\"_self\" rel=\"nofollow noopener\">le verdict concernant le devenir de\u00a0Lenni Nouchi<\/a><\/strong> \u00e9tait imminent. Le troisi\u00e8me ligne aile de Montpellier avait deux possibilit\u00e9s. Il pouvait rempiler pour trois ans \u00e0 Montpellier <strong><a href=\"https:\/\/www.rugbyrama.fr\/equipe\/rugby-club-toulonnais\/\" target=\"_self\" rel=\"nofollow noopener\">ou rejoindre Toulon<\/a><\/strong> \u2013 club formateur de son p\u00e8re Samuel \u2013 qui lui proposait un contrat portant sur\u00a0quatre saisons. <strong><a href=\"https:\/\/www.rugbyrama.fr\/2025\/02\/14\/top-14-lenni-nouchi-montpellier-a-beziers-des-retrouvailles-bien-particulieres-12510367.php\" target=\"_self\" rel=\"nofollow noopener\">Le joueur form\u00e9 du c\u00f4t\u00e9 de B\u00e9ziers<\/a><\/strong> a fait le choix de la stabilit\u00e9. Ce lundi soir, le Montpellier H\u00e9rault Rugby a officialis\u00e9 la prolongation de son international fran\u00e7ais (deux capes) jusqu\u2019en 2028.<\/p>\n<p>Le capitaine des Bleuets champion du monde en 2023 a rejoint les Cistes en 2021, dans la cat\u00e9gorie Espoirs. Lanc\u00e9 chez les professionnels un an plus tard, il a depuis disput\u00e9 55 rencontres chez les professionnels. <strong><a href=\"https:\/\/www.rugbyrama.fr\/2025\/08\/06\/top-14-joan-caudullo-manager-de-montpellier-nous-avons-davantage-de-leaders-12857735.php\" target=\"_self\" rel=\"nofollow noopener\">En prolongeant un de ses capitaines<\/a><\/strong>, pourtant courtis\u00e9 par un candidat au titre, Montpellier affirme ses ambitions de retrouver une phase finale plus disput\u00e9e depuis l\u2019ann\u00e9e de leur titre, en 2022. Dans la foul\u00e9e, Montpellier devrait annoncer la prolongation de Billy Vunipola.<\/p>\n","protected":false},"excerpt":{"rendered":"Montpellier a frapp\u00e9 fort sur le march\u00e9 des mutations. Les Cistes ont act\u00e9 la prolongation du troisi\u00e8me ligne&hellip;\n","protected":false},"author":2,"featured_media":328773,"comment_status":"","ping_status":"","sticky":false,"template":"","format":"standard","meta":{"footnotes":""},"categories":[9599],"tags":[1111,11,1777,674,1011,27,2208,12,2680,25],"class_list":{"0":"post-328772","1":"post","2":"type-post","3":"status-publish","4":"format-standard","5":"has-post-thumbnail","7":"category-montpellier","8":"tag-actu","9":"tag-actualites","10":"tag-eu","11":"tag-europe","12":"tag-fr","13":"tag-france","14":"tag-montpellier","15":"tag-news","16":"tag-occitanie","17":"tag-republique-francaise"},"share_on_mastodon":{"url":"https:\/\/pubeurope.com\/@fr\/115054172101720712","error":""},"_links":{"self":[{"href":"https:\/\/www.europesays.com\/fr\/wp-json\/wp\/v2\/posts\/328772","targetHints":{"allow":["GET"]}}],"collection":[{"href":"https:\/\/www.europesays.com\/fr\/wp-json\/wp\/v2\/posts"}],"about":[{"href":"https:\/\/www.europesays.com\/fr\/wp-json\/wp\/v2\/types\/post"}],"author":[{"embeddable":true,"href":"https:\/\/www.europesays.com\/fr\/wp-json\/wp\/v2\/users\/2"}],"replies":[{"embeddable":true,"href":"https:\/\/www.europesays.com\/fr\/wp-json\/wp\/v2\/comments?post=328772"}],"version-history":[{"count":0,"href":"https:\/\/www.europesays.com\/fr\/wp-json\/wp\/v2\/posts\/328772\/revisions"}],"wp:featuredmedia":[{"embeddable":true,"href":"https:\/\/www.europesays.com\/fr\/wp-json\/wp\/v2\/media\/328773"}],"wp:attachment":[{"href":"https:\/\/www.europesays.com\/fr\/wp-json\/wp\/v2\/media?parent=328772"}],"wp:term":[{"taxonomy":"category","embeddable":true,"href":"https:\/\/www.europesays.com\/fr\/wp-json\/wp\/v2\/categories?post=328772"},{"taxonomy":"post_tag","embeddable":true,"href":"https:\/\/www.europesays.com\/fr\/wp-json\/wp\/v2\/tags?post=328772"}],"curies":[{"name":"wp","href":"https:\/\/api.w.org\/{rel}","templated":true}]}}