{"id":328774,"date":"2025-08-19T07:09:13","date_gmt":"2025-08-19T07:09:13","guid":{"rendered":"https:\/\/www.europesays.com\/fr\/328774\/"},"modified":"2025-08-19T07:09:13","modified_gmt":"2025-08-19T07:09:13","slug":"la-metropole-lance-sa-cop-rouen-2030","status":"publish","type":"post","link":"https:\/\/www.europesays.com\/fr\/328774\/","title":{"rendered":"La M\u00e9tropole lance sa COP Rouen 2030"},"content":{"rendered":"<p>La Me\u0301tropole Rouen Normandie a mis en place a\u0300 partir de 2017 une dynamique d\u2019engagement des acteurs locaux autour d\u2019une strate\u0301gie commune de transition nomme\u0301e la \u00abCOP 21 Rouen Normandie \u00bb. En 2019, elle s\u2019est dote\u0301e d\u2019un plan d\u2019action ambitieux : son Plan Climat Air \u00c9nergie Territorial (PCAET). En de\u0301clarant l\u2019urgence climatique en 2021, elle a renforce\u0301 son ambition dans le but d\u2019agir pour prote\u0301ger notre plane\u0300te tout en ame\u0301liorant notre cadre de vie.<\/p>\n<p>Depuis fin 2022, le Plan Climat Air \u00c9nergie Territorial a e\u0301te\u0301 mis en re\u0301vision, avec l\u2019objectif fort d\u2019atteindre la neutralite\u0301 carbone en 2050 au plus tard et de s\u2019adapter au changement climatique. Ce nouveau plan d\u2019actions fixera les actions ne\u0301cessaires a\u0300 mettre en place d\u2019ici 2032. Cette re\u0301vision se fait en me\u0302me temps que celle du Sche\u0301ma de Cohe\u0301rence Territoriale (SCoT), le document d\u2019urbanisme qui fixe les orientations d\u2019ame\u0301nagement a\u0300 l\u2019horizon 2050, dans un document global intitule\u0301 \u00ab SCoT AEC PLUi\u00bb \u00bb, abordant les enjeux de pre\u0301servation de la biodiversite\u0301 et d\u2019artificialisation des sols notamment. En 2024, un nouveau projet a ainsi e\u0301te\u0301 conc\u0327u pour <a href=\"https:\/\/www.metropole-rouen-normandie.fr\/quartiers-en-mouvement\/projet-de-territoire-rouen-metropole-2050\" rel=\"nofollow noopener\" target=\"_blank\"><strong>imaginer notre territoire en 2050<\/strong><\/a> : un plan ambitieux pour un avenir durable. C\u2019est sur cette base que de\u0301bute, avec le lancement de la COP Rouen 2030, le travail d\u2019e\u0301laboration du plan d\u2019actions Air \u00c9nergie Climat, qui devra s\u2019appuyer sur une mobilisation et un engagement renforce\u0301 des acteurs du territoire (communes, entreprises, citoyens, associations&#8230;).<\/p>\n<p>COP Rouen 2030 : quelles actions ?<\/p>\n<ul>\n<li><strong>Un challenge territorial citoyen via des ateliers \u00ab 2 tonnes \u00bb ouverts a\u0300 tous<\/strong><br \/>Il sera propose\u0301 aux citoyens de participer a\u0300 un atelier \u00ab 2 tonnes \u00bb afin de contribuer a\u0300 re\u0301duire les e\u0301missions de gaz a\u0300 effet de serre sur notre territoire. Plusieurs ateliers seront organise\u0301s chaque mois, tout au long de l\u2019anne\u0301e 2025, a\u0300 destination de tous les habitants de la Me\u0301tropole.<br \/>Les ateliers 2 tonnes sont des sessions interactives de 3 heures ou\u0300 10 a\u0300 15 personnes se rassemblent pour mieux comprendre les enjeux de la transition bas carbone. L&rsquo;objectif est d&rsquo;apprendre ensemble comment chacun, a\u0300 son niveau, peut agir pour re\u0301duire son impact sur la plane\u0300te mais aussi quels sont les leviers collectifs a\u0300 actionner. Au cours de l&rsquo;atelier, chaque participant est invite\u0301 a\u0300 re\u0301fle\u0301chir aux actions qu&rsquo;il peut mener seul ou collectivement pour diminuer son empreinte carbone.<\/li>\n<li><strong>Des feuilles de route a\u0300 l\u2019horizon 2030 pour les e\u0301cosyste\u0300mes d\u2019acteurs<\/strong><br \/>Depuis 2019, un certain nombre d\u2019e\u0301cosyste\u0300mes d\u2019acteurs se sont cre\u0301e\u0301s pour travailler sur diffe\u0301rentes the\u0301matiques en lien avec la transition social-e\u0301cologique tels que le re\u0301seau des acteurs du Projet Alimentaire de territoire, l\u2019Assemble\u0301e des partenaires \u00c9nergies Me\u0301tropole ou encore la coalition nume\u0301rique responsable.<br \/>Forts de ces anne\u0301es de travail, ces e\u0301cosyste\u0300mes vont se doter de feuilles de route a\u0300 horizon 2030 pour continuer a\u0300 structurer leur travail. Pour cela plusieurs ateliers auront lieu pour chaque collectif entre fe\u0301vrier et avril 2025.<\/li>\n<li><strong>Une grande concertation publique pour l\u2019e\u0301laboration du plan d\u2019action Air E\u0301nergie Climat<\/strong><br \/>Pour participer a\u0300 l\u2019e\u0301laboration du plan d\u2019action Air \u00c9nergie Climat, plusieurs temps de travail vont e\u0302tre propose\u0301s aux habitants. Des visites-ateliers seront notamment organise\u0301es sur les the\u0300mes du nume\u0301rique responsable, de la renaturation et de la de\u0301carbonation de l\u2019industrie entre mars et avril 2025. Ces e\u0301ve\u0301nements seront mis en ligne sur le site <a class=\"lienExterne\" href=\"https:\/\/jeparticipe.metropole-rouen-normandie.fr\/\" rel=\"nofollow noopener\" target=\"_blank\"><strong>JeParticipe<\/strong>.<\/a><\/li>\n<li><strong>Des ateliers spe\u0301cifiques a\u0300 destination du re\u0301seau des acteurs pour le climat<\/strong><br \/>Le re\u0301seau des acteurs pour le climat est compose\u0301 d&rsquo;acteurs tre\u0300s divers : institutionnels, associations, collectivite\u0301s, acteurs e\u0301conomiques, acteurs culturels, citoyens de la convention citoyenne&#8230; Le premier atelier de ce re\u0301seau, un atelier \u00ab 2 tonnes \u00bb s\u2019est de\u0301roule\u0301 ce vendredi 17 janvier a\u0300 l\u2019occasion du lancement de la COP Rouen 2030. L\u2019objectif de ces ateliers est de contribuer au plan d&rsquo;actions en formulant des recommandations sur les de\u0301fis de transformation suivants : prospe\u0301rite\u0301 soutenable, justice environnementale, sobrie\u0301te\u0301, cohe\u0301sion sociale et territoriale et changement de mode\u0300le. Un second atelier se tiendra le 18 mars.<\/li>\n<\/ul>\n<p><strong>Accord de Rouen pour le Climat #2<\/strong><br \/>Un document de synth\u00e8se de la mobilisation des acteurs dans la coconstruction du plan d\u2019actions Air \u00c9nergie Climat sera r\u00e9dig\u00e9 pour constituer l\u2019accord de Rouen pour le climat #2. Un \u00e9v\u00e9nement d\u2019\u00e9tape, pr\u00e9sentant ce document, aura lieu en septembre 2025.<\/p>\n<p>Des actions p\u00e9rennis\u00e9es pour cette nouvelle \u00e9tape<\/p>\n<p>Avec la COP Rouen 2030, un solide socle d\u2019actions de mobilisation et d\u2019accompagnement des acteurs issues de la COP21 et qui ont fait leurs preuves restent en place et continueront de travailler collectivement :<\/p>\n<ul>\n<li><strong>GIEC local<\/strong><br \/>Le GIEC local est un groupe d&rsquo;experts pr\u00e9sid\u00e9 par Benoit Laignel, compos\u00e9 de treize sp\u00e9cialistes qui analysent en d\u00e9tail les impacts du changement climatique sur notre territoire en abordant diff\u00e9rentes th\u00e9matiques.<\/li>\n<li><strong>Engagement des entreprises<\/strong><br \/>Chaque entreprise peut s&rsquo;engager dans la COP Rouen 2030, en mettant en \u0153uvre des actions concr\u00e8tes de Responsabilit\u00e9 Soci\u00e9tale des Entreprises telles que : la r\u00e9duction des consommations d&rsquo;\u00e9nergie, la production d&rsquo;\u00e9nergie verte, la protection de la biodiversit\u00e9, et bien plus encore. Une large offre d\u2019accompagnement est propos\u00e9e par la M\u00e9tropole. Pour les entreprises, il est \u00e9galement possible de rejoindre une coalition pour agir avec d\u2019autres acteurs du territoire sur des probl\u00e9matiques communes.<\/li>\n<li><strong>Engagement des communes<\/strong><br \/>Chaque commune peut s\u2019engager en mettant \u00e0 jour ses <a href=\"https:\/\/www.notrecop21.fr\/commune\" id=\"lienExterne\" rel=\"nofollow noopener\" target=\"_blank\"><strong>engagements de transition<\/strong><\/a> pris en 2018 dans le cadre d\u2019une convention Cop 21 ou d\u2019une convention PACTE. Les domaines d\u2019actions concern\u00e9s : r\u00e9novation \u00e9nerg\u00e9tique, \u00e9nergies renouvelables, gestion des espaces verts, mobilit\u00e9 apais\u00e9e et mobilisation citoyenne &#8230;<\/li>\n<li><strong>Accompagnement des citoyens<\/strong><br \/>En tant que citoyen, il est aussi possible de jouer un ro\u0302le dans la lutte contre le changement climatique. Rendez-vous au Pavillon des Transitions ou dans une des nombreuses <a class=\"lienExterne\" href=\"https:\/\/www.notrecop21.fr\/les-equipements\" rel=\"nofollow noopener\" target=\"_blank\"><strong>installations qui accueillent des animations.<\/strong><\/a><\/li>\n<li><strong>Conseil d\u2019e\u0301valuation de la transition social-e\u0301cologique<\/strong><br \/>Le Conseil d&rsquo;\u00e9valuation de la transition social-e\u0301cologique, cre\u0301e\u0301 en 2019 apre\u0300s l&rsquo;accord de Rouen pour le climat, re\u0301unit des membres de la socie\u0301te\u0301 civile. Sa mission est d\u2019e\u0301valuer l\u2019efficacite\u0301 des politiques me\u0301tropolitaines en matie\u0300re de transition social-e\u0301cologique.<\/li>\n<\/ul>\n","protected":false},"excerpt":{"rendered":"La Me\u0301tropole Rouen Normandie a mis en place a\u0300 partir de 2017 une dynamique d\u2019engagement des acteurs locaux&hellip;\n","protected":false},"author":2,"featured_media":328775,"comment_status":"","ping_status":"","sticky":false,"template":"","format":"standard","meta":{"footnotes":""},"categories":[9587],"tags":[1111,11,1777,674,1011,27,12,5161,25,9590],"class_list":{"0":"post-328774","1":"post","2":"type-post","3":"status-publish","4":"format-standard","5":"has-post-thumbnail","7":"category-rouen","8":"tag-actu","9":"tag-actualites","10":"tag-eu","11":"tag-europe","12":"tag-fr","13":"tag-france","14":"tag-news","15":"tag-normandie","16":"tag-republique-francaise","17":"tag-rouen"},"share_on_mastodon":{"url":"https:\/\/pubeurope.com\/@fr\/115054179983078527","error":""},"_links":{"self":[{"href":"https:\/\/www.europesays.com\/fr\/wp-json\/wp\/v2\/posts\/328774","targetHints":{"allow":["GET"]}}],"collection":[{"href":"https:\/\/www.europesays.com\/fr\/wp-json\/wp\/v2\/posts"}],"about":[{"href":"https:\/\/www.europesays.com\/fr\/wp-json\/wp\/v2\/types\/post"}],"author":[{"embeddable":true,"href":"https:\/\/www.europesays.com\/fr\/wp-json\/wp\/v2\/users\/2"}],"replies":[{"embeddable":true,"href":"https:\/\/www.europesays.com\/fr\/wp-json\/wp\/v2\/comments?post=328774"}],"version-history":[{"count":0,"href":"https:\/\/www.europesays.com\/fr\/wp-json\/wp\/v2\/posts\/328774\/revisions"}],"wp:featuredmedia":[{"embeddable":true,"href":"https:\/\/www.europesays.com\/fr\/wp-json\/wp\/v2\/media\/328775"}],"wp:attachment":[{"href":"https:\/\/www.europesays.com\/fr\/wp-json\/wp\/v2\/media?parent=328774"}],"wp:term":[{"taxonomy":"category","embeddable":true,"href":"https:\/\/www.europesays.com\/fr\/wp-json\/wp\/v2\/categories?post=328774"},{"taxonomy":"post_tag","embeddable":true,"href":"https:\/\/www.europesays.com\/fr\/wp-json\/wp\/v2\/tags?post=328774"}],"curies":[{"name":"wp","href":"https:\/\/api.w.org\/{rel}","templated":true}]}}