{"id":328780,"date":"2025-08-19T07:15:17","date_gmt":"2025-08-19T07:15:17","guid":{"rendered":"https:\/\/www.europesays.com\/fr\/328780\/"},"modified":"2025-08-19T07:15:17","modified_gmt":"2025-08-19T07:15:17","slug":"je-ne-comprends-pas-le-bashing-autour-de-beye-regrette-acherchour","status":"publish","type":"post","link":"https:\/\/www.europesays.com\/fr\/328780\/","title":{"rendered":"\u00ab\u00a0Je ne comprends pas le bashing autour de Beye\u00a0\u00bb regrette Acherchour"},"content":{"rendered":"<p>Rennes : \u00ab\u00a0Je ne comprends pas le bashing autour de Beye\u00a0\u00bb regrette Acherchour Sur le m\u00eame sujet<a href=\"https:\/\/rmcsport.bfmtv.com\/football\/ligue-1\/video-rennes-je-ne-comprends-pas-le-bashing-autour-de-beye-regrette-acherchour_VN-202508190179.html\" title=\"Rennes : &quot;Je ne comprends pas le bashing autour de Beye&quot; regrette Acherchour\" rel=\"nofollow noopener\" target=\"_blank\"><img class=\"lozad\"  width=\"16\" height=\"9\" alt=\"Rennes : &quot;Je ne comprends pas le bashing autour de Beye&quot; regrette Acherchour\"\/>en lectureRennes : \u00ab\u00a0Je ne comprends pas le bashing autour de Beye\u00a0\u00bb regrette Acherchour<\/a><a href=\"https:\/\/rmcsport.bfmtv.com\/football\/ligue-1\/video-om-c-est-lamentable-riolo-tacle-de-zerbi-qui-est-en-fusion-permanente_VN-202508180530.html\" title=\"OM : &quot;C&#039;est lamentable...&quot; Riolo tacle De Zerbi, qui est en &quot;fusion permanente&quot;\" rel=\"nofollow noopener\" target=\"_blank\"><img class=\"lozad\"  width=\"16\" height=\"9\" alt=\"OM : &quot;C'est lamentable...&quot; Riolo tacle De Zerbi, qui est en &quot;fusion permanente&quot;\"\/>15:08OM : \u00ab\u00a0C&rsquo;est lamentable&#8230;\u00a0\u00bb Riolo tacle De Zerbi, qui est en \u00ab\u00a0fusion permanente\u00a0\u00bb<\/a><a href=\"https:\/\/rmcsport.bfmtv.com\/replay-emissions\/after-foot\/video-ligue-1-la-porte-est-grande-ouverte-pour-canal-lance-de-tavernost_VN-202508180516.html\" title=\"Ligue 1 + : &quot;La porte est grande ouverte pour Canal&quot; lance De Tavernost \" rel=\"nofollow noopener\" target=\"_blank\"><img class=\"lozad\"  width=\"16\" height=\"9\" alt=\"Ligue 1 + : &quot;La porte est grande ouverte pour Canal&quot; lance De Tavernost \"\/>33:42Ligue 1 + : \u00ab\u00a0La porte est grande ouverte pour Canal\u00a0\u00bb lance De Tavernost<\/a><a href=\"https:\/\/rmcsport.bfmtv.com\/replay-emissions\/after-foot\/video-om-rabiot-et-rowe-ecartes-temporairement-c-est-bien-que-l-institution-remette-un-peu-d-ordre-estime-acherchour_VN-202508180478.html\" title=\"OM : Rabiot et Rowe \u00e9cart\u00e9s temporairement, &quot;c&#039;est bien que l&#039;institution remette un peu d&#039;ordre&quot; estime Acherchour\" rel=\"nofollow noopener\" target=\"_blank\"><img class=\"lozad\"  width=\"16\" height=\"9\" alt=\"OM : Rabiot et Rowe \u00e9cart\u00e9s temporairement, &quot;c'est bien que l'institution remette un peu d'ordre&quot; estime Acherchour\"\/>11:06OM : Rabiot et Rowe \u00e9cart\u00e9s temporairement, \u00ab\u00a0c&rsquo;est bien que l&rsquo;institution remette un peu d&rsquo;ordre\u00a0\u00bb estime Acherchour<\/a><a href=\"https:\/\/rmcsport.bfmtv.com\/replay-emissions\/rothen-regale\/video-brest-3-3-losc-cette-qualite-de-giroud-qui-a-choque-magnetti_VN-202508180454.html\" title=\"Brest 3-3 Losc : Cette qualit\u00e9 de Giroud qui a &quot;choqu\u00e9&quot; Magnetti \" rel=\"nofollow noopener\" target=\"_blank\"><img class=\"lozad\"  width=\"16\" height=\"9\" alt=\"Brest 3-3 Losc : Cette qualit\u00e9 de Giroud qui a &quot;choqu\u00e9&quot; Magnetti \"\/>9:23Brest 3-3 Losc : Cette qualit\u00e9 de Giroud qui a \u00ab\u00a0choqu\u00e9\u00a0\u00bb Magnetti<\/a><a href=\"https:\/\/rmcsport.bfmtv.com\/replay-emissions\/rothen-regale\/video-om-rabiot-et-rowe-ecartes-temporairement-les-infos-de-rmc-sport_VN-202508180437.html\" title=\"OM : Rabiot et Rowe \u00e9cart\u00e9s temporairement, les infos de RMC Sport\" rel=\"nofollow noopener\" target=\"_blank\"><img class=\"lozad\"  width=\"16\" height=\"9\" alt=\"OM : Rabiot et Rowe \u00e9cart\u00e9s temporairement, les infos de RMC Sport\"\/>8:54OM : Rabiot et Rowe \u00e9cart\u00e9s temporairement, les infos de RMC Sport<\/a><a href=\"https:\/\/rmcsport.bfmtv.com\/football\/ligue-1\/video-resume-poret-pour-un-exploit-face-a-an-en-32e-de-finale-wtt-europe-smash_VN-202508180331.html\" title=\"R\u00e9sum\u00e9 : Poret pour un exploit face \u00e0 An en 32e de finale ? (WTT Europe Smash)\" rel=\"nofollow noopener\" target=\"_blank\"><img class=\"lozad\"  width=\"16\" height=\"9\" alt=\"R\u00e9sum\u00e9 : Poret pour un exploit face \u00e0 An en 32e de finale ? (WTT Europe Smash)\"\/>11:19R\u00e9sum\u00e9 : Poret pour un exploit face \u00e0 An en 32e de finale ? (WTT Europe Smash)<\/a><a href=\"https:\/\/rmcsport.bfmtv.com\/football\/transferts\/video-zakaria-trapp-mukiele-les-5-infos-mercato-du-lundi-18-aout-a-11h_VN-202508180225.html\" title=\"Zakaria, Trapp,  Mukiele... les 5 infos mercato du lundi 18 ao\u00fbt \u00e0 11h\" rel=\"nofollow noopener\" target=\"_blank\"><img class=\"lozad\"  width=\"16\" height=\"9\" alt=\"Zakaria, Trapp,  Mukiele... les 5 infos mercato du lundi 18 ao\u00fbt \u00e0 11h\"\/>0:57Zakaria, Trapp, Mukiele&#8230; les 5 infos mercato du lundi 18 ao\u00fbt \u00e0 11h<\/a><a href=\"https:\/\/rmcsport.bfmtv.com\/football\/ligue-1\/video-nantes-0-1-psg-j1-abline-doit-gagner-sa-place-castro-impitoyable_VN-202508180211.html\" title=\"Nantes 0-1 PSG (J1) : &quot;Abline doit gagner sa place&quot;, Castro impitoyable\" rel=\"nofollow noopener\" target=\"_blank\"><img class=\"lozad\"  width=\"16\" height=\"9\" alt=\"Nantes 0-1 PSG (J1) : &quot;Abline doit gagner sa place&quot;, Castro impitoyable\"\/>0:56Nantes 0-1 PSG (J1) : \u00ab\u00a0Abline doit gagner sa place\u00a0\u00bb, Castro impitoyable<\/a><a href=\"https:\/\/rmcsport.bfmtv.com\/football\/ligue-1\/video-nantes-0-1-psg-les-5-changements-ca-tue-les-adversaires-le-constat-implacable-de-l-after_VN-202508180192.html\" title=\"Nantes 0-1 PSG : &quot;Les 5 changements, \u00e7a tue les adversaires&quot;, le constat implacable de l&#039;After \" rel=\"nofollow noopener\" target=\"_blank\"><img class=\"lozad\"  width=\"16\" height=\"9\" alt=\"Nantes 0-1 PSG : &quot;Les 5 changements, \u00e7a tue les adversaires&quot;, le constat implacable de l'After \"\/>0:34Nantes 0-1 PSG : \u00ab\u00a0Les 5 changements, \u00e7a tue les adversaires\u00a0\u00bb, le constat implacable de l&rsquo;After<\/a><a href=\"https:\/\/rmcsport.bfmtv.com\/football\/ligue-1\/video-ligue-1-nul-spectaculaire-a-brest-le-paris-fc-decoit-strasbourg-assure_VN-202508180216.html\" title=\"Ligue 1 : nul spectaculaire \u00e0 Brest, le Paris FC d\u00e9\u00e7oit, Strasbourg assure !\" rel=\"nofollow noopener\" target=\"_blank\"><img class=\"lozad\"  width=\"16\" height=\"9\" alt=\"Ligue 1 : nul spectaculaire \u00e0 Brest, le Paris FC d\u00e9\u00e7oit, Strasbourg assure !\"\/>25:24Ligue 1 : nul spectaculaire \u00e0 Brest, le Paris FC d\u00e9\u00e7oit, Strasbourg assure !<\/a><a href=\"https:\/\/rmcsport.bfmtv.com\/replay-emissions\/after-foot\/video-nantes-0-1-psg-le-debrief-complet-de-l-after-foot-apres-le-service-minimum-parisien_VN-202508170259.html\" title=\"Nantes 0-1 PSG : Le d\u00e9brief complet de l\u2019After Foot apr\u00e8s le service minimum parisien\" rel=\"nofollow noopener\" target=\"_blank\"><img class=\"lozad\"  width=\"16\" height=\"9\" alt=\"Nantes 0-1 PSG : Le d\u00e9brief complet de l\u2019After Foot apr\u00e8s le service minimum parisien\"\/>35:41Nantes 0-1 PSG : Le d\u00e9brief complet de l\u2019After Foot apr\u00e8s le service minimum parisien<\/a><a href=\"https:\/\/rmcsport.bfmtv.com\/football\/ligue-1\/video-nantes-0-1-psg-j1-le-feeling-avec-le-ballon-c-est-la-cle-luis-enrique-en-mode-rodage_VN-202508170258.html\" title=\"Nantes 0-1 PSG (J1) : &quot;Le feeling avec le ballon... c&#039;est la cl\u00e9&quot;, Luis Enrique sait sont \u00e9quipe en rodage\" rel=\"nofollow noopener\" target=\"_blank\"><img class=\"lozad\"  width=\"16\" height=\"9\" alt=\"Nantes 0-1 PSG (J1) : &quot;Le feeling avec le ballon... c'est la cl\u00e9&quot;, Luis Enrique sait sont \u00e9quipe en rodage\"\/>0:59Nantes 0-1 PSG (J1) : \u00ab\u00a0Le feeling avec le ballon&#8230; c&rsquo;est la cl\u00e9\u00a0\u00bb, Luis Enrique sait sont \u00e9quipe en rodage<\/a><a href=\"https:\/\/rmcsport.bfmtv.com\/football\/ligue-1\/video-nantes-0-1-psg-depart-poussif-de-paris-en-ligue-1-les-comms-rmc_VN-202508170254.html\" title=\"Nantes 0-1 PSG : D\u00e9part poussif de Paris en Ligue 1\u2026 les comms\u2019 RMC\" rel=\"nofollow noopener\" target=\"_blank\"><img class=\"lozad\"  width=\"16\" height=\"9\" alt=\"Nantes 0-1 PSG : D\u00e9part poussif de Paris en Ligue 1\u2026 les comms\u2019 RMC\"\/>2:12Nantes 0-1 PSG : D\u00e9part poussif de Paris en Ligue 1\u2026 les comms\u2019 RMC<\/a><a class=\"jumpToVideo\" target=\"_blank\"><img class=\"thumbnailPreview\"\/><\/a><\/p>\n","protected":false},"excerpt":{"rendered":"Rennes : \u00ab\u00a0Je ne comprends pas le bashing autour de Beye\u00a0\u00bb regrette Acherchour Sur le m\u00eame sujeten lectureRennes&hellip;\n","protected":false},"author":2,"featured_media":328781,"comment_status":"","ping_status":"","sticky":false,"template":"","format":"standard","meta":{"footnotes":""},"categories":[2821],"tags":[1111,11,829,1777,674,1011,27,12,584,25],"class_list":{"0":"post-328780","1":"post","2":"type-post","3":"status-publish","4":"format-standard","5":"has-post-thumbnail","7":"category-rennes","8":"tag-actu","9":"tag-actualites","10":"tag-bretagne","11":"tag-eu","12":"tag-europe","13":"tag-fr","14":"tag-france","15":"tag-news","16":"tag-rennes","17":"tag-republique-francaise"},"share_on_mastodon":{"url":"https:\/\/pubeurope.com\/@fr\/115054203602023915","error":""},"_links":{"self":[{"href":"https:\/\/www.europesays.com\/fr\/wp-json\/wp\/v2\/posts\/328780","targetHints":{"allow":["GET"]}}],"collection":[{"href":"https:\/\/www.europesays.com\/fr\/wp-json\/wp\/v2\/posts"}],"about":[{"href":"https:\/\/www.europesays.com\/fr\/wp-json\/wp\/v2\/types\/post"}],"author":[{"embeddable":true,"href":"https:\/\/www.europesays.com\/fr\/wp-json\/wp\/v2\/users\/2"}],"replies":[{"embeddable":true,"href":"https:\/\/www.europesays.com\/fr\/wp-json\/wp\/v2\/comments?post=328780"}],"version-history":[{"count":0,"href":"https:\/\/www.europesays.com\/fr\/wp-json\/wp\/v2\/posts\/328780\/revisions"}],"wp:featuredmedia":[{"embeddable":true,"href":"https:\/\/www.europesays.com\/fr\/wp-json\/wp\/v2\/media\/328781"}],"wp:attachment":[{"href":"https:\/\/www.europesays.com\/fr\/wp-json\/wp\/v2\/media?parent=328780"}],"wp:term":[{"taxonomy":"category","embeddable":true,"href":"https:\/\/www.europesays.com\/fr\/wp-json\/wp\/v2\/categories?post=328780"},{"taxonomy":"post_tag","embeddable":true,"href":"https:\/\/www.europesays.com\/fr\/wp-json\/wp\/v2\/tags?post=328780"}],"curies":[{"name":"wp","href":"https:\/\/api.w.org\/{rel}","templated":true}]}}