{"id":328785,"date":"2025-08-19T07:18:11","date_gmt":"2025-08-19T07:18:11","guid":{"rendered":"https:\/\/www.europesays.com\/fr\/328785\/"},"modified":"2025-08-19T07:18:11","modified_gmt":"2025-08-19T07:18:11","slug":"allocation-de-rentree-scolaire-ce-qui-attend-les-familles-nicoises","status":"publish","type":"post","link":"https:\/\/www.europesays.com\/fr\/328785\/","title":{"rendered":"Allocation de rentr\u00e9e scolaire : ce qui attend les familles ni\u00e7oises"},"content":{"rendered":"<p><strong>Ce mardi 19 ao\u00fbt, la Caisse d\u2019allocations familiales versera l\u2019Allocation de rentr\u00e9e scolaire (ARS). \u00c0 Nice, elle concernera plusieurs milliers de foyers. En parall\u00e8le, la municipalit\u00e9 distribue \u00e0 chaque \u00e9l\u00e8ve des \u00e9coles \u00e9l\u00e9mentaires un kit de fournitures.<\/strong><\/p>\n<p>\u00c0 partir de ce <strong>mardi 19 ao\u00fbt<\/strong> <strong>2025<\/strong>, trois millions de familles recevront<strong> l\u2019Allocation de rentr\u00e9e scolaire<\/strong>. \u00c0 Nice, comme ailleurs en m\u00e9tropole, le versement est assur\u00e9 par la <strong><a href=\"https:\/\/www.caf.fr\/\" data-type=\"link\" data-id=\"https:\/\/www.caf.fr\/\" target=\"_blank\" rel=\"noreferrer noopener nofollow\">Caisse d\u2019allocations familiales<\/a><\/strong>. L\u2019aide vise les foyers avec au moins un enfant scolaris\u00e9 entre 6 et 18 ans, sous conditions de ressources.<\/p>\n<p><strong>Le montant est calcul\u00e9 selon l\u2019\u00e2ge de l\u2019enfant<\/strong>. Pour <a href=\"https:\/\/www.nicepremium.fr\/actualite\/nice\/nice-va-bien-ouvrir-sa-premiere-faculte-de-pharmacie-a-la-rentree-2025\/\" target=\"_blank\" data-type=\"link\" data-id=\"https:\/\/www.nicepremium.fr\/actualite\/nice\/nice-va-bien-ouvrir-sa-premiere-faculte-de-pharmacie-a-la-rentree-2025\/\" rel=\"noreferrer noopener nofollow\">la rentr\u00e9e 2025<\/a>, il est de 423,48 euros pour les 6-10 ans, 446,85 euros pour les 11-14 ans et 462,33 euros pour les 15-18 ans. Les plafonds de revenus d\u00e9pendent du nombre d\u2019enfants \u00e0 charge. Pour un seul,<strong> les ressources<\/strong> ne doivent pas d\u00e9passer 28 444 euros. Pour deux, le plafond monte \u00e0 35 008 euros. Chaque enfant suppl\u00e9mentaire augmente la limite.<\/p>\n<p><strong>Le versement se fait automatiquement pour les 6-15 ans<\/strong>, si les conditions sont r\u00e9unies. Pour les 16-18 ans, les parents doivent confirmer que leur enfant poursuit sa scolarit\u00e9 ou son apprentissage.<\/p>\n<p>Cette aide est attendue par de nombreuses familles. Les fournitures repr\u00e9sentent <strong>une d\u00e9pense importante<\/strong>, en particulier avec plusieurs enfants. Selon l\u2019UFC-Que Choisir, leur prix <strong>a progress\u00e9 de 2 % en juillet 2025<\/strong> par rapport \u00e0 l\u2019ann\u00e9e pr\u00e9c\u00e9dente. \u00c0 l\u2019inverse, une \u00e9tude<strong> Nielsen IQ<\/strong> constate une baisse des prix en grandes surfaces et magasins sp\u00e9cialis\u00e9s. Dans les faits, les \u00e9carts de tarifs varient d\u2019un point de vente \u00e0 l\u2019autre.<\/p>\n<p><strong>Des kits scolaires pour chaque \u00e9l\u00e8ve ni\u00e7ois<\/strong><\/p>\n<p>Au-del\u00e0 de cette aide nationale, la ville de Nice apporte un soutien direct aux familles. Chaque \u00e9l\u00e8ve inscrit dans une \u00e9cole \u00e9l\u00e9mentaire publique ou priv\u00e9e sous contrat d\u2019association avec l\u2019\u00c9tat recevra <strong>un kit de fournitures<\/strong>.<\/p>\n<p>\u00ab Nous savons combien les fournitures scolaires de rentr\u00e9e peuvent peser sur le pouvoir d\u2019achat des familles ni\u00e7oises, en particulier quand on a plusieurs enfants. Ainsi, avec la ville de Nice, nous avons souhait\u00e9 apporter un soutien aux m\u00e9nages pour faire face \u00e0 ces d\u00e9penses de rentr\u00e9e avec la distribution de ces kits \u00bb, pr\u00e9cise la municipalit\u00e9.<\/p>\n<p>Le contenu est identique pour tous les enfants, \u00e9labor\u00e9 selon les recommandations de l\u2019\u00c9ducation nationale. <strong>Chaque kit comprend <\/strong>diverses fournitures comme, un sac \u00e0 dos en toile, une r\u00e8gle, trois stylos, deux crayons gris HB, une gomme, un taille-crayon, deux b\u00e2tons de colle, un \u00e9tui de crayons de couleur, un \u00e9tui de feutres de couleur, une ardoise effa\u00e7able et deux feutres pour ardoise. Cette distribution a d\u00e9but\u00e9 au mois de juin dans les diff\u00e9rents \u00e9tablissements scolaires de la municipalit\u00e9. Elle vise \u00e0 <strong>all\u00e9ger les d\u00e9penses de base<\/strong>. Les familles restent libres de compl\u00e9ter la liste en fonction des demandes sp\u00e9cifiques de chaque enseignant.<\/p>\n<p><strong>Une rentr\u00e9e sous tension budg\u00e9taire<\/strong><\/p>\n<p>L\u2019allocation et la distribution de kits s\u2019inscrivent dans un contexte o\u00f9 <a href=\"https:\/\/www.nicepremium.fr\/actualite\/la-face06-fait-le-point-sur-le-cout-de-la-rentree-etudiante\/\" target=\"_blank\" data-type=\"link\" data-id=\"https:\/\/www.nicepremium.fr\/actualite\/la-face06-fait-le-point-sur-le-cout-de-la-rentree-etudiante\/\" rel=\"noreferrer noopener nofollow\">la rentr\u00e9e p\u00e8se sur les budgets<\/a>. Outre les fournitures, les familles doivent pr\u00e9voir les frais li\u00e9s aux activit\u00e9s scolaires et p\u00e9riscolaires, aux transports ou encore aux v\u00eatements.<\/p>\n<p><strong>L\u2019ARS n\u2019est pas vers\u00e9e \u00e0 tous<\/strong>. Certains foyers dont les revenus d\u00e9passent l\u00e9g\u00e8rement les plafonds peuvent n\u00e9anmoins pr\u00e9tendre \u00e0 une allocation dite diff\u00e9rentielle. Elle est calcul\u00e9e si les ressources restent inf\u00e9rieures au plafond major\u00e9 du montant de l\u2019aide. Par exemple, une famille avec deux enfants de 8 et 11 ans doit avoir des revenus inf\u00e9rieurs \u00e0 35 878,33 euros pour y avoir droit.<\/p>\n<p>Dans le cas particulier d\u2019un enfant plac\u00e9 \u00e0 l\u2019aide sociale \u00e0 l\u2019enfance, l\u2019allocation est bloqu\u00e9e sur un compte g\u00e9r\u00e9 par la Caisse des d\u00e9p\u00f4ts. L\u2019enfant peut y acc\u00e9der \u00e0 sa majorit\u00e9.<\/p>\n<p>Au total, l\u2019ARS concerne chaque ann\u00e9e <strong>plus de cinq millions d\u2019\u00e9l\u00e8ves en France<\/strong>. \u00c0 Nice, l\u2019enjeu est double : permettre aux familles de financer la rentr\u00e9e et assurer une \u00e9galit\u00e9 d\u2019acc\u00e8s aux fournitures de base gr\u00e2ce aux kits distribu\u00e9s par la municipalit\u00e9.<\/p>\n","protected":false},"excerpt":{"rendered":"Ce mardi 19 ao\u00fbt, la Caisse d\u2019allocations familiales versera l\u2019Allocation de rentr\u00e9e scolaire (ARS). \u00c0 Nice, elle concernera&hellip;\n","protected":false},"author":2,"featured_media":328786,"comment_status":"","ping_status":"","sticky":false,"template":"","format":"standard","meta":{"footnotes":""},"categories":[2819],"tags":[1111,11,1777,674,1011,27,12,2401,882,25],"class_list":{"0":"post-328785","1":"post","2":"type-post","3":"status-publish","4":"format-standard","5":"has-post-thumbnail","7":"category-nice","8":"tag-actu","9":"tag-actualites","10":"tag-eu","11":"tag-europe","12":"tag-fr","13":"tag-france","14":"tag-news","15":"tag-nice","16":"tag-provence-alpes-cote-dazur","17":"tag-republique-francaise"},"share_on_mastodon":{"url":"https:\/\/pubeurope.com\/@fr\/115054215502125688","error":""},"_links":{"self":[{"href":"https:\/\/www.europesays.com\/fr\/wp-json\/wp\/v2\/posts\/328785","targetHints":{"allow":["GET"]}}],"collection":[{"href":"https:\/\/www.europesays.com\/fr\/wp-json\/wp\/v2\/posts"}],"about":[{"href":"https:\/\/www.europesays.com\/fr\/wp-json\/wp\/v2\/types\/post"}],"author":[{"embeddable":true,"href":"https:\/\/www.europesays.com\/fr\/wp-json\/wp\/v2\/users\/2"}],"replies":[{"embeddable":true,"href":"https:\/\/www.europesays.com\/fr\/wp-json\/wp\/v2\/comments?post=328785"}],"version-history":[{"count":0,"href":"https:\/\/www.europesays.com\/fr\/wp-json\/wp\/v2\/posts\/328785\/revisions"}],"wp:featuredmedia":[{"embeddable":true,"href":"https:\/\/www.europesays.com\/fr\/wp-json\/wp\/v2\/media\/328786"}],"wp:attachment":[{"href":"https:\/\/www.europesays.com\/fr\/wp-json\/wp\/v2\/media?parent=328785"}],"wp:term":[{"taxonomy":"category","embeddable":true,"href":"https:\/\/www.europesays.com\/fr\/wp-json\/wp\/v2\/categories?post=328785"},{"taxonomy":"post_tag","embeddable":true,"href":"https:\/\/www.europesays.com\/fr\/wp-json\/wp\/v2\/tags?post=328785"}],"curies":[{"name":"wp","href":"https:\/\/api.w.org\/{rel}","templated":true}]}}