{"id":328787,"date":"2025-08-19T07:19:09","date_gmt":"2025-08-19T07:19:09","guid":{"rendered":"https:\/\/www.europesays.com\/fr\/328787\/"},"modified":"2025-08-19T07:19:09","modified_gmt":"2025-08-19T07:19:09","slug":"meteo-a-nice-fin-de-la-canicule-des-orages-annonces-dans-les-alpes-maritimes","status":"publish","type":"post","link":"https:\/\/www.europesays.com\/fr\/328787\/","title":{"rendered":"M\u00e9t\u00e9o \u00e0 Nice. Fin de la canicule, des orages annonc\u00e9s dans les Alpes-Maritimes"},"content":{"rendered":"<p>            Par<br \/>\n        <strong><br \/>\n            <a href=\"https:\/\/actu.fr\/auteur\/ugo-maillard\" title=\"Consulter tous les articles de Ugo Maillard\" target=\"_blank\" rel=\"noopener\">Ugo Maillard<\/a><br \/>\n        <\/strong><\/p>\n<p>        Publi\u00e9 le<\/p>\n<p>            19 ao\u00fbt 2025 \u00e0 9h12        <\/p>\n<p>Une journ\u00e9e agit\u00e9e dans le ciel de la C\u00f4te d\u2019Azur. Les pr\u00e9visions m\u00e9t\u00e9orologiques du mardi 19\u00a0ao\u00fbt 2025 devraient ravir les habitants de <a href=\"https:\/\/actu.fr\/nice\/\" target=\"_blank\" rel=\"noopener\">Nice<\/a> et des <a href=\"https:\/\/actu.fr\/provence-alpes-cote-d-azur\/alpes-maritimes_06\" target=\"_blank\" rel=\"noopener\">Alpes-Maritimes<\/a> puisque la <strong>fin de la canicule<\/strong> et bel et bien amorc\u00e9e.<\/p>\n<p class=\" wall-content\">Les donn\u00e9es de <a href=\"https:\/\/actu.fr\/tag\/meteo-france\" target=\"_blank\" rel=\"noopener\">M\u00e9t\u00e9o France<\/a> indiquent que la maximale du jour sera de <strong>28\u00b0C \u00e0 Nice<\/strong> et de 33\u00b0C dans le d\u00e9partement. Des valeurs largement inf\u00e9rieures \u00e0 celles atteintes durant les <a href=\"https:\/\/actu.fr\/provence-alpes-cote-d-azur\/nice_06088\/canicule-a-nice-pourquoi-la-temperature-ne-va-presque-pas-baisser-la-nuit_63022928.html\" target=\"_blank\" rel=\"noopener\">sept derniers jours<\/a>.<\/p>\n<p class=\" wall-content\">Ce retour aux normales de saison va \u00eatre accompagn\u00e9 <a href=\"https:\/\/actu.fr\/tag\/pluie\" target=\"_blank\" rel=\"noopener\">d\u2019averses<\/a> et <a href=\"https:\/\/actu.fr\/tag\/orages\" target=\"_blank\" rel=\"noopener\">d\u2019orages<\/a>. Voici les pr\u00e9visions pour les prochaines heures.<\/p>\n<p>Des averses \u00e0 Nice<\/p>\n<p class=\" wall-content\">La pluie devrait faire son retour dans le ciel ni\u00e7ois lors de cette apr\u00e8s-midi de mardi. Les donn\u00e9es des instituts m\u00e9t\u00e9orologiques pr\u00e9cisent que seules de <strong>faibles averses<\/strong> sont attendues sur la ville.<\/p>\n<p class=\" wall-content\">Une accalmie est annonc\u00e9e en d\u00e9but de soir\u00e9e. \u00c0 noter que des rafales de vent pouvant atteindre les <strong>40\u00a0km\/h<\/strong> sont attendues.<\/p>\n<p>Des orages sur le d\u00e9partement<\/p>\n<p class=\" wall-content\">M\u00e9t\u00e9o France place le d\u00e9partement des <a href=\"https:\/\/actu.fr\/provence-alpes-cote-d-azur\/alpes-maritimes_06\" target=\"_blank\" rel=\"noopener\">Alpes-Maritimes<\/a> en vigilance jaune aux orages <strong>\u00e0 partir de 12h<\/strong> ce mardi.<\/p>\n<p class=\" wall-content\">Les \u00e9clairs sont attendus d\u00e8s les premi\u00e8res du mardi 19\u00a0ao\u00fbt dans le nord du d\u00e9partement. Les orages vont se g\u00e9n\u00e9raliser sur le territoire lors de l\u2019apr\u00e8s-midi et seront accompagn\u00e9s d\u2019averse.<\/p>\n<p>Votre r\u00e9gion, votre actu !<\/p>\n<p>Recevez chaque jour les infos qui comptent pour vous.<\/p>\n<p>\t<a href=\"https:\/\/actu.fr\/newsletter\" class=\"ac-btn ac-btn--corner ac-btn--medium ac-btn--blue800\" target=\"_blank\" rel=\"noopener\">S&rsquo;incrire<\/a><\/p>\n<p class=\" wall-content\">Seul le littoral sera \u00e9pargn\u00e9 par les orages.<\/p>\n<p class=\" wall-content\">Personnalisez votre actualit\u00e9 en ajoutant vos villes et m\u00e9dias en favori avec <a href=\"https:\/\/moncompte.actu.fr\" title=\"D\u00e9couvez Mon Actu\" rel=\"nofollow noopener\" data-trk=\"{&quot;cta&quot;:{&quot;action&quot;:&quot;https:\\\/\\\/moncompte.actu.fr&quot;,&quot;category&quot;:&quot;mon compte&quot;,&quot;from&quot;:&quot;article footer&quot;,&quot;name&quot;:&quot;Mon actu&quot;,&quot;type&quot;:&quot;cta&quot;}}\" target=\"_blank\">Mon Actu<\/a>.<\/p>\n","protected":false},"excerpt":{"rendered":"Par Ugo Maillard Publi\u00e9 le 19 ao\u00fbt 2025 \u00e0 9h12 Une journ\u00e9e agit\u00e9e dans le ciel de la&hellip;\n","protected":false},"author":2,"featured_media":328788,"comment_status":"","ping_status":"","sticky":false,"template":"","format":"standard","meta":{"footnotes":""},"categories":[2819],"tags":[1111,11,6698,1777,674,1011,27,2487,2357,12,2401,4594,882,25],"class_list":{"0":"post-328787","1":"post","2":"type-post","3":"status-publish","4":"format-standard","5":"has-post-thumbnail","7":"category-nice","8":"tag-actu","9":"tag-actualites","10":"tag-canicule","11":"tag-eu","12":"tag-europe","13":"tag-fr","14":"tag-france","15":"tag-meteo","16":"tag-meteo-france","17":"tag-news","18":"tag-nice","19":"tag-orages","20":"tag-provence-alpes-cote-dazur","21":"tag-republique-francaise"},"share_on_mastodon":{"url":"https:\/\/pubeurope.com\/@fr\/115054219445806769","error":""},"_links":{"self":[{"href":"https:\/\/www.europesays.com\/fr\/wp-json\/wp\/v2\/posts\/328787","targetHints":{"allow":["GET"]}}],"collection":[{"href":"https:\/\/www.europesays.com\/fr\/wp-json\/wp\/v2\/posts"}],"about":[{"href":"https:\/\/www.europesays.com\/fr\/wp-json\/wp\/v2\/types\/post"}],"author":[{"embeddable":true,"href":"https:\/\/www.europesays.com\/fr\/wp-json\/wp\/v2\/users\/2"}],"replies":[{"embeddable":true,"href":"https:\/\/www.europesays.com\/fr\/wp-json\/wp\/v2\/comments?post=328787"}],"version-history":[{"count":0,"href":"https:\/\/www.europesays.com\/fr\/wp-json\/wp\/v2\/posts\/328787\/revisions"}],"wp:featuredmedia":[{"embeddable":true,"href":"https:\/\/www.europesays.com\/fr\/wp-json\/wp\/v2\/media\/328788"}],"wp:attachment":[{"href":"https:\/\/www.europesays.com\/fr\/wp-json\/wp\/v2\/media?parent=328787"}],"wp:term":[{"taxonomy":"category","embeddable":true,"href":"https:\/\/www.europesays.com\/fr\/wp-json\/wp\/v2\/categories?post=328787"},{"taxonomy":"post_tag","embeddable":true,"href":"https:\/\/www.europesays.com\/fr\/wp-json\/wp\/v2\/tags?post=328787"}],"curies":[{"name":"wp","href":"https:\/\/api.w.org\/{rel}","templated":true}]}}